{"id":8261,"date":"2026-06-08T10:36:08","date_gmt":"2026-06-08T08:36:08","guid":{"rendered":"https:\/\/agora.xtec.cat\/ceip-montpalau-pineda\/?p=8261"},"modified":"2026-06-08T10:58:03","modified_gmt":"2026-06-08T08:58:03","slug":"vaga-general-09-06-2026","status":"publish","type":"post","link":"https:\/\/agora.xtec.cat\/ceip-montpalau-pineda\/general\/vaga-general-09-06-2026\/","title":{"rendered":"VAGA GENERAL &#8211; 09\/06\/2026"},"content":{"rendered":"\n<p><\/p>\n\n\n\n<p><\/p>\n\n\n<figure class=\"wp-block-post-featured-image\"><img loading=\"lazy\" decoding=\"async\" width=\"919\" height=\"630\" src=\"https:\/\/agora.xtec.cat\/ceip-montpalau-pineda\/wp-content\/uploads\/usu1776\/2026\/06\/Captura-de-pantalla-2026-06-08-103013.png\" class=\"attachment-post-thumbnail size-post-thumbnail wp-post-image\" alt=\"\" style=\"object-fit:cover;\" srcset=\"https:\/\/agora.xtec.cat\/ceip-montpalau-pineda\/wp-content\/uploads\/usu1776\/2026\/06\/Captura-de-pantalla-2026-06-08-103013.png 919w, https:\/\/agora.xtec.cat\/ceip-montpalau-pineda\/wp-content\/uploads\/usu1776\/2026\/06\/Captura-de-pantalla-2026-06-08-103013-300x206.png 300w, https:\/\/agora.xtec.cat\/ceip-montpalau-pineda\/wp-content\/uploads\/usu1776\/2026\/06\/Captura-de-pantalla-2026-06-08-103013-768x526.png 768w\" sizes=\"auto, (max-width: 919px) 100vw, 919px\" \/><\/figure>\n\n\n<p><\/p>\n\n\n\n<p>Benvolgudes fam\u00edlies,\u00a0<\/p>\n\n\n\n<p>Us\u00a0informem que l\u2019organitzaci\u00f3 sindical Confederaci\u00f3n General del Trabajo (CGT) i l&#8217;USTEC, han convocat una\u00a0jornada de vaga\u00a0per dem\u00e0:\u00a0<\/p>\n\n\n\n<ul class=\"wp-block-list\">\n<li><strong><u>9 de juny de 2026<\/u><\/strong><\/li>\n<\/ul>\n\n\n\n<ul class=\"wp-block-list\">\n<li>Per una durada:&nbsp; &nbsp;00:01 a 23:59 hores&nbsp;&nbsp;&nbsp;<\/li>\n\n\n\n<li>Que hi estan convocats els seg\u00fcents col\u00b7lectius: personal docent (funcionari i inter\u00ed), al personal laboral i laboral docent, aix\u00ed com a tot el personal que presta serveis als centres educatius p\u00fablics del Departament d\u2019Educaci\u00f3 i Formaci\u00f3 Professional.&nbsp;<\/li>\n<\/ul>\n\n\n\n<p>Us&nbsp;informem que&nbsp;es&nbsp;garantiran els&nbsp;<strong>serveis m\u00ednims<\/strong>&nbsp;que estableix l&#8217;ordre corresponent del Departament de Treball, Afers Socials i&nbsp;Fam\u00edlies (1 docent per cada 3 aules)<\/p>\n\n\n\n<p>Aix\u00ed mateix, la programaci\u00f3 general del centre&nbsp;es&nbsp;podr\u00e0 veure afectada, i la direcci\u00f3 adoptar\u00e0 les mesures organitzatives que consideri oportunes.<\/p>\n\n\n\n<p><\/p>\n","protected":false},"excerpt":{"rendered":"<p>Benvolgudes fam\u00edlies,\u00a0 Us\u00a0informem que l\u2019organitzaci\u00f3 sindical Confederaci\u00f3n General del Trabajo (CGT) i l&#8217;USTEC, han convocat una\u00a0jornada de vaga\u00a0per dem\u00e0:\u00a0 Us&nbsp;informem que&nbsp;es&nbsp;garantiran els&nbsp;serveis m\u00ednims&nbsp;que estableix l&#8217;ordre corresponent del Departament de Treball, Afers Socials i&nbsp;Fam\u00edlies (1 docent per cada 3 aules) Aix\u00ed mateix, la programaci\u00f3 general del centre&nbsp;es&nbsp;podr\u00e0 veure afectada, i la direcci\u00f3 adoptar\u00e0 les mesures organitzatives [&hellip;]<\/p>\n","protected":false},"author":7,"featured_media":8263,"comment_status":"open","ping_status":"open","sticky":false,"template":"","format":"standard","meta":{"_bbp_topic_count":0,"_bbp_reply_count":0,"_bbp_total_topic_count":0,"_bbp_total_reply_count":0,"_bbp_voice_count":0,"_bbp_anonymous_reply_count":0,"_bbp_topic_count_hidden":0,"_bbp_reply_count_hidden":0,"_bbp_forum_subforum_count":0,"site-sidebar-layout":"default","site-content-layout":"","ast-site-content-layout":"default","site-content-style":"default","site-sidebar-style":"default","ast-global-header-display":"","ast-banner-title-visibility":"","ast-main-header-display":"","ast-hfb-above-header-display":"","ast-hfb-below-header-display":"","ast-hfb-mobile-header-display":"","site-post-title":"","ast-breadcrumbs-content":"","ast-featured-img":"","footer-sml-layout":"","theme-transparent-header-meta":"","adv-header-id-meta":"","stick-header-meta":"","header-above-stick-meta":"","header-main-stick-meta":"","header-below-stick-meta":"","astra-migrate-meta-layouts":"set","ast-page-background-enabled":"default","ast-page-background-meta":{"desktop":{"background-color":"var(--ast-global-color-4)","background-image":"","background-repeat":"repeat","background-position":"center center","background-size":"auto","background-attachment":"scroll","background-type":"","background-media":"","overlay-type":"","overlay-color":"","overlay-opacity":"","overlay-gradient":""},"tablet":{"background-color":"","background-image":"","background-repeat":"repeat","background-position":"center center","background-size":"auto","background-attachment":"scroll","background-type":"","background-media":"","overlay-type":"","overlay-color":"","overlay-opacity":"","overlay-gradient":""},"mobile":{"background-color":"","background-image":"","background-repeat":"repeat","background-position":"center center","background-size":"auto","background-attachment":"scroll","background-type":"","background-media":"","overlay-type":"","overlay-color":"","overlay-opacity":"","overlay-gradient":""}},"ast-content-background-meta":{"desktop":{"background-color":"var(--ast-global-color-5)","background-image":"","background-repeat":"repeat","background-position":"center center","background-size":"auto","background-attachment":"scroll","background-type":"","background-media":"","overlay-type":"","overlay-color":"","overlay-opacity":"","overlay-gradient":""},"tablet":{"background-color":"var(--ast-global-color-5)","background-image":"","background-repeat":"repeat","background-position":"center center","background-size":"auto","background-attachment":"scroll","background-type":"","background-media":"","overlay-type":"","overlay-color":"","overlay-opacity":"","overlay-gradient":""},"mobile":{"background-color":"var(--ast-global-color-5)","background-image":"","background-repeat":"repeat","background-position":"center center","background-size":"auto","background-attachment":"scroll","background-type":"","background-media":"","overlay-type":"","overlay-color":"","overlay-opacity":"","overlay-gradient":""}},"footnotes":""},"categories":[1,4],"tags":[],"class_list":["post-8261","post","type-post","status-publish","format-standard","has-post-thumbnail","hentry","category-general","category-portada"],"post_mailing_queue_ids":[],"_links":{"self":[{"href":"https:\/\/agora.xtec.cat\/ceip-montpalau-pineda\/wp-json\/wp\/v2\/posts\/8261","targetHints":{"allow":["GET"]}}],"collection":[{"href":"https:\/\/agora.xtec.cat\/ceip-montpalau-pineda\/wp-json\/wp\/v2\/posts"}],"about":[{"href":"https:\/\/agora.xtec.cat\/ceip-montpalau-pineda\/wp-json\/wp\/v2\/types\/post"}],"author":[{"embeddable":true,"href":"https:\/\/agora.xtec.cat\/ceip-montpalau-pineda\/wp-json\/wp\/v2\/users\/7"}],"replies":[{"embeddable":true,"href":"https:\/\/agora.xtec.cat\/ceip-montpalau-pineda\/wp-json\/wp\/v2\/comments?post=8261"}],"version-history":[{"count":2,"href":"https:\/\/agora.xtec.cat\/ceip-montpalau-pineda\/wp-json\/wp\/v2\/posts\/8261\/revisions"}],"predecessor-version":[{"id":8268,"href":"https:\/\/agora.xtec.cat\/ceip-montpalau-pineda\/wp-json\/wp\/v2\/posts\/8261\/revisions\/8268"}],"wp:featuredmedia":[{"embeddable":true,"href":"https:\/\/agora.xtec.cat\/ceip-montpalau-pineda\/wp-json\/wp\/v2\/media\/8263"}],"wp:attachment":[{"href":"https:\/\/agora.xtec.cat\/ceip-montpalau-pineda\/wp-json\/wp\/v2\/media?parent=8261"}],"wp:term":[{"taxonomy":"category","embeddable":true,"href":"https:\/\/agora.xtec.cat\/ceip-montpalau-pineda\/wp-json\/wp\/v2\/categories?post=8261"},{"taxonomy":"post_tag","embeddable":true,"href":"https:\/\/agora.xtec.cat\/ceip-montpalau-pineda\/wp-json\/wp\/v2\/tags?post=8261"}],"curies":[{"name":"wp","href":"https:\/\/api.w.org\/{rel}","templated":true}]}}