{"id":977,"date":"2015-11-11T12:43:41","date_gmt":"2015-11-11T11:43:41","guid":{"rendered":"http:\/\/agora.xtec.cat\/ceip-molidevent\/?p=977"},"modified":"2016-09-01T10:59:34","modified_gmt":"2016-09-01T09:59:34","slug":"la-castanyada-de-cicle-mitja","status":"publish","type":"post","link":"https:\/\/agora.xtec.cat\/ceip-molidevent\/general\/la-castanyada-de-cicle-mitja\/","title":{"rendered":"La castanyada de cicle mitj\u00e0"},"content":{"rendered":"<p>Els i les alumnes de Cicle Mitj\u00e0 per celebrar la Castanyada, dijous al mat\u00ed, vam elaborar panellets.<a href=\"http:\/\/agora.xtec.cat\/ceip-molidevent\/wp-content\/uploads\/usu1187\/2015\/11\/IMG_1888.jpg\"><img loading=\"lazy\" decoding=\"async\" class=\"alignnone size-large wp-image-978\" src=\"http:\/\/agora.xtec.cat\/ceip-molidevent\/wp-content\/uploads\/usu1187\/2015\/11\/IMG_1888-1024x765.jpg\" alt=\"IMG_1888\" width=\"1024\" height=\"765\" srcset=\"https:\/\/agora.xtec.cat\/ceip-molidevent\/wp-content\/uploads\/usu1187\/2015\/11\/IMG_1888-1024x765.jpg 1024w, https:\/\/agora.xtec.cat\/ceip-molidevent\/wp-content\/uploads\/usu1187\/2015\/11\/IMG_1888-300x224.jpg 300w, https:\/\/agora.xtec.cat\/ceip-molidevent\/wp-content\/uploads\/usu1187\/2015\/11\/IMG_1888-200x150.jpg 200w\" sizes=\"auto, (max-width: 1024px) 100vw, 1024px\" \/><\/a><\/p>\n<p>El divendres a la tarda, vam celebrar una Castanyada d&#8217;estrena, tot passant pel photocall per fer-nos fotos disfressats de castanyers o castanyeres.<\/p>\n<p><a href=\"http:\/\/agora.xtec.cat\/ceip-molidevent\/wp-content\/uploads\/usu1187\/2015\/11\/IMG_5582petita.jpg\"><img loading=\"lazy\" decoding=\"async\" class=\"alignnone size-full wp-image-986\" src=\"http:\/\/agora.xtec.cat\/ceip-molidevent\/wp-content\/uploads\/usu1187\/2015\/11\/IMG_5582petita.jpg\" alt=\"IMG_5582petita\" width=\"980\" height=\"735\" srcset=\"https:\/\/agora.xtec.cat\/ceip-molidevent\/wp-content\/uploads\/usu1187\/2015\/11\/IMG_5582petita.jpg 980w, https:\/\/agora.xtec.cat\/ceip-molidevent\/wp-content\/uploads\/usu1187\/2015\/11\/IMG_5582petita-300x225.jpg 300w, https:\/\/agora.xtec.cat\/ceip-molidevent\/wp-content\/uploads\/usu1187\/2015\/11\/IMG_5582petita-200x150.jpg 200w\" sizes=\"auto, (max-width: 980px) 100vw, 980px\" \/><\/a><\/p>\n<p>I per acabar, al pati vam menjar castanyes i panellets.<\/p>\n<p>Agra\u00efm, la col\u00b7laboraci\u00f3 de l &#8216;AMPA en la preparaci\u00f3 del photocall i a les castanyeres per coure i repartir les castanyes.<\/p>\n<p>&nbsp;<\/p>\n<p>&nbsp;<\/p>\n","protected":false},"excerpt":{"rendered":"<p>Els i les alumnes de Cicle Mitj\u00e0 per celebrar la Castanyada, dijous al mat\u00ed, vam elaborar panellets.<a href=\"http:\/\/agora.xtec.cat\/ceip-molidevent\/wp-content\/uploads\/usu1187\/2015\/11\/IMG_1888.jpg\"><\/a><br \/>\nEl divendres a la tarda, vam celebrar una Castanyada d&#8217;estrena, tot passant pel photocall per fer-nos fotos disfressats de castanyers o castanyeres.<br \/>\n<a href=\"http:\/\/agora.xtec.cat\/ceip-molidevent\/wp-content\/uploads\/usu1187\/2015\/11\/IMG_5582petita.jpg\"><\/a><br \/>\nI per acabar, al pati vam&hellip;  <a href=\"https:\/\/agora.xtec.cat\/ceip-molidevent\/general\/la-castanyada-de-cicle-mitja\/\" title=\"Read La castanyada de cicle mitj\u00e0\">Llegeix m\u00e9s\u00bb<\/a><\/p>\n","protected":false},"author":1,"featured_media":0,"comment_status":"open","ping_status":"open","sticky":false,"template":"","format":"standard","meta":{"_bbp_topic_count":0,"_bbp_reply_count":0,"_bbp_total_topic_count":0,"_bbp_total_reply_count":0,"_bbp_voice_count":0,"_bbp_anonymous_reply_count":0,"_bbp_topic_count_hidden":0,"_bbp_reply_count_hidden":0,"_bbp_forum_subforum_count":0,"footnotes":""},"categories":[66,12,13,1,5,78],"tags":[34],"class_list":["post-977","post","type-post","status-publish","format-standard","hentry","category-15-16","category-3r","category-4t","category-general","category-primaria","category-cicle-mitja","tag-cicle-mitja"],"post_mailing_queue_ids":[],"_links":{"self":[{"href":"https:\/\/agora.xtec.cat\/ceip-molidevent\/wp-json\/wp\/v2\/posts\/977","targetHints":{"allow":["GET"]}}],"collection":[{"href":"https:\/\/agora.xtec.cat\/ceip-molidevent\/wp-json\/wp\/v2\/posts"}],"about":[{"href":"https:\/\/agora.xtec.cat\/ceip-molidevent\/wp-json\/wp\/v2\/types\/post"}],"author":[{"embeddable":true,"href":"https:\/\/agora.xtec.cat\/ceip-molidevent\/wp-json\/wp\/v2\/users\/1"}],"replies":[{"embeddable":true,"href":"https:\/\/agora.xtec.cat\/ceip-molidevent\/wp-json\/wp\/v2\/comments?post=977"}],"version-history":[{"count":2,"href":"https:\/\/agora.xtec.cat\/ceip-molidevent\/wp-json\/wp\/v2\/posts\/977\/revisions"}],"predecessor-version":[{"id":995,"href":"https:\/\/agora.xtec.cat\/ceip-molidevent\/wp-json\/wp\/v2\/posts\/977\/revisions\/995"}],"wp:attachment":[{"href":"https:\/\/agora.xtec.cat\/ceip-molidevent\/wp-json\/wp\/v2\/media?parent=977"}],"wp:term":[{"taxonomy":"category","embeddable":true,"href":"https:\/\/agora.xtec.cat\/ceip-molidevent\/wp-json\/wp\/v2\/categories?post=977"},{"taxonomy":"post_tag","embeddable":true,"href":"https:\/\/agora.xtec.cat\/ceip-molidevent\/wp-json\/wp\/v2\/tags?post=977"}],"curies":[{"name":"wp","href":"https:\/\/api.w.org\/{rel}","templated":true}]}}