{"id":968,"date":"2015-11-10T21:58:41","date_gmt":"2015-11-10T20:58:41","guid":{"rendered":"http:\/\/agora.xtec.cat\/ceip-molidevent\/?p=968"},"modified":"2016-09-01T10:59:42","modified_gmt":"2016-09-01T09:59:42","slug":"la-historia","status":"publish","type":"post","link":"https:\/\/agora.xtec.cat\/ceip-molidevent\/primaria\/la-historia\/","title":{"rendered":"La hist\u00f2ria"},"content":{"rendered":"<p><img loading=\"lazy\" decoding=\"async\" class=\" alignright\" src=\"https:\/\/s-media-cache-ak0.pinimg.com\/236x\/95\/e8\/3c\/95e83cdf058a4c4b11cb13c89079c60b.jpg\" alt=\"\" width=\"116\" height=\"135\" \/><\/p>\n<p>Alumnes de 4t, aqu\u00ed teniu\u00a0dos v\u00eddeos perqu\u00e8 pugueu\u00a0repassar el que hem treballat a medi:<\/p>\n<p><a href=\"https:\/\/www.youtube.com\/watch?v=51OO5kyufSM\" target=\"_blank\">La Hist\u00f2ria<\/a><\/p>\n<p><iframe loading=\"lazy\" src=\"https:\/\/www.youtube.com\/embed\/51OO5kyufSM\" width=\"484\" height=\"484\" frameborder=\"0\" allowfullscreen=\"allowfullscreen\"><\/iframe><\/p>\n<p>&nbsp;<\/p>\n<p>Quins s\u00f3n els oficis m\u00e9s importants per con\u00e8ixer el passat?<\/p>\n<p>&nbsp;<\/p>\n<p><a href=\"http:\/\/www.edu3.cat\/Edu3tv\/Fitxa?p_id=23004\" target=\"_blank\">Prehist\u00f2ria: Neol\u00edtics a Banyoles<\/a><br \/>\n<a href=\"http:\/\/www.edu3.cat\/Edu3tv\/Fitxa?p_id=23004\"><img loading=\"lazy\" decoding=\"async\" title=\"Edu3.cat\" src=\"http:\/\/www.edu3.cat\/img\/logo_embed.png\" alt=\"Edu3.cat\" width=\"37\" height=\"39\" border=\"0\" \/> <\/a><\/p>\n<div id=\"embed\"><object id=\"rvideo\" width=\"671\" height=\"671\" classid=\"clsid:D27CDB6E-AE6D-11cf-96B8-444553540000\" codebase=\"http:\/\/fpdownload.macromedia.com\/get\/flashplayer\/current\/swflash.cab\"><param name=\"allowScriptAccess\" value=\"always\" \/><param name=\"allowFullScreen\" value=\"true\" \/><param name=\"movie\" value=\"http:\/\/www.edu3.cat\/html\/swf\/video\/video2.swf\" \/><param name=\"quality\" value=\"high\" \/><param name=\"flashvars\" value=\"url=http:\/\/www.edu3.cat\/portal\/pls\/portal\/edu3tv.flash.get_av_info?p_hash=58f9b53a12ea450ef597&amp;embed=http:\/\/www.edu3.cat\/Edu3tv\/Fitxa?p_id=23004\" \/><param name=\"bgcolor\" value=\"#000000\" \/><embed id=\"rvideo\" height=\"671\" width=\"671\" flashvars=\"url=http:\/\/www.edu3.cat\/portal\/pls\/portal\/edu3tv.flash.get_av_info?p_hash=58f9b53a12ea450ef597&amp;embed=http:\/\/www.edu3.cat\/Edu3tv\/Fitxa?p_id=23004\" movie=\"http:\/\/www.edu3.cat\/html\/swf\/video\/video2.swf\" allowfullscreen=\"allowfullscreen\" allowscriptaccess=\"always\" quality=\"high\" bgcolor=\"#000000\" name=\"rvideo\" style=\"\" src=\"http:\/\/www.edu3.cat\/html\/swf\/video\/video2.swf\" type=\"application\/x-shockwave-flash\" \/><\/object><\/div>\n<p>Aquest v\u00eddeo parla d\u2019unes coves d\u2019aqu\u00ed Catalunya, semblants a la\u00a0<span style=\"font-family: inherit; font-size: 1em; line-height: 1.6;\">Cova de Font Major que vam visitar el curs passat. A\u00a0<\/span>\u00a0veure\u00a0si esbrineu el nom\u00a0de la cova\u00a0i la seva comarca.<\/p>\n<p>I\u00a0per \u00faltim, un breu resum de les tres etapes de la prehist\u00f2ria.<\/p>\n<p><iframe loading=\"lazy\" title=\"La Eduteca - Momentos de la Historia: la Prehistoria\" width=\"500\" height=\"375\" src=\"https:\/\/www.youtube.com\/embed\/UE2y4DFuCK8?feature=oembed\" frameborder=\"0\" allow=\"accelerometer; autoplay; clipboard-write; encrypted-media; gyroscope; picture-in-picture; web-share\" referrerpolicy=\"strict-origin-when-cross-origin\" allowfullscreen><\/iframe><\/p>\n<p>Ad\u00e9u!<\/p>\n<p>&nbsp;<\/p>\n<p>&nbsp;<\/p>\n<p>&nbsp;<\/p>\n","protected":false},"excerpt":{"rendered":"<p>Alumnes de 4t, aqu\u00ed teniu\u00a0dos v\u00eddeos perqu\u00e8 pugueu\u00a0repassar el que hem treballat a medi:<br \/>\n<a href=\"https:\/\/www.youtube.com\/watch?v=51OO5kyufSM\" target=\"_blank\">La Hist\u00f2ria<\/a><\/p>\n<p>&nbsp;<br \/>\nQuins s\u00f3n els oficis m\u00e9s importants per con\u00e8ixer el passat?<br \/>\n&nbsp;<br \/>\n<a href=\"http:\/\/www.edu3.cat\/Edu3tv\/Fitxa?p_id=23004\" target=\"_blank\">Prehist\u00f2ria: Neol\u00edtics a Banyoles<\/a><br \/>\n<a href=\"http:\/\/www.edu3.cat\/Edu3tv\/Fitxa?p_id=23004\"> <\/a><\/p>\n<p>Aquest v\u00eddeo parla d\u2019unes coves d\u2019aqu\u00ed Catalunya, semblants a la\u00a0Cova de Font Major&hellip;  <a href=\"https:\/\/agora.xtec.cat\/ceip-molidevent\/primaria\/la-historia\/\" title=\"Read La hist\u00f2ria\">Llegeix m\u00e9s\u00bb<\/a><\/p>\n","protected":false},"author":1,"featured_media":0,"comment_status":"open","ping_status":"open","sticky":false,"template":"","format":"standard","meta":{"_bbp_topic_count":0,"_bbp_reply_count":0,"_bbp_total_topic_count":0,"_bbp_total_reply_count":0,"_bbp_voice_count":0,"_bbp_anonymous_reply_count":0,"_bbp_topic_count_hidden":0,"_bbp_reply_count_hidden":0,"_bbp_forum_subforum_count":0,"footnotes":""},"categories":[66,13,47,5,78],"tags":[],"class_list":["post-968","post","type-post","status-publish","format-standard","hentry","category-15-16","category-4t","category-medi","category-primaria","category-cicle-mitja"],"post_mailing_queue_ids":[],"_links":{"self":[{"href":"https:\/\/agora.xtec.cat\/ceip-molidevent\/wp-json\/wp\/v2\/posts\/968","targetHints":{"allow":["GET"]}}],"collection":[{"href":"https:\/\/agora.xtec.cat\/ceip-molidevent\/wp-json\/wp\/v2\/posts"}],"about":[{"href":"https:\/\/agora.xtec.cat\/ceip-molidevent\/wp-json\/wp\/v2\/types\/post"}],"author":[{"embeddable":true,"href":"https:\/\/agora.xtec.cat\/ceip-molidevent\/wp-json\/wp\/v2\/users\/1"}],"replies":[{"embeddable":true,"href":"https:\/\/agora.xtec.cat\/ceip-molidevent\/wp-json\/wp\/v2\/comments?post=968"}],"version-history":[{"count":3,"href":"https:\/\/agora.xtec.cat\/ceip-molidevent\/wp-json\/wp\/v2\/posts\/968\/revisions"}],"predecessor-version":[{"id":994,"href":"https:\/\/agora.xtec.cat\/ceip-molidevent\/wp-json\/wp\/v2\/posts\/968\/revisions\/994"}],"wp:attachment":[{"href":"https:\/\/agora.xtec.cat\/ceip-molidevent\/wp-json\/wp\/v2\/media?parent=968"}],"wp:term":[{"taxonomy":"category","embeddable":true,"href":"https:\/\/agora.xtec.cat\/ceip-molidevent\/wp-json\/wp\/v2\/categories?post=968"},{"taxonomy":"post_tag","embeddable":true,"href":"https:\/\/agora.xtec.cat\/ceip-molidevent\/wp-json\/wp\/v2\/tags?post=968"}],"curies":[{"name":"wp","href":"https:\/\/api.w.org\/{rel}","templated":true}]}}