{"id":903,"date":"2014-05-22T14:44:43","date_gmt":"2014-05-22T13:44:43","guid":{"rendered":"http:\/\/agora.xtec.cat\/ceip-molidevent\/?p=903"},"modified":"2015-10-22T14:49:03","modified_gmt":"2015-10-22T13:49:03","slug":"c-medi-naturals","status":"publish","type":"post","link":"https:\/\/agora.xtec.cat\/ceip-molidevent\/general\/c-medi-naturals\/","title":{"rendered":"C. Medi (naturals)"},"content":{"rendered":"<p style=\"text-align: justify;\">A tercer treballem<strong> l&#8217;esquelet<\/strong> al segon trimestre. T&#8217;animes a cantar?<\/p>\n<p style=\"text-align: justify;\"><iframe loading=\"lazy\" src=\"https:\/\/www.youtube.com\/embed\/5uujSe9g5p0\" width=\"319\" height=\"319\" frameborder=\"0\" allowfullscreen=\"allowfullscreen\"><\/iframe><\/p>\n<p style=\"text-align: justify;\">O si prefereixes fer alguna activitat, aqu\u00ed en tens un parell.<\/p>\n<p style=\"text-align: justify;\"><a href=\"http:\/\/www.edu365.cat\/primaria\/muds\/natural\/esquelet\/\" target=\"_blank\"><img loading=\"lazy\" decoding=\"async\" class=\"alignnone wp-image-359 size-medium\" src=\"http:\/\/agora.xtec.cat\/ceip-molidevent\/wp-content\/uploads\/usu1187\/2014\/09\/esquelet-edu-300x223.jpg\" alt=\"esquelet edu\" width=\"300\" height=\"223\" \/><\/a><a href=\"http:\/\/www.edu365.cat\/primaria\/muds\/natural\/esquelet2\/index4.htm\" target=\"_blank\"><img loading=\"lazy\" decoding=\"async\" class=\"alignnone wp-image-360 size-medium\" src=\"http:\/\/agora.xtec.cat\/ceip-molidevent\/wp-content\/uploads\/usu1187\/2014\/09\/esquelet-edu-fractura-300x223.jpg\" alt=\"esquelet edu fractura\" width=\"300\" height=\"223\" srcset=\"https:\/\/agora.xtec.cat\/ceip-molidevent\/wp-content\/uploads\/usu1187\/2014\/09\/esquelet-edu-fractura-300x223.jpg 300w, https:\/\/agora.xtec.cat\/ceip-molidevent\/wp-content\/uploads\/usu1187\/2014\/09\/esquelet-edu-fractura-200x150.jpg 200w, https:\/\/agora.xtec.cat\/ceip-molidevent\/wp-content\/uploads\/usu1187\/2014\/09\/esquelet-edu-fractura.jpg 763w\" sizes=\"auto, (max-width: 300px) 100vw, 300px\" \/><\/a><\/p>\n<p style=\"text-align: justify;\">O tamb\u00e9 podem repassar amb aquestos power point: <a href=\"http:\/\/agora.xtec.cat\/ceip-molidevent\/wp-content\/uploads\/usu1187\/2014\/09\/El-cos-hum\u00e0.ppt\">El cos hum\u00e0<\/a> , <a href=\"http:\/\/agora.xtec.cat\/ceip-molidevent\/wp-content\/uploads\/usu1187\/2014\/09\/etapes-de-la-vida.ppt\">etapes de la vida. <\/a>I a la p\u00e0gina seg\u00fcent: <a href=\"http:\/\/www.xtec.cat\/~fmarquin\/continguts\/locomotor3.htm\" target=\"_blank\">http:\/\/www.xtec.cat\/~fmarquin\/continguts\/locomotor3.htm<\/a><\/p>\n<p style=\"text-align: justify;\">Qu\u00e8 en <strong>saps d&#8217;hort<\/strong>? Aqu\u00ed us deixem una <a title=\"Hort urb\u00e0\" href=\"http:\/\/www.horturba.com\/cultivar\/cultius.php\" target=\"_blank\">p\u00e0gina<\/a> on hi apareixen hortalisses: informaci\u00f3, i quan i com plantar.<\/p>\n<p style=\"text-align: justify;\">A 4t vam treballar les comarques de Catalunya. A veure que en saps!<\/p>\n<p><a href=\"http:\/\/serbal.pntic.mec.es\/ealg0027\/catcom1.html\" target=\"_blank\"><img loading=\"lazy\" decoding=\"async\" class=\"aligncenter wp-image-247 size-medium\" src=\"http:\/\/agora.xtec.cat\/ceip-molidevent\/wp-content\/uploads\/usu1187\/2014\/09\/joc-comarques-300x226.jpg\" alt=\"joc comarques\" width=\"300\" height=\"226\" \/><\/a><\/p>\n<p style=\"text-align: justify;\">Vols saber quin temps fa avui a Catalunya? Pots assabentar-te a <a href=\"http:\/\/www.meteo.cat\/servmet\/index.html\" target=\"_blank\">meteo.cat<\/a>, en aquesta p\u00e0gina podr\u00e0s veure el radar, la temperatura, les precipitacions, etc.<\/p>\n<p style=\"text-align: justify;\">Us deixem els murals que vam fer a les classes de 3r per poder estudiar els vertebrats.<\/p>\n<p style=\"text-align: justify;\"><a href=\"http:\/\/agora.xtec.cat\/ceip-molidevent\/wp-content\/uploads\/usu1187\/2014\/09\/vertebratsA.jpg\"><img loading=\"lazy\" decoding=\"async\" class=\"alignnone  wp-image-188\" src=\"http:\/\/agora.xtec.cat\/ceip-molidevent\/wp-content\/uploads\/usu1187\/2014\/09\/vertebratsA-300x215.jpg\" alt=\"vertebratsA\" width=\"300\" height=\"224\" \/><\/a><a href=\"http:\/\/agora.xtec.cat\/ceip-molidevent\/wp-content\/uploads\/usu1187\/2014\/09\/vertebratsB.jpg\"><img loading=\"lazy\" decoding=\"async\" class=\"alignnone size-medium wp-image-189\" src=\"http:\/\/agora.xtec.cat\/ceip-molidevent\/wp-content\/uploads\/usu1187\/2014\/09\/vertebratsB-300x224.jpg\" alt=\"vertebratsB\" width=\"300\" height=\"224\" srcset=\"https:\/\/agora.xtec.cat\/ceip-molidevent\/wp-content\/uploads\/usu1187\/2014\/09\/vertebratsB-300x224.jpg 300w, https:\/\/agora.xtec.cat\/ceip-molidevent\/wp-content\/uploads\/usu1187\/2014\/09\/vertebratsB-1024x766.jpg 1024w, https:\/\/agora.xtec.cat\/ceip-molidevent\/wp-content\/uploads\/usu1187\/2014\/09\/vertebratsB-200x150.jpg 200w, https:\/\/agora.xtec.cat\/ceip-molidevent\/wp-content\/uploads\/usu1187\/2014\/09\/vertebratsB.jpg 1167w\" sizes=\"auto, (max-width: 300px) 100vw, 300px\" \/><\/a><\/p>\n<p style=\"text-align: justify;\">Saps com funciona el cos hum\u00e0? Aqu\u00ed tens una bona <a title=\"cos hum\u00e0\" href=\"http:\/\/www.edu365.com\/primaria\/muds\/natural\/digestiu2\/index.htm\" target=\"_blank\">explicaci\u00f3<\/a> de com funciona la nostra digesti\u00f3 (el proc\u00e9s de l&#8217;aliment dins del nostre cos).<\/p>\n<p style=\"text-align: justify;\">Aqu\u00ed us deixo unes <a href=\"http:\/\/www.cyberkidz.es\/cyberkidz\/juegos.php?groep=5&amp;vak=wetenschap\" target=\"_blank\">activitats<\/a> de curiositats i preguntes sobre els animals.<\/p>\n<p style=\"text-align: justify;\">Vols visitar la p\u00e0gina web del zoo de Barcelona? Doncs nom\u00e9s has de clicar aqu\u00ed: <a title=\"web zoo de Barcelona\" href=\"http:\/\/www.zoobarcelona.com\" target=\"_blank\">www.zoobarcelona.com<\/a><\/p>\n<p style=\"text-align: justify;\">Si t&#8217;han agradat les preguntes curioses sobre els animals, <a href=\"http:\/\/www.dibujosparapintar.com\/preguntas_online\/juego_32\" target=\"_blank\">aqu\u00ed <\/a>en tens m\u00e9s. Per cert, no feu cas de la publicitat.<\/p>\n","protected":false},"excerpt":{"rendered":"<p>A tercer treballem l&#8217;esquelet al segon trimestre. T&#8217;animes a cantar?<\/p>\n<p>O si prefereixes fer alguna activitat, aqu\u00ed en tens un parell.<br \/>\n<a href=\"http:\/\/www.edu365.cat\/primaria\/muds\/natural\/esquelet\/\" target=\"_blank\"><\/a><a href=\"http:\/\/www.edu365.cat\/primaria\/muds\/natural\/esquelet2\/index4.htm\" target=\"_blank\"><\/a><br \/>\nO tamb\u00e9 podem repassar amb aquestos power point: <a href=\"http:\/\/agora.xtec.cat\/ceip-molidevent\/wp-content\/uploads\/usu1187\/2014\/09\/El-cos-hum\u00e0.ppt\">El cos hum\u00e0<\/a> , <a href=\"http:\/\/agora.xtec.cat\/ceip-molidevent\/wp-content\/uploads\/usu1187\/2014\/09\/etapes-de-la-vida.ppt\">etapes de la vida. <\/a>I a la p\u00e0gina&hellip;  <a href=\"https:\/\/agora.xtec.cat\/ceip-molidevent\/general\/c-medi-naturals\/\" title=\"Read C. Medi (naturals)\">Llegeix m\u00e9s\u00bb<\/a><\/p>\n","protected":false},"author":1,"featured_media":0,"comment_status":"open","ping_status":"open","sticky":false,"template":"","format":"standard","meta":{"_bbp_topic_count":0,"_bbp_reply_count":0,"_bbp_total_topic_count":0,"_bbp_total_reply_count":0,"_bbp_voice_count":0,"_bbp_anonymous_reply_count":0,"_bbp_topic_count_hidden":0,"_bbp_reply_count_hidden":0,"_bbp_forum_subforum_count":0,"footnotes":""},"categories":[12,13,45,1,47,5,78],"tags":[],"class_list":["post-903","post","type-post","status-publish","format-standard","hentry","category-3r","category-4t","category-curs-2014-15","category-general","category-medi","category-primaria","category-cicle-mitja"],"post_mailing_queue_ids":[],"_links":{"self":[{"href":"https:\/\/agora.xtec.cat\/ceip-molidevent\/wp-json\/wp\/v2\/posts\/903","targetHints":{"allow":["GET"]}}],"collection":[{"href":"https:\/\/agora.xtec.cat\/ceip-molidevent\/wp-json\/wp\/v2\/posts"}],"about":[{"href":"https:\/\/agora.xtec.cat\/ceip-molidevent\/wp-json\/wp\/v2\/types\/post"}],"author":[{"embeddable":true,"href":"https:\/\/agora.xtec.cat\/ceip-molidevent\/wp-json\/wp\/v2\/users\/1"}],"replies":[{"embeddable":true,"href":"https:\/\/agora.xtec.cat\/ceip-molidevent\/wp-json\/wp\/v2\/comments?post=903"}],"version-history":[{"count":3,"href":"https:\/\/agora.xtec.cat\/ceip-molidevent\/wp-json\/wp\/v2\/posts\/903\/revisions"}],"predecessor-version":[{"id":906,"href":"https:\/\/agora.xtec.cat\/ceip-molidevent\/wp-json\/wp\/v2\/posts\/903\/revisions\/906"}],"wp:attachment":[{"href":"https:\/\/agora.xtec.cat\/ceip-molidevent\/wp-json\/wp\/v2\/media?parent=903"}],"wp:term":[{"taxonomy":"category","embeddable":true,"href":"https:\/\/agora.xtec.cat\/ceip-molidevent\/wp-json\/wp\/v2\/categories?post=903"},{"taxonomy":"post_tag","embeddable":true,"href":"https:\/\/agora.xtec.cat\/ceip-molidevent\/wp-json\/wp\/v2\/tags?post=903"}],"curies":[{"name":"wp","href":"https:\/\/api.w.org\/{rel}","templated":true}]}}