{"id":866,"date":"2015-10-15T15:23:52","date_gmt":"2015-10-15T14:23:52","guid":{"rendered":"http:\/\/agora.xtec.cat\/ceip-molidevent\/?p=866"},"modified":"2016-05-26T15:22:04","modified_gmt":"2016-05-26T14:22:04","slug":"educacio-fisica-horaris-material-i-daltres","status":"publish","type":"post","link":"https:\/\/agora.xtec.cat\/ceip-molidevent\/primaria\/educacio-fisica-horaris-material-i-daltres\/","title":{"rendered":"Educaci\u00f3 F\u00edsica: horaris, material i altres&#8230;"},"content":{"rendered":"<p>A mode de recordatori aqu\u00ed teniu els horaris d&#8217;educaci\u00f3 f\u00edsica de les classes de prim\u00e0ria:<\/p>\n<table style=\"border-color: #000000; background-color: #f0a029;\">\n<tbody>\n<tr>\n<td style=\"border-color: #000000;\">1r blau<\/td>\n<td style=\"border-color: #000000;\">Dimarts de 8.30 a 9.30 i dijous d&#8217;11.00 a 12.00h.<\/td>\n<\/tr>\n<tr>\n<td style=\"border-color: #000000;\">1r verd<\/td>\n<td style=\"border-color: #000000;\">Dimarts de 9.30 a 10.30 i divendres d&#8217;11.00 a 12.00h.<\/td>\n<\/tr>\n<tr>\n<td style=\"border-color: #000000;\">2n blau<\/td>\n<td style=\"border-color: #000000;\">dilluns de 8.30 a 9.30 i dijous de 9.30 a 10.30h.<\/td>\n<\/tr>\n<tr>\n<td style=\"border-color: #000000;\">2n verd<\/td>\n<td style=\"border-color: #000000;\">dilluns de 9.30 a 10.30 i dijous de 8.30 a 9.30h.<\/td>\n<\/tr>\n<tr>\n<td style=\"border-color: #000000;\">3r grup1<\/td>\n<td style=\"border-color: #000000;\">dilluns de 8.30 a 9.30 i divendres d&#8217;11.00 a 12.00h.<\/td>\n<\/tr>\n<tr>\n<td style=\"border-color: #000000;\">3r grup 2<\/td>\n<td style=\"border-color: #000000;\">dilluns de 9.30 a 10.30 i dimecres de 11.00 a\u00a012:00h.<\/td>\n<\/tr>\n<tr>\n<td style=\"border-color: #000000;\">4t grup 1<\/td>\n<td style=\"border-color: #000000;\">dimecres de 8.30 a 9.30 i divendres de 9.30 a 10.30h.<\/td>\n<\/tr>\n<tr>\n<td style=\"border-color: #000000;\">4t grup 2<\/td>\n<td style=\"border-color: #000000;\">dimecres de 9:30 a 10:30 i divendres de 8:30 a 9:30h.<\/td>\n<\/tr>\n<tr>\n<td style=\"border-color: #000000;\">5\u00e8 A<\/td>\n<td style=\"border-color: #000000;\">dimecres a la tarda.<\/td>\n<\/tr>\n<tr>\n<td style=\"border-color: #000000;\">5\u00e8 B<\/td>\n<td style=\"border-color: #000000;\">dimarts a la tarda.<\/td>\n<\/tr>\n<tr>\n<td style=\"border-color: #000000;\">6\u00e8 A<\/td>\n<td style=\"border-color: #000000;\">divendres a la tarda.<\/td>\n<\/tr>\n<tr>\n<td style=\"border-color: #000000;\">6\u00e8 B<\/td>\n<td style=\"border-color: #000000;\">dilluns a la tarda.<\/td>\n<\/tr>\n<\/tbody>\n<\/table>\n<p>Tamb\u00e9 volem recordar que per fer eduaci\u00f3 f\u00edsica s&#8217;ha de portar la roba i el cal\u00e7at adient. Mentre els nens i nenes no saben fer-se els cordons es recomana portar sabates esportives amb velcro perqu\u00e8 puguin ser m\u00e9s aut\u00f3noms i no dependre de ning\u00fa.<\/p>\n<p>Una part important i que treballem al llarg de tot el curs com a contingut transversal \u00e9s l&#8217;<em>activitat f\u00edsica i la salut<\/em> i dins d&#8217;aquest contingut ens trobem amb la<strong> cura i la higiene del cos.\u00a0<\/strong>Per treballar aquest contingut els alumnes han de portar uns estris depenent del seu curs:<\/p>\n<p>Cicle inicial: necesser amb tovallola petita i sab\u00f3.<\/p>\n<p>Cicle mitj\u00e0:\u00a0necesser amb tovallola petita, sab\u00f3 i una samarreta de recanvi.<\/p>\n<p>Cicle superior: estris necessaris per dutxar-se i canviar-se de roba (xancles, tovallola de bany, gel, roba de recanvi).<\/p>\n","protected":false},"excerpt":{"rendered":"<p>A mode de recordatori aqu\u00ed teniu els horaris d&#8217;educaci\u00f3 f\u00edsica de les classes de prim\u00e0ria:<\/p>\n<p>1r blau<br \/>\nDimarts de 8.30 a 9.30 i dijous d&#8217;11.00 a 12.00h.<\/p>\n<p>1r verd<br \/>\nDimarts de 9.30 a 10.30 i divendres d&#8217;11.00 a 12.00h.<\/p>\n<p>2n blau<br \/>\ndilluns de 8.30 a 9.30 i dijous de 9.30 a&hellip;  <a href=\"https:\/\/agora.xtec.cat\/ceip-molidevent\/primaria\/educacio-fisica-horaris-material-i-daltres\/\" title=\"Read Educaci\u00f3 F\u00edsica: horaris, material i altres&#8230;\">Llegeix m\u00e9s\u00bb<\/a><\/p>\n","protected":false},"author":1,"featured_media":0,"comment_status":"open","ping_status":"open","sticky":false,"template":"","format":"standard","meta":{"_bbp_topic_count":0,"_bbp_reply_count":0,"_bbp_total_topic_count":0,"_bbp_total_reply_count":0,"_bbp_voice_count":0,"_bbp_anonymous_reply_count":0,"_bbp_topic_count_hidden":0,"_bbp_reply_count_hidden":0,"_bbp_forum_subforum_count":0,"footnotes":""},"categories":[66,46,5],"tags":[],"class_list":["post-866","post","type-post","status-publish","format-standard","hentry","category-15-16","category-educacio-fisica","category-primaria"],"post_mailing_queue_ids":[],"_links":{"self":[{"href":"https:\/\/agora.xtec.cat\/ceip-molidevent\/wp-json\/wp\/v2\/posts\/866","targetHints":{"allow":["GET"]}}],"collection":[{"href":"https:\/\/agora.xtec.cat\/ceip-molidevent\/wp-json\/wp\/v2\/posts"}],"about":[{"href":"https:\/\/agora.xtec.cat\/ceip-molidevent\/wp-json\/wp\/v2\/types\/post"}],"author":[{"embeddable":true,"href":"https:\/\/agora.xtec.cat\/ceip-molidevent\/wp-json\/wp\/v2\/users\/1"}],"replies":[{"embeddable":true,"href":"https:\/\/agora.xtec.cat\/ceip-molidevent\/wp-json\/wp\/v2\/comments?post=866"}],"version-history":[{"count":3,"href":"https:\/\/agora.xtec.cat\/ceip-molidevent\/wp-json\/wp\/v2\/posts\/866\/revisions"}],"predecessor-version":[{"id":876,"href":"https:\/\/agora.xtec.cat\/ceip-molidevent\/wp-json\/wp\/v2\/posts\/866\/revisions\/876"}],"wp:attachment":[{"href":"https:\/\/agora.xtec.cat\/ceip-molidevent\/wp-json\/wp\/v2\/media?parent=866"}],"wp:term":[{"taxonomy":"category","embeddable":true,"href":"https:\/\/agora.xtec.cat\/ceip-molidevent\/wp-json\/wp\/v2\/categories?post=866"},{"taxonomy":"post_tag","embeddable":true,"href":"https:\/\/agora.xtec.cat\/ceip-molidevent\/wp-json\/wp\/v2\/tags?post=866"}],"curies":[{"name":"wp","href":"https:\/\/api.w.org\/{rel}","templated":true}]}}