{"id":801,"date":"2015-09-21T12:50:57","date_gmt":"2015-09-21T11:50:57","guid":{"rendered":"http:\/\/agora.xtec.cat\/ceip-molidevent\/?p=801"},"modified":"2016-09-01T11:09:40","modified_gmt":"2016-09-01T10:09:40","slug":"reunions-dinici-de-curs-amb-les-families","status":"publish","type":"post","link":"https:\/\/agora.xtec.cat\/ceip-molidevent\/general\/reunions-dinici-de-curs-amb-les-families\/","title":{"rendered":"Reunions d&#8217;inici de curs amb les fam\u00edlies"},"content":{"rendered":"<p>Atenci\u00f3!!!!!!! La reuni\u00f3 de 2n ha canviat de data.<\/p>\n<p><a href=\"http:\/\/agora.xtec.cat\/ceip-molidevent\/wp-content\/uploads\/usu1187\/2015\/09\/reunions1.png\"><img loading=\"lazy\" decoding=\"async\" class=\"alignleft  wp-image-807\" src=\"http:\/\/agora.xtec.cat\/ceip-molidevent\/wp-content\/uploads\/usu1187\/2015\/09\/reunions1-261x300.png\" alt=\"reunions\" width=\"338\" height=\"388\" \/><\/a><\/p>\n<p>&nbsp;<\/p>\n","protected":false},"excerpt":{"rendered":"<p>Atenci\u00f3!!!!!!! La reuni\u00f3 de 2n ha canviat de data.<br \/>\n<a href=\"http:\/\/agora.xtec.cat\/ceip-molidevent\/wp-content\/uploads\/usu1187\/2015\/09\/reunions1.png\"><\/a><br \/>\n&nbsp;<\/p>\n","protected":false},"author":1,"featured_media":0,"comment_status":"open","ping_status":"open","sticky":false,"template":"","format":"standard","meta":{"_bbp_topic_count":0,"_bbp_reply_count":0,"_bbp_total_topic_count":0,"_bbp_total_reply_count":0,"_bbp_voice_count":0,"_bbp_anonymous_reply_count":0,"_bbp_topic_count_hidden":0,"_bbp_reply_count_hidden":0,"_bbp_forum_subforum_count":0,"footnotes":""},"categories":[66,1],"tags":[],"class_list":["post-801","post","type-post","status-publish","format-standard","hentry","category-15-16","category-general"],"post_mailing_queue_ids":[],"_links":{"self":[{"href":"https:\/\/agora.xtec.cat\/ceip-molidevent\/wp-json\/wp\/v2\/posts\/801","targetHints":{"allow":["GET"]}}],"collection":[{"href":"https:\/\/agora.xtec.cat\/ceip-molidevent\/wp-json\/wp\/v2\/posts"}],"about":[{"href":"https:\/\/agora.xtec.cat\/ceip-molidevent\/wp-json\/wp\/v2\/types\/post"}],"author":[{"embeddable":true,"href":"https:\/\/agora.xtec.cat\/ceip-molidevent\/wp-json\/wp\/v2\/users\/1"}],"replies":[{"embeddable":true,"href":"https:\/\/agora.xtec.cat\/ceip-molidevent\/wp-json\/wp\/v2\/comments?post=801"}],"version-history":[{"count":3,"href":"https:\/\/agora.xtec.cat\/ceip-molidevent\/wp-json\/wp\/v2\/posts\/801\/revisions"}],"predecessor-version":[{"id":808,"href":"https:\/\/agora.xtec.cat\/ceip-molidevent\/wp-json\/wp\/v2\/posts\/801\/revisions\/808"}],"wp:attachment":[{"href":"https:\/\/agora.xtec.cat\/ceip-molidevent\/wp-json\/wp\/v2\/media?parent=801"}],"wp:term":[{"taxonomy":"category","embeddable":true,"href":"https:\/\/agora.xtec.cat\/ceip-molidevent\/wp-json\/wp\/v2\/categories?post=801"},{"taxonomy":"post_tag","embeddable":true,"href":"https:\/\/agora.xtec.cat\/ceip-molidevent\/wp-json\/wp\/v2\/tags?post=801"}],"curies":[{"name":"wp","href":"https:\/\/api.w.org\/{rel}","templated":true}]}}