{"id":6426,"date":"2026-04-26T20:40:59","date_gmt":"2026-04-26T18:40:59","guid":{"rendered":"https:\/\/agora.xtec.cat\/ceip-molidevent\/?p=6426"},"modified":"2026-04-26T20:40:59","modified_gmt":"2026-04-26T18:40:59","slug":"jornades-culturals-de-sant-jordi","status":"publish","type":"post","link":"https:\/\/agora.xtec.cat\/ceip-molidevent\/portada\/jornades-culturals-de-sant-jordi\/","title":{"rendered":"JORNADES CULTURALS DE SANT JORDI"},"content":{"rendered":"<p>Els dies 23 i 24 de juny, l\u2019escola ha celebrat les Jornades Culturals amb motiu de la diada de Sant Jordi. Durant aquests dos dies, l\u2019alumnat de tots els nivells ha participat en activitats i tallers internivells dissenyats per apropar la literatura i l\u2019expressi\u00f3 art\u00edstica d\u2019una manera l\u00fadica i vivencial.<br \/>\nLa llegenda de Sant Jordi ha estat present en tots els cicles, tant com a element tradicional com a fil conductor de moltes de les propostes, facilitant una connexi\u00f3 propera i significativa amb la cultura.<br \/>\nAl llarg de les jornades, s\u2019han realitzat activitats molt diverses: elaboraci\u00f3 de punts de llibre, creaci\u00f3 de roses, dracs, princeses i cavallers, gimcanes tem\u00e0tiques, recomanacions liter\u00e0ries, representacions teatrals, espais de r\u00e0dio, danses i jocs medievals, entre d\u2019altres. Cada taller ha esdevingut una oportunitat per aprendre, compartir i descobrir nous interessos.<br \/>\nEls agrupaments han estat variats, afavorint la cooperaci\u00f3 entre alumnes de diferents edats i fomentant valors com el respecte, la col\u00b7laboraci\u00f3 i la creativitat en un ambient enriquidor i motivador.<br \/>\nHan estat dues jornades plenes d\u2019aprenentatges, per\u00f2 sobretot de moments compartits. Sens dubte, una experi\u00e8ncia que ens ha perm\u00e8s viure la cultura des de dins i amb il\u00b7lusi\u00f3.<\/p>\n\n\t\t<style type=\"text\/css\">\n\t\t\t#gallery-1 {\n\t\t\t\tmargin: auto;\n\t\t\t}\n\t\t\t#gallery-1 .gallery-item {\n\t\t\t\tfloat: left;\n\t\t\t\tmargin-top: 10px;\n\t\t\t\ttext-align: center;\n\t\t\t\twidth: 33%;\n\t\t\t}\n\t\t\t#gallery-1 img {\n\t\t\t\tborder: 2px solid #cfcfcf;\n\t\t\t}\n\t\t\t#gallery-1 .gallery-caption {\n\t\t\t\tmargin-left: 0;\n\t\t\t}\n\t\t\t\/* see gallery_shortcode() in wp-includes\/media.php *\/\n\t\t<\/style>\n\t\t<div id='gallery-1' class='gallery galleryid-6426 gallery-columns-3 gallery-size-full'><dl class='gallery-item'>\n\t\t\t<dt class='gallery-icon landscape'>\n\t\t\t\t<a href='https:\/\/agora.xtec.cat\/ceip-molidevent\/portada\/jornades-culturals-de-sant-jordi\/attachment\/captura-de-pantalla-2026-04-26-203458\/'><img loading=\"lazy\" decoding=\"async\" width=\"795\" height=\"618\" src=\"https:\/\/agora.xtec.cat\/ceip-molidevent\/wp-content\/uploads\/usu1187\/2026\/04\/Captura-de-pantalla-2026-04-26-203458.jpg\" class=\"attachment-full size-full\" alt=\"\" srcset=\"https:\/\/agora.xtec.cat\/ceip-molidevent\/wp-content\/uploads\/usu1187\/2026\/04\/Captura-de-pantalla-2026-04-26-203458.jpg 795w, https:\/\/agora.xtec.cat\/ceip-molidevent\/wp-content\/uploads\/usu1187\/2026\/04\/Captura-de-pantalla-2026-04-26-203458-300x233.jpg 300w, https:\/\/agora.xtec.cat\/ceip-molidevent\/wp-content\/uploads\/usu1187\/2026\/04\/Captura-de-pantalla-2026-04-26-203458-768x597.jpg 768w\" sizes=\"auto, (max-width: 795px) 100vw, 795px\" \/><\/a>\n\t\t\t<\/dt><\/dl><dl class='gallery-item'>\n\t\t\t<dt class='gallery-icon landscape'>\n\t\t\t\t<a href='https:\/\/agora.xtec.cat\/ceip-molidevent\/portada\/jornades-culturals-de-sant-jordi\/attachment\/captura-de-pantalla-2026-04-26-203541\/'><img loading=\"lazy\" decoding=\"async\" width=\"960\" height=\"588\" src=\"https:\/\/agora.xtec.cat\/ceip-molidevent\/wp-content\/uploads\/usu1187\/2026\/04\/Captura-de-pantalla-2026-04-26-203541.jpg\" class=\"attachment-full size-full\" alt=\"\" srcset=\"https:\/\/agora.xtec.cat\/ceip-molidevent\/wp-content\/uploads\/usu1187\/2026\/04\/Captura-de-pantalla-2026-04-26-203541.jpg 960w, https:\/\/agora.xtec.cat\/ceip-molidevent\/wp-content\/uploads\/usu1187\/2026\/04\/Captura-de-pantalla-2026-04-26-203541-300x184.jpg 300w, https:\/\/agora.xtec.cat\/ceip-molidevent\/wp-content\/uploads\/usu1187\/2026\/04\/Captura-de-pantalla-2026-04-26-203541-768x470.jpg 768w\" sizes=\"auto, (max-width: 960px) 100vw, 960px\" \/><\/a>\n\t\t\t<\/dt><\/dl><dl class='gallery-item'>\n\t\t\t<dt class='gallery-icon portrait'>\n\t\t\t\t<a href='https:\/\/agora.xtec.cat\/ceip-molidevent\/portada\/jornades-culturals-de-sant-jordi\/attachment\/captura-de-pantalla-2026-04-26-203604\/'><img loading=\"lazy\" decoding=\"async\" width=\"319\" height=\"637\" src=\"https:\/\/agora.xtec.cat\/ceip-molidevent\/wp-content\/uploads\/usu1187\/2026\/04\/Captura-de-pantalla-2026-04-26-203604.jpg\" class=\"attachment-full size-full\" alt=\"\" srcset=\"https:\/\/agora.xtec.cat\/ceip-molidevent\/wp-content\/uploads\/usu1187\/2026\/04\/Captura-de-pantalla-2026-04-26-203604.jpg 319w, https:\/\/agora.xtec.cat\/ceip-molidevent\/wp-content\/uploads\/usu1187\/2026\/04\/Captura-de-pantalla-2026-04-26-203604-150x300.jpg 150w\" sizes=\"auto, (max-width: 319px) 100vw, 319px\" \/><\/a>\n\t\t\t<\/dt><\/dl><br style=\"clear: both\" \/><dl class='gallery-item'>\n\t\t\t<dt class='gallery-icon landscape'>\n\t\t\t\t<a href='https:\/\/agora.xtec.cat\/ceip-molidevent\/portada\/jornades-culturals-de-sant-jordi\/attachment\/captura-de-pantalla-2026-04-26-203623\/'><img loading=\"lazy\" decoding=\"async\" width=\"820\" height=\"607\" src=\"https:\/\/agora.xtec.cat\/ceip-molidevent\/wp-content\/uploads\/usu1187\/2026\/04\/Captura-de-pantalla-2026-04-26-203623.jpg\" class=\"attachment-full size-full\" alt=\"\" srcset=\"https:\/\/agora.xtec.cat\/ceip-molidevent\/wp-content\/uploads\/usu1187\/2026\/04\/Captura-de-pantalla-2026-04-26-203623.jpg 820w, https:\/\/agora.xtec.cat\/ceip-molidevent\/wp-content\/uploads\/usu1187\/2026\/04\/Captura-de-pantalla-2026-04-26-203623-300x222.jpg 300w, https:\/\/agora.xtec.cat\/ceip-molidevent\/wp-content\/uploads\/usu1187\/2026\/04\/Captura-de-pantalla-2026-04-26-203623-768x569.jpg 768w\" sizes=\"auto, (max-width: 820px) 100vw, 820px\" \/><\/a>\n\t\t\t<\/dt><\/dl><dl class='gallery-item'>\n\t\t\t<dt class='gallery-icon landscape'>\n\t\t\t\t<a href='https:\/\/agora.xtec.cat\/ceip-molidevent\/portada\/jornades-culturals-de-sant-jordi\/attachment\/captura-de-pantalla-2026-04-26-203735\/'><img loading=\"lazy\" decoding=\"async\" width=\"910\" height=\"574\" src=\"https:\/\/agora.xtec.cat\/ceip-molidevent\/wp-content\/uploads\/usu1187\/2026\/04\/Captura-de-pantalla-2026-04-26-203735.jpg\" class=\"attachment-full size-full\" alt=\"\" srcset=\"https:\/\/agora.xtec.cat\/ceip-molidevent\/wp-content\/uploads\/usu1187\/2026\/04\/Captura-de-pantalla-2026-04-26-203735.jpg 910w, https:\/\/agora.xtec.cat\/ceip-molidevent\/wp-content\/uploads\/usu1187\/2026\/04\/Captura-de-pantalla-2026-04-26-203735-300x189.jpg 300w, https:\/\/agora.xtec.cat\/ceip-molidevent\/wp-content\/uploads\/usu1187\/2026\/04\/Captura-de-pantalla-2026-04-26-203735-768x484.jpg 768w\" sizes=\"auto, (max-width: 910px) 100vw, 910px\" \/><\/a>\n\t\t\t<\/dt><\/dl><dl class='gallery-item'>\n\t\t\t<dt class='gallery-icon landscape'>\n\t\t\t\t<a href='https:\/\/agora.xtec.cat\/ceip-molidevent\/portada\/jornades-culturals-de-sant-jordi\/attachment\/captura-de-pantalla-2026-04-26-203754\/'><img loading=\"lazy\" decoding=\"async\" width=\"816\" height=\"610\" src=\"https:\/\/agora.xtec.cat\/ceip-molidevent\/wp-content\/uploads\/usu1187\/2026\/04\/Captura-de-pantalla-2026-04-26-203754.jpg\" class=\"attachment-full size-full\" alt=\"\" srcset=\"https:\/\/agora.xtec.cat\/ceip-molidevent\/wp-content\/uploads\/usu1187\/2026\/04\/Captura-de-pantalla-2026-04-26-203754.jpg 816w, https:\/\/agora.xtec.cat\/ceip-molidevent\/wp-content\/uploads\/usu1187\/2026\/04\/Captura-de-pantalla-2026-04-26-203754-300x224.jpg 300w, https:\/\/agora.xtec.cat\/ceip-molidevent\/wp-content\/uploads\/usu1187\/2026\/04\/Captura-de-pantalla-2026-04-26-203754-768x574.jpg 768w, https:\/\/agora.xtec.cat\/ceip-molidevent\/wp-content\/uploads\/usu1187\/2026\/04\/Captura-de-pantalla-2026-04-26-203754-200x150.jpg 200w\" sizes=\"auto, (max-width: 816px) 100vw, 816px\" \/><\/a>\n\t\t\t<\/dt><\/dl><br style=\"clear: both\" \/>\n\t\t<\/div>\n\n","protected":false},"excerpt":{"rendered":"<p>Els dies 23 i 24 de juny, l\u2019escola ha celebrat les Jornades Culturals amb motiu de la diada de Sant Jordi. Durant aquests dos dies, l\u2019alumnat de tots els nivells ha participat en activitats i tallers internivells dissenyats per apropar la literatura i l\u2019expressi\u00f3 art\u00edstica&hellip;  <a href=\"https:\/\/agora.xtec.cat\/ceip-molidevent\/portada\/jornades-culturals-de-sant-jordi\/\" title=\"Read JORNADES CULTURALS DE SANT JORDI\">Llegeix m\u00e9s\u00bb<\/a><\/p>\n","protected":false},"author":1,"featured_media":0,"comment_status":"closed","ping_status":"open","sticky":false,"template":"","format":"standard","meta":{"_bbp_topic_count":0,"_bbp_reply_count":0,"_bbp_total_topic_count":0,"_bbp_total_reply_count":0,"_bbp_voice_count":0,"_bbp_anonymous_reply_count":0,"_bbp_topic_count_hidden":0,"_bbp_reply_count_hidden":0,"_bbp_forum_subforum_count":0,"footnotes":""},"categories":[219,4,64],"tags":[],"class_list":["post-6426","post","type-post","status-publish","format-standard","hentry","category-25-26","category-portada","category-sant-jordi"],"post_mailing_queue_ids":[],"_links":{"self":[{"href":"https:\/\/agora.xtec.cat\/ceip-molidevent\/wp-json\/wp\/v2\/posts\/6426","targetHints":{"allow":["GET"]}}],"collection":[{"href":"https:\/\/agora.xtec.cat\/ceip-molidevent\/wp-json\/wp\/v2\/posts"}],"about":[{"href":"https:\/\/agora.xtec.cat\/ceip-molidevent\/wp-json\/wp\/v2\/types\/post"}],"author":[{"embeddable":true,"href":"https:\/\/agora.xtec.cat\/ceip-molidevent\/wp-json\/wp\/v2\/users\/1"}],"replies":[{"embeddable":true,"href":"https:\/\/agora.xtec.cat\/ceip-molidevent\/wp-json\/wp\/v2\/comments?post=6426"}],"version-history":[{"count":1,"href":"https:\/\/agora.xtec.cat\/ceip-molidevent\/wp-json\/wp\/v2\/posts\/6426\/revisions"}],"predecessor-version":[{"id":6433,"href":"https:\/\/agora.xtec.cat\/ceip-molidevent\/wp-json\/wp\/v2\/posts\/6426\/revisions\/6433"}],"wp:attachment":[{"href":"https:\/\/agora.xtec.cat\/ceip-molidevent\/wp-json\/wp\/v2\/media?parent=6426"}],"wp:term":[{"taxonomy":"category","embeddable":true,"href":"https:\/\/agora.xtec.cat\/ceip-molidevent\/wp-json\/wp\/v2\/categories?post=6426"},{"taxonomy":"post_tag","embeddable":true,"href":"https:\/\/agora.xtec.cat\/ceip-molidevent\/wp-json\/wp\/v2\/tags?post=6426"}],"curies":[{"name":"wp","href":"https:\/\/api.w.org\/{rel}","templated":true}]}}