{"id":639,"date":"2015-03-19T11:18:28","date_gmt":"2015-03-19T10:18:28","guid":{"rendered":"http:\/\/blocs.xtec.cat\/molideventcm\/?p=366"},"modified":"2015-10-22T12:29:20","modified_gmt":"2015-10-22T11:29:20","slug":"eclipsi-solar-20-de-marc","status":"publish","type":"post","link":"https:\/\/agora.xtec.cat\/ceip-molidevent\/general\/eclipsi-solar-20-de-marc\/","title":{"rendered":"Eclipsi solar 20 de mar\u00e7"},"content":{"rendered":"<p style=\"text-align: justify;\">Primer de tot, <strong>felicitar a tots els pares<\/strong>, avui \u00e9s el seu dia! Poden estar a prop, lluny, o poden no estar f\u00edsicament, tot i aix\u00ed, all\u00e0 on s\u00f3n, segur que ens segueixen estimant tant (o m\u00e9s) com els estimem nosaltres. FELICITATS!<\/p>\n<p style=\"text-align: justify;\">Dit aix\u00f2, <strong>agra\u00efr<\/strong> tamb\u00e9 als pares en general <strong>que ens han prestat radiografies<\/strong> per als nens i nenes de tercer i ajudar-nos aix\u00ed a estudiar una mica millor els ossos. Repasseu m\u00e9s en aquesta p\u00e0gina: <a href=\"http:\/\/www.xtec.cat\/~fmarquin\/continguts\/locomotor3.htm\" target=\"_blank\">http:\/\/www.xtec.cat\/~fmarquin\/continguts\/locomotor3.htm<\/a><\/p>\n<p style=\"text-align: justify;\">I parlant de radiografies, sembla ser que <strong>no s\u00f3n suficientment adequades per a poder veure els eclipsis<\/strong>!<\/p>\n<p style=\"text-align: justify;\">Dem\u00e0 divendres\u00a0<b>20 de mar\u00e7<\/b>\u00a0tindrem la sort de poder observar un\u00a0<b>eclipsi parcial de sol<\/b>, que arribar\u00e0 al<b>\u00a063% d&#8217;ocultaci\u00f3.\u00a0<\/b>L&#8217;horari de l&#8217;eclipsi, entre 9h i 11:25h.<\/p>\n<p style=\"text-align: justify;\">Prengueu for\u00e7a precaucions! Per totes totes, no mirar directament al sol, i si ho feu (que no ho deveu fer)&#8230; si ho feu&#8230; vaja! que no ho feu i punt!<\/p>\n<p style=\"text-align: center;\">Cliqueu a l&#8217;enlla\u00e7 per assabentar-vos millor. <a href=\"http:\/\/www.lacreublanca.com\/eclipsi\" target=\"_blank\">http:\/\/www.lacreublanca.com\/eclipsi<\/a><\/p>\n","protected":false},"excerpt":{"rendered":"<p>Primer de tot, felicitar a tots els pares, avui \u00e9s el seu dia! Poden estar a prop, lluny, o poden no estar f\u00edsicament, tot i aix\u00ed, all\u00e0 on s\u00f3n, segur que ens segueixen estimant tant (o m\u00e9s) com els estimem nosaltres. FELICITATS!<br \/>\nDit aix\u00f2, agra\u00efr tamb\u00e9&hellip;  <a href=\"https:\/\/agora.xtec.cat\/ceip-molidevent\/general\/eclipsi-solar-20-de-marc\/\" title=\"Read Eclipsi solar 20 de mar\u00e7\">Llegeix m\u00e9s\u00bb<\/a><\/p>\n","protected":false},"author":1,"featured_media":0,"comment_status":"open","ping_status":"open","sticky":false,"template":"","format":"standard","meta":{"_bbp_topic_count":0,"_bbp_reply_count":0,"_bbp_total_topic_count":0,"_bbp_total_reply_count":0,"_bbp_voice_count":0,"_bbp_anonymous_reply_count":0,"_bbp_topic_count_hidden":0,"_bbp_reply_count_hidden":0,"_bbp_forum_subforum_count":0,"footnotes":""},"categories":[12,13,45,1,47,5,78],"tags":[],"class_list":["post-639","post","type-post","status-publish","format-standard","hentry","category-3r","category-4t","category-curs-2014-15","category-general","category-medi","category-primaria","category-cicle-mitja"],"post_mailing_queue_ids":[],"_links":{"self":[{"href":"https:\/\/agora.xtec.cat\/ceip-molidevent\/wp-json\/wp\/v2\/posts\/639","targetHints":{"allow":["GET"]}}],"collection":[{"href":"https:\/\/agora.xtec.cat\/ceip-molidevent\/wp-json\/wp\/v2\/posts"}],"about":[{"href":"https:\/\/agora.xtec.cat\/ceip-molidevent\/wp-json\/wp\/v2\/types\/post"}],"author":[{"embeddable":true,"href":"https:\/\/agora.xtec.cat\/ceip-molidevent\/wp-json\/wp\/v2\/users\/1"}],"replies":[{"embeddable":true,"href":"https:\/\/agora.xtec.cat\/ceip-molidevent\/wp-json\/wp\/v2\/comments?post=639"}],"version-history":[{"count":1,"href":"https:\/\/agora.xtec.cat\/ceip-molidevent\/wp-json\/wp\/v2\/posts\/639\/revisions"}],"predecessor-version":[{"id":657,"href":"https:\/\/agora.xtec.cat\/ceip-molidevent\/wp-json\/wp\/v2\/posts\/639\/revisions\/657"}],"wp:attachment":[{"href":"https:\/\/agora.xtec.cat\/ceip-molidevent\/wp-json\/wp\/v2\/media?parent=639"}],"wp:term":[{"taxonomy":"category","embeddable":true,"href":"https:\/\/agora.xtec.cat\/ceip-molidevent\/wp-json\/wp\/v2\/categories?post=639"},{"taxonomy":"post_tag","embeddable":true,"href":"https:\/\/agora.xtec.cat\/ceip-molidevent\/wp-json\/wp\/v2\/tags?post=639"}],"curies":[{"name":"wp","href":"https:\/\/api.w.org\/{rel}","templated":true}]}}