{"id":633,"date":"2014-12-22T18:30:09","date_gmt":"2014-12-22T17:30:09","guid":{"rendered":"http:\/\/blocs.xtec.cat\/molideventcm\/?p=296"},"modified":"2015-10-15T07:53:47","modified_gmt":"2015-10-15T06:53:47","slug":"concert-de-nadal","status":"publish","type":"post","link":"https:\/\/agora.xtec.cat\/ceip-molidevent\/general\/concert-de-nadal\/","title":{"rendered":"Concert de Nadal"},"content":{"rendered":"<p style=\"text-align: justify;\">El passat divendres vam celebrar el concert de Nadal de cicle mitj\u00e0. Ens va sortir tot genial!! Els poemes, la m\u00fasica, l&#8217;organitzaci\u00f3, etc. Sense cap mena de dubte, va ser un dels millors concerts que es recorden als \u00faltims anys, vaja, aix\u00f2 \u00e9s el que es rumoreja.<\/p>\n<p style=\"text-align: justify;\">Tot aix\u00f2 no s&#8217;hagu\u00e8s pogut fer sense l&#8217;ajut de les tutores Pilar Camacho (4tB), Teresa Figueras (3rB), \u00c0ngels Calero (4tA) i Judit Anguera (3rA). Tamb\u00e9, com no, al mestre de m\u00fasica Jordi Su\u00f1\u00e9 (director i guitarra al concert). I un especial agra\u00efment als altres mestres que tamb\u00e9 van tenir una participaci\u00f3 puntual com Manel Sa\u00f1udo (guitarra el\u00e8ctrica), Sergi Mulet (bateria) i Jos\u00e9 Monz\u00f3 (t\u00e8cnic audiovisual).<\/p>\n<p style=\"text-align: justify;\"><a href=\"http:\/\/agora.xtec.cat\/ceip-molidevent\/wp-content\/uploads\/usu1187\/2014\/12\/IMG-20141222-WA0011.jpg\"><img loading=\"lazy\" decoding=\"async\" class=\"alignnone size-medium wp-image-298\" src=\"http:\/\/agora.xtec.cat\/ceip-molidevent\/wp-content\/uploads\/usu1187\/2014\/12\/IMG-20141222-WA0011-300x225.jpg\" alt=\"IMG-20141222-WA0011\" width=\"300\" height=\"225\" srcset=\"https:\/\/agora.xtec.cat\/ceip-molidevent\/wp-content\/uploads\/usu1187\/2014\/12\/IMG-20141222-WA0011-300x225.jpg 300w, https:\/\/agora.xtec.cat\/ceip-molidevent\/wp-content\/uploads\/usu1187\/2014\/12\/IMG-20141222-WA0011-200x150.jpg 200w, https:\/\/agora.xtec.cat\/ceip-molidevent\/wp-content\/uploads\/usu1187\/2014\/12\/IMG-20141222-WA0011.jpg 800w\" sizes=\"auto, (max-width: 300px) 100vw, 300px\" \/><\/a><img loading=\"lazy\" decoding=\"async\" class=\"alignnone size-medium wp-image-297\" src=\"http:\/\/agora.xtec.cat\/ceip-molidevent\/wp-content\/uploads\/usu1187\/2014\/12\/IMG-20141222-WA0010-300x225.jpg\" alt=\"IMG-20141222-WA0010\" width=\"300\" height=\"225\" srcset=\"https:\/\/agora.xtec.cat\/ceip-molidevent\/wp-content\/uploads\/usu1187\/2014\/12\/IMG-20141222-WA0010-300x225.jpg 300w, https:\/\/agora.xtec.cat\/ceip-molidevent\/wp-content\/uploads\/usu1187\/2014\/12\/IMG-20141222-WA0010-200x150.jpg 200w, https:\/\/agora.xtec.cat\/ceip-molidevent\/wp-content\/uploads\/usu1187\/2014\/12\/IMG-20141222-WA0010.jpg 800w\" sizes=\"auto, (max-width: 300px) 100vw, 300px\" \/><\/p>\n","protected":false},"excerpt":{"rendered":"<p>El passat divendres vam celebrar el concert de Nadal de cicle mitj\u00e0. Ens va sortir tot genial!! Els poemes, la m\u00fasica, l&#8217;organitzaci\u00f3, etc. Sense cap mena de dubte, va ser un dels millors concerts que es recorden als \u00faltims anys, vaja, aix\u00f2 \u00e9s el que&hellip;  <a href=\"https:\/\/agora.xtec.cat\/ceip-molidevent\/general\/concert-de-nadal\/\" title=\"Read Concert de Nadal\">Llegeix m\u00e9s\u00bb<\/a><\/p>\n","protected":false},"author":1,"featured_media":0,"comment_status":"open","ping_status":"open","sticky":false,"template":"","format":"standard","meta":{"_bbp_topic_count":0,"_bbp_reply_count":0,"_bbp_total_topic_count":0,"_bbp_total_reply_count":0,"_bbp_voice_count":0,"_bbp_anonymous_reply_count":0,"_bbp_topic_count_hidden":0,"_bbp_reply_count_hidden":0,"_bbp_forum_subforum_count":0,"footnotes":""},"categories":[12,13,45,1,5,78],"tags":[],"class_list":["post-633","post","type-post","status-publish","format-standard","hentry","category-3r","category-4t","category-curs-2014-15","category-general","category-primaria","category-cicle-mitja"],"post_mailing_queue_ids":[],"_links":{"self":[{"href":"https:\/\/agora.xtec.cat\/ceip-molidevent\/wp-json\/wp\/v2\/posts\/633","targetHints":{"allow":["GET"]}}],"collection":[{"href":"https:\/\/agora.xtec.cat\/ceip-molidevent\/wp-json\/wp\/v2\/posts"}],"about":[{"href":"https:\/\/agora.xtec.cat\/ceip-molidevent\/wp-json\/wp\/v2\/types\/post"}],"author":[{"embeddable":true,"href":"https:\/\/agora.xtec.cat\/ceip-molidevent\/wp-json\/wp\/v2\/users\/1"}],"replies":[{"embeddable":true,"href":"https:\/\/agora.xtec.cat\/ceip-molidevent\/wp-json\/wp\/v2\/comments?post=633"}],"version-history":[{"count":1,"href":"https:\/\/agora.xtec.cat\/ceip-molidevent\/wp-json\/wp\/v2\/posts\/633\/revisions"}],"predecessor-version":[{"id":667,"href":"https:\/\/agora.xtec.cat\/ceip-molidevent\/wp-json\/wp\/v2\/posts\/633\/revisions\/667"}],"wp:attachment":[{"href":"https:\/\/agora.xtec.cat\/ceip-molidevent\/wp-json\/wp\/v2\/media?parent=633"}],"wp:term":[{"taxonomy":"category","embeddable":true,"href":"https:\/\/agora.xtec.cat\/ceip-molidevent\/wp-json\/wp\/v2\/categories?post=633"},{"taxonomy":"post_tag","embeddable":true,"href":"https:\/\/agora.xtec.cat\/ceip-molidevent\/wp-json\/wp\/v2\/tags?post=633"}],"curies":[{"name":"wp","href":"https:\/\/api.w.org\/{rel}","templated":true}]}}