{"id":631,"date":"2014-12-09T10:14:48","date_gmt":"2014-12-09T09:14:48","guid":{"rendered":"http:\/\/blocs.xtec.cat\/molideventcm\/?p=252"},"modified":"2015-05-20T15:08:07","modified_gmt":"2015-05-20T14:08:07","slug":"recollida-per-a-caritas","status":"publish","type":"post","link":"https:\/\/agora.xtec.cat\/ceip-molidevent\/general\/recollida-per-a-caritas\/","title":{"rendered":"Recollida per a C\u00e0ritas"},"content":{"rendered":"<p style=\"text-align: justify;\">Aquest any, igual que l&#8217;any passat per aquestes dates, fem una <strong>recollida d&#8217;aliments i productes d&#8217;higiene<\/strong> per a C\u00e0ritas. Els que m\u00e9s es <strong>necessiten<\/strong> enguany s\u00f3n: <strong>oli, conserves de peix, sucre, llet, farina, espaguetis i sab\u00f3 de dutxa<\/strong> (gel).<\/p>\n<p style=\"text-align: justify;\"><strong>Des d&#8217;avui fins el divendres de la propera setmana<\/strong> (19 de desembre) estarem fent la recollida. Per cert, \u00e9s clar que qualsevol producte o aliment ser\u00e0 benvingut.<\/p>\n<p style=\"text-align: justify;\">Ells ens necessiten. Nosaltres els podem ajudar.<\/p>\n","protected":false},"excerpt":{"rendered":"<p>Aquest any, igual que l&#8217;any passat per aquestes dates, fem una recollida d&#8217;aliments i productes d&#8217;higiene per a C\u00e0ritas. Els que m\u00e9s es necessiten enguany s\u00f3n: oli, conserves de peix, sucre, llet, farina, espaguetis i sab\u00f3 de dutxa (gel).<br \/>\nDes d&#8217;avui fins el divendres de la&hellip;  <a href=\"https:\/\/agora.xtec.cat\/ceip-molidevent\/general\/recollida-per-a-caritas\/\" title=\"Read Recollida per a C\u00e0ritas\">Llegeix m\u00e9s\u00bb<\/a><\/p>\n","protected":false},"author":1,"featured_media":0,"comment_status":"open","ping_status":"open","sticky":false,"template":"","format":"standard","meta":{"_bbp_topic_count":0,"_bbp_reply_count":0,"_bbp_total_topic_count":0,"_bbp_total_reply_count":0,"_bbp_voice_count":0,"_bbp_anonymous_reply_count":0,"_bbp_topic_count_hidden":0,"_bbp_reply_count_hidden":0,"_bbp_forum_subforum_count":0,"footnotes":""},"categories":[12,13,1,5,78],"tags":[],"class_list":["post-631","post","type-post","status-publish","format-standard","hentry","category-3r","category-4t","category-general","category-primaria","category-cicle-mitja"],"post_mailing_queue_ids":[],"_links":{"self":[{"href":"https:\/\/agora.xtec.cat\/ceip-molidevent\/wp-json\/wp\/v2\/posts\/631","targetHints":{"allow":["GET"]}}],"collection":[{"href":"https:\/\/agora.xtec.cat\/ceip-molidevent\/wp-json\/wp\/v2\/posts"}],"about":[{"href":"https:\/\/agora.xtec.cat\/ceip-molidevent\/wp-json\/wp\/v2\/types\/post"}],"author":[{"embeddable":true,"href":"https:\/\/agora.xtec.cat\/ceip-molidevent\/wp-json\/wp\/v2\/users\/1"}],"replies":[{"embeddable":true,"href":"https:\/\/agora.xtec.cat\/ceip-molidevent\/wp-json\/wp\/v2\/comments?post=631"}],"version-history":[{"count":1,"href":"https:\/\/agora.xtec.cat\/ceip-molidevent\/wp-json\/wp\/v2\/posts\/631\/revisions"}],"predecessor-version":[{"id":671,"href":"https:\/\/agora.xtec.cat\/ceip-molidevent\/wp-json\/wp\/v2\/posts\/631\/revisions\/671"}],"wp:attachment":[{"href":"https:\/\/agora.xtec.cat\/ceip-molidevent\/wp-json\/wp\/v2\/media?parent=631"}],"wp:term":[{"taxonomy":"category","embeddable":true,"href":"https:\/\/agora.xtec.cat\/ceip-molidevent\/wp-json\/wp\/v2\/categories?post=631"},{"taxonomy":"post_tag","embeddable":true,"href":"https:\/\/agora.xtec.cat\/ceip-molidevent\/wp-json\/wp\/v2\/tags?post=631"}],"curies":[{"name":"wp","href":"https:\/\/api.w.org\/{rel}","templated":true}]}}