{"id":630,"date":"2014-11-23T17:52:29","date_gmt":"2014-11-23T16:52:29","guid":{"rendered":"http:\/\/blocs.xtec.cat\/molideventcm\/?p=241"},"modified":"2015-10-22T12:37:20","modified_gmt":"2015-10-22T11:37:20","slug":"estacio-meteorologica","status":"publish","type":"post","link":"https:\/\/agora.xtec.cat\/ceip-molidevent\/general\/estacio-meteorologica\/","title":{"rendered":"Estaci\u00f3 meteorol\u00f2gica"},"content":{"rendered":"<p style=\"text-align: justify;\">Aquesta setmana hem muntat una estaci\u00f3 meteorol\u00f2gica por tal de poder treballar les dades del temps atmosf\u00e8ric a la nostra escola. Podrem mesurar la velocitat del vent, l&#8217;aigua caiguda per metres quadrats, la humetat, la temperatura i m\u00e9s coses.<\/p>\n<p><a href=\"http:\/\/agora.xtec.cat\/ceip-molidevent\/wp-content\/uploads\/usu1187\/2014\/11\/est.meteo_.jpg\"><img loading=\"lazy\" decoding=\"async\" class=\"size-medium wp-image-242 aligncenter\" src=\"http:\/\/agora.xtec.cat\/ceip-molidevent\/wp-content\/uploads\/usu1187\/2014\/11\/est.meteo_-300x222.jpg\" alt=\"est.meteo\" width=\"300\" height=\"222\" \/><\/a><\/p>\n","protected":false},"excerpt":{"rendered":"<p>Aquesta setmana hem muntat una estaci\u00f3 meteorol\u00f2gica por tal de poder treballar les dades del temps atmosf\u00e8ric a la nostra escola. Podrem mesurar la velocitat del vent, l&#8217;aigua caiguda per metres quadrats, la humetat, la temperatura i m\u00e9s coses.<br \/>\n<a href=\"http:\/\/agora.xtec.cat\/ceip-molidevent\/wp-content\/uploads\/usu1187\/2014\/11\/est.meteo_.jpg\"><\/a><\/p>\n","protected":false},"author":1,"featured_media":0,"comment_status":"open","ping_status":"open","sticky":false,"template":"","format":"standard","meta":{"_bbp_topic_count":0,"_bbp_reply_count":0,"_bbp_total_topic_count":0,"_bbp_total_reply_count":0,"_bbp_voice_count":0,"_bbp_anonymous_reply_count":0,"_bbp_topic_count_hidden":0,"_bbp_reply_count_hidden":0,"_bbp_forum_subforum_count":0,"footnotes":""},"categories":[12,13,1,47,5,78],"tags":[],"class_list":["post-630","post","type-post","status-publish","format-standard","hentry","category-3r","category-4t","category-general","category-medi","category-primaria","category-cicle-mitja"],"post_mailing_queue_ids":[],"_links":{"self":[{"href":"https:\/\/agora.xtec.cat\/ceip-molidevent\/wp-json\/wp\/v2\/posts\/630","targetHints":{"allow":["GET"]}}],"collection":[{"href":"https:\/\/agora.xtec.cat\/ceip-molidevent\/wp-json\/wp\/v2\/posts"}],"about":[{"href":"https:\/\/agora.xtec.cat\/ceip-molidevent\/wp-json\/wp\/v2\/types\/post"}],"author":[{"embeddable":true,"href":"https:\/\/agora.xtec.cat\/ceip-molidevent\/wp-json\/wp\/v2\/users\/1"}],"replies":[{"embeddable":true,"href":"https:\/\/agora.xtec.cat\/ceip-molidevent\/wp-json\/wp\/v2\/comments?post=630"}],"version-history":[{"count":1,"href":"https:\/\/agora.xtec.cat\/ceip-molidevent\/wp-json\/wp\/v2\/posts\/630\/revisions"}],"predecessor-version":[{"id":672,"href":"https:\/\/agora.xtec.cat\/ceip-molidevent\/wp-json\/wp\/v2\/posts\/630\/revisions\/672"}],"wp:attachment":[{"href":"https:\/\/agora.xtec.cat\/ceip-molidevent\/wp-json\/wp\/v2\/media?parent=630"}],"wp:term":[{"taxonomy":"category","embeddable":true,"href":"https:\/\/agora.xtec.cat\/ceip-molidevent\/wp-json\/wp\/v2\/categories?post=630"},{"taxonomy":"post_tag","embeddable":true,"href":"https:\/\/agora.xtec.cat\/ceip-molidevent\/wp-json\/wp\/v2\/tags?post=630"}],"curies":[{"name":"wp","href":"https:\/\/api.w.org\/{rel}","templated":true}]}}