{"id":629,"date":"2014-11-21T12:42:02","date_gmt":"2014-11-21T11:42:02","guid":{"rendered":"http:\/\/blocs.xtec.cat\/molideventcm\/?p=228"},"modified":"2015-10-22T12:38:10","modified_gmt":"2015-10-22T11:38:10","slug":"reptils-a-3r","status":"publish","type":"post","link":"https:\/\/agora.xtec.cat\/ceip-molidevent\/general\/reptils-a-3r\/","title":{"rendered":"R\u00e8ptils a 3r"},"content":{"rendered":"<p style=\"text-align: justify;\">El passat dilluns van venir a fer-nos una activitat, &#8220;Xerradas i toca-toca&#8221;, als nens i les nenes de 3r. Va ser sobre r\u00e8ptils i no ens va deixar a ning\u00fa indiferent. Ens va agradar molt\u00edssim!<\/p>\n<p style=\"text-align: justify;\">L&#8217;activitat ens va apropar al m\u00f3n desconegut dels r\u00e8ptils i amfibis. Vam aprendre curiositats de les serps, granotes, tortugues i de la dragona i el camale\u00f3 entre d&#8217;altres. Ens va fer reflexionar que no es pot tenir qualsevol animal a casa.<\/p>\n<p style=\"text-align: justify;\">Aqu\u00ed teniu la p\u00e0gina web: <a href=\"http:\/\/aulareptils.cat\/Aula_de_reptils\/Presentacio.html\" target=\"_blank\">http:\/\/aulareptils.cat\/Aula_de_reptils\/Presentacio.html<\/a><\/p>\n<p style=\"text-align: justify;\"><a href=\"http:\/\/agora.xtec.cat\/ceip-molidevent\/wp-content\/uploads\/usu1187\/2014\/11\/act.rep1_.jpg\"><img loading=\"lazy\" decoding=\"async\" class=\"alignnone wp-image-229 size-thumbnail\" src=\"http:\/\/agora.xtec.cat\/ceip-molidevent\/wp-content\/uploads\/usu1187\/2014\/11\/act.rep1_-150x150.jpg\" alt=\"act.rep1\" width=\"150\" height=\"150\" \/><\/a><a href=\"http:\/\/agora.xtec.cat\/ceip-molidevent\/wp-content\/uploads\/usu1187\/2014\/11\/act.rep2_.jpg\"><img loading=\"lazy\" decoding=\"async\" class=\"alignnone wp-image-230 size-thumbnail\" src=\"http:\/\/agora.xtec.cat\/ceip-molidevent\/wp-content\/uploads\/usu1187\/2014\/11\/act.rep2_-150x150.jpg\" alt=\"act.rep2\" width=\"150\" height=\"150\" srcset=\"https:\/\/agora.xtec.cat\/ceip-molidevent\/wp-content\/uploads\/usu1187\/2014\/11\/act.rep2_-150x150.jpg 150w, https:\/\/agora.xtec.cat\/ceip-molidevent\/wp-content\/uploads\/usu1187\/2014\/11\/act.rep2_-300x300.jpg 300w, https:\/\/agora.xtec.cat\/ceip-molidevent\/wp-content\/uploads\/usu1187\/2014\/11\/act.rep2_.jpg 717w\" sizes=\"auto, (max-width: 150px) 100vw, 150px\" \/><\/a><a href=\"http:\/\/agora.xtec.cat\/ceip-molidevent\/wp-content\/uploads\/usu1187\/2014\/11\/act.rep3_.jpg\"><img loading=\"lazy\" decoding=\"async\" class=\"alignnone wp-image-231 size-thumbnail\" src=\"http:\/\/agora.xtec.cat\/ceip-molidevent\/wp-content\/uploads\/usu1187\/2014\/11\/act.rep3_-150x150.jpg\" alt=\"act.rep3\" width=\"150\" height=\"150\" \/><\/a><a href=\"http:\/\/agora.xtec.cat\/ceip-molidevent\/wp-content\/uploads\/usu1187\/2014\/11\/act.rep4_.jpg\"><img loading=\"lazy\" decoding=\"async\" class=\"alignnone wp-image-232 size-thumbnail\" src=\"http:\/\/agora.xtec.cat\/ceip-molidevent\/wp-content\/uploads\/usu1187\/2014\/11\/act.rep4_-150x150.jpg\" alt=\"act.rep4\" width=\"150\" height=\"150\" \/><\/a><a href=\"http:\/\/agora.xtec.cat\/ceip-molidevent\/wp-content\/uploads\/usu1187\/2014\/11\/act.rep5_.jpg\"><img loading=\"lazy\" decoding=\"async\" class=\"alignnone size-medium wp-image-233\" src=\"http:\/\/agora.xtec.cat\/ceip-molidevent\/wp-content\/uploads\/usu1187\/2014\/11\/act.rep5_-300x300.jpg\" alt=\"act.rep5\" width=\"300\" height=\"300\" \/><\/a><a href=\"http:\/\/agora.xtec.cat\/ceip-molidevent\/wp-content\/uploads\/usu1187\/2014\/11\/act.rep6_.jpg\"><img loading=\"lazy\" decoding=\"async\" class=\"alignnone size-medium wp-image-244\" src=\"http:\/\/agora.xtec.cat\/ceip-molidevent\/wp-content\/uploads\/usu1187\/2014\/11\/act.rep6_-300x300.jpg\" alt=\"act.rep6\" width=\"300\" height=\"300\" srcset=\"https:\/\/agora.xtec.cat\/ceip-molidevent\/wp-content\/uploads\/usu1187\/2014\/11\/act.rep6_-300x300.jpg 300w, https:\/\/agora.xtec.cat\/ceip-molidevent\/wp-content\/uploads\/usu1187\/2014\/11\/act.rep6_-150x150.jpg 150w, https:\/\/agora.xtec.cat\/ceip-molidevent\/wp-content\/uploads\/usu1187\/2014\/11\/act.rep6_.jpg 716w\" sizes=\"auto, (max-width: 300px) 100vw, 300px\" \/><\/a><\/p>\n","protected":false},"excerpt":{"rendered":"<p>El passat dilluns van venir a fer-nos una activitat, &#8220;Xerradas i toca-toca&#8221;, als nens i les nenes de 3r. Va ser sobre r\u00e8ptils i no ens va deixar a ning\u00fa indiferent. Ens va agradar molt\u00edssim!<br \/>\nL&#8217;activitat ens va apropar al m\u00f3n desconegut dels r\u00e8ptils i amfibis.&hellip;  <a href=\"https:\/\/agora.xtec.cat\/ceip-molidevent\/general\/reptils-a-3r\/\" title=\"Read R\u00e8ptils a 3r\">Llegeix m\u00e9s\u00bb<\/a><\/p>\n","protected":false},"author":1,"featured_media":0,"comment_status":"open","ping_status":"open","sticky":false,"template":"","format":"standard","meta":{"_bbp_topic_count":0,"_bbp_reply_count":0,"_bbp_total_topic_count":0,"_bbp_total_reply_count":0,"_bbp_voice_count":0,"_bbp_anonymous_reply_count":0,"_bbp_topic_count_hidden":0,"_bbp_reply_count_hidden":0,"_bbp_forum_subforum_count":0,"footnotes":""},"categories":[12,13,1,47,5,78],"tags":[],"class_list":["post-629","post","type-post","status-publish","format-standard","hentry","category-3r","category-4t","category-general","category-medi","category-primaria","category-cicle-mitja"],"post_mailing_queue_ids":[],"_links":{"self":[{"href":"https:\/\/agora.xtec.cat\/ceip-molidevent\/wp-json\/wp\/v2\/posts\/629","targetHints":{"allow":["GET"]}}],"collection":[{"href":"https:\/\/agora.xtec.cat\/ceip-molidevent\/wp-json\/wp\/v2\/posts"}],"about":[{"href":"https:\/\/agora.xtec.cat\/ceip-molidevent\/wp-json\/wp\/v2\/types\/post"}],"author":[{"embeddable":true,"href":"https:\/\/agora.xtec.cat\/ceip-molidevent\/wp-json\/wp\/v2\/users\/1"}],"replies":[{"embeddable":true,"href":"https:\/\/agora.xtec.cat\/ceip-molidevent\/wp-json\/wp\/v2\/comments?post=629"}],"version-history":[{"count":1,"href":"https:\/\/agora.xtec.cat\/ceip-molidevent\/wp-json\/wp\/v2\/posts\/629\/revisions"}],"predecessor-version":[{"id":673,"href":"https:\/\/agora.xtec.cat\/ceip-molidevent\/wp-json\/wp\/v2\/posts\/629\/revisions\/673"}],"wp:attachment":[{"href":"https:\/\/agora.xtec.cat\/ceip-molidevent\/wp-json\/wp\/v2\/media?parent=629"}],"wp:term":[{"taxonomy":"category","embeddable":true,"href":"https:\/\/agora.xtec.cat\/ceip-molidevent\/wp-json\/wp\/v2\/categories?post=629"},{"taxonomy":"post_tag","embeddable":true,"href":"https:\/\/agora.xtec.cat\/ceip-molidevent\/wp-json\/wp\/v2\/tags?post=629"}],"curies":[{"name":"wp","href":"https:\/\/api.w.org\/{rel}","templated":true}]}}