{"id":628,"date":"2014-11-17T12:48:50","date_gmt":"2014-11-17T11:48:50","guid":{"rendered":"http:\/\/blocs.xtec.cat\/molideventcm\/?p=222"},"modified":"2015-05-20T15:11:16","modified_gmt":"2015-05-20T14:11:16","slug":"treballem-el-calcul-mental","status":"publish","type":"post","link":"https:\/\/agora.xtec.cat\/ceip-molidevent\/general\/treballem-el-calcul-mental\/","title":{"rendered":"Treballem el c\u00e0lcul mental"},"content":{"rendered":"<p style=\"text-align: justify;\">Estem esfor\u00e7ant-nos molt en treballar, tant a 3r com a 4t, el c\u00e0lcul mental, aix\u00ed com les estrat\u00e8gies per fer-ho de la manera m\u00e9s eficient, l\u00f2gica i r\u00e0pida.<\/p>\n<p style=\"text-align: justify;\">Us presentem <a href=\"http:\/\/www.edu365.cat\/primaria\/muds\/matematiques\/maquina_calcular\/maquinaCalcular.html\" target=\"_blank\">LA M\u00c0QUINA DE CALCULAR<\/a>, on podreu fer el tipus d&#8217;operacions que m\u00e9s us agradi o que m\u00e9s necessiteu treballar. Sumes, restes, multiplicacions, divisions o una barreja de totes elles, tot aix\u00f2 amb un minut de temps.<\/p>\n<p style=\"text-align: justify;\"><a href=\"http:\/\/www.edu365.cat\/primaria\/muds\/matematiques\/maquina_calcular\/maquinaCalcular.html\" target=\"_blank\"><img loading=\"lazy\" decoding=\"async\" class=\"aligncenter wp-image-220 size-medium\" src=\"http:\/\/agora.xtec.cat\/ceip-molidevent\/wp-content\/uploads\/usu1187\/2014\/09\/m\u00e0quina-de-calcular-300x158.jpg\" alt=\"m\u00e0quina de calcular\" width=\"300\" height=\"158\" srcset=\"https:\/\/agora.xtec.cat\/ceip-molidevent\/wp-content\/uploads\/usu1187\/2014\/09\/m\u00e0quina-de-calcular-300x158.jpg 300w, https:\/\/agora.xtec.cat\/ceip-molidevent\/wp-content\/uploads\/usu1187\/2014\/09\/m\u00e0quina-de-calcular.jpg 753w\" sizes=\"auto, (max-width: 300px) 100vw, 300px\" \/><\/a>Us atreviu? Si ho feu molt b\u00e9 i n&#8217;esteu molt orgullosos, podeu fer un comentari a l&#8217;article amb els resultats.<\/p>\n<p style=\"text-align: justify;\">Recordeu que a l&#8217;apartat de <a title=\"Matem\u00e0tiques\" href=\"http:\/\/blocs.xtec.cat\/molideventcm\/pagina-exemple\/\" target=\"_blank\">MATEM\u00c0TIQUES<\/a> del bloc teniu m\u00e9s activitats.<\/p>\n","protected":false},"excerpt":{"rendered":"<p>Estem esfor\u00e7ant-nos molt en treballar, tant a 3r com a 4t, el c\u00e0lcul mental, aix\u00ed com les estrat\u00e8gies per fer-ho de la manera m\u00e9s eficient, l\u00f2gica i r\u00e0pida.<br \/>\nUs presentem <a href=\"http:\/\/www.edu365.cat\/primaria\/muds\/matematiques\/maquina_calcular\/maquinaCalcular.html\" target=\"_blank\">LA M\u00c0QUINA DE CALCULAR<\/a>, on podreu fer el tipus d&#8217;operacions que m\u00e9s us agradi&hellip;  <a href=\"https:\/\/agora.xtec.cat\/ceip-molidevent\/general\/treballem-el-calcul-mental\/\" title=\"Read Treballem el c\u00e0lcul mental\">Llegeix m\u00e9s\u00bb<\/a><\/p>\n","protected":false},"author":1,"featured_media":0,"comment_status":"open","ping_status":"open","sticky":false,"template":"","format":"standard","meta":{"_bbp_topic_count":0,"_bbp_reply_count":0,"_bbp_total_topic_count":0,"_bbp_total_reply_count":0,"_bbp_voice_count":0,"_bbp_anonymous_reply_count":0,"_bbp_topic_count_hidden":0,"_bbp_reply_count_hidden":0,"_bbp_forum_subforum_count":0,"footnotes":""},"categories":[12,13,1,41,5,78],"tags":[],"class_list":["post-628","post","type-post","status-publish","format-standard","hentry","category-3r","category-4t","category-general","category-matematiques","category-primaria","category-cicle-mitja"],"post_mailing_queue_ids":[],"_links":{"self":[{"href":"https:\/\/agora.xtec.cat\/ceip-molidevent\/wp-json\/wp\/v2\/posts\/628","targetHints":{"allow":["GET"]}}],"collection":[{"href":"https:\/\/agora.xtec.cat\/ceip-molidevent\/wp-json\/wp\/v2\/posts"}],"about":[{"href":"https:\/\/agora.xtec.cat\/ceip-molidevent\/wp-json\/wp\/v2\/types\/post"}],"author":[{"embeddable":true,"href":"https:\/\/agora.xtec.cat\/ceip-molidevent\/wp-json\/wp\/v2\/users\/1"}],"replies":[{"embeddable":true,"href":"https:\/\/agora.xtec.cat\/ceip-molidevent\/wp-json\/wp\/v2\/comments?post=628"}],"version-history":[{"count":1,"href":"https:\/\/agora.xtec.cat\/ceip-molidevent\/wp-json\/wp\/v2\/posts\/628\/revisions"}],"predecessor-version":[{"id":674,"href":"https:\/\/agora.xtec.cat\/ceip-molidevent\/wp-json\/wp\/v2\/posts\/628\/revisions\/674"}],"wp:attachment":[{"href":"https:\/\/agora.xtec.cat\/ceip-molidevent\/wp-json\/wp\/v2\/media?parent=628"}],"wp:term":[{"taxonomy":"category","embeddable":true,"href":"https:\/\/agora.xtec.cat\/ceip-molidevent\/wp-json\/wp\/v2\/categories?post=628"},{"taxonomy":"post_tag","embeddable":true,"href":"https:\/\/agora.xtec.cat\/ceip-molidevent\/wp-json\/wp\/v2\/tags?post=628"}],"curies":[{"name":"wp","href":"https:\/\/api.w.org\/{rel}","templated":true}]}}