{"id":625,"date":"2014-10-22T11:20:36","date_gmt":"2014-10-22T11:20:36","guid":{"rendered":"http:\/\/blocs.xtec.cat\/molideventcm\/?p=160"},"modified":"2015-05-20T15:08:47","modified_gmt":"2015-05-20T14:08:47","slug":"participa-al-bloc","status":"publish","type":"post","link":"https:\/\/agora.xtec.cat\/ceip-molidevent\/general\/participa-al-bloc\/","title":{"rendered":"Participa al bloc ;)"},"content":{"rendered":"<p style=\"text-align: justify;\">Com ja sabeu, aquest bloc \u00e9s de l&#8217;escola i m\u00e9s concretament del cicle mitj\u00e0. Per tant, tothom pot participar. Vosaltres des de casa podeu fer comentaris als diversos articles o b\u00e9 a les p\u00e0gines. Qu\u00e8 us va semblar, si us va agradar, alguna an\u00e8cdota&#8230;<\/p>\n<p style=\"text-align: justify;\">Els blocs es nodreixen de comentaris, fica el teu gra de sorra. Recordeu que aquest bloc \u00e9s vostre, i per tenir-lo net i polit cal respectar els&#8230;<\/p>\n<p><strong>&#8230;ASPECTES A TENIR EN COMPTE A L&#8217;HORA DE FER UN COMENTARI<\/strong><\/p>\n<ol>\n<li style=\"text-align: justify;\">El tracte ha de ser respectu\u00f3s, hem de vetllar per a qu\u00e8 hi hagi un to amable i cordial. Si hi ha algun desacord, comentar-lo de forma privada.<\/li>\n<li style=\"text-align: justify;\">Defensar les opinions per\u00f2 evitar ferir sentiments. Abstenir-se d&#8217;utilitzar paraules mal sonants i insults.<\/li>\n<li style=\"text-align: justify;\">Escriure coses que siguin certes. La informaci\u00f3 ha de ser clara i entenedora.<\/li>\n<li style=\"text-align: justify;\">Donar opinions cr\u00edtiques. Les opinions immorals cauran en sac trencat, no seran publicades.<\/li>\n<li style=\"text-align: justify;\">Sempre que sigui possible escriure en min\u00fascules ja que llegir fer-ho en lletra maj\u00fascula \u00e9s m\u00e9s cansat de llegir i a la xarxa es considera cridar. Vigilar l\u2019ortografia.<\/li>\n<li style=\"text-align: justify;\">Signar amb nom i cognom tots els comentaris, siguin opinions, dubtes o cr\u00edtiques.<\/li>\n<\/ol>\n","protected":false},"excerpt":{"rendered":"<p>Com ja sabeu, aquest bloc \u00e9s de l&#8217;escola i m\u00e9s concretament del cicle mitj\u00e0. Per tant, tothom pot participar. Vosaltres des de casa podeu fer comentaris als diversos articles o b\u00e9 a les p\u00e0gines. Qu\u00e8 us va semblar, si us va agradar, alguna an\u00e8cdota&#8230;<br \/>\nEls blocs&hellip;  <a href=\"https:\/\/agora.xtec.cat\/ceip-molidevent\/general\/participa-al-bloc\/\" title=\"Read Participa al bloc ;)\">Llegeix m\u00e9s\u00bb<\/a><\/p>\n","protected":false},"author":1,"featured_media":0,"comment_status":"open","ping_status":"open","sticky":false,"template":"","format":"standard","meta":{"_bbp_topic_count":0,"_bbp_reply_count":0,"_bbp_total_topic_count":0,"_bbp_total_reply_count":0,"_bbp_voice_count":0,"_bbp_anonymous_reply_count":0,"_bbp_topic_count_hidden":0,"_bbp_reply_count_hidden":0,"_bbp_forum_subforum_count":0,"footnotes":""},"categories":[12,13,1,5,78],"tags":[],"class_list":["post-625","post","type-post","status-publish","format-standard","hentry","category-3r","category-4t","category-general","category-primaria","category-cicle-mitja"],"post_mailing_queue_ids":[],"_links":{"self":[{"href":"https:\/\/agora.xtec.cat\/ceip-molidevent\/wp-json\/wp\/v2\/posts\/625","targetHints":{"allow":["GET"]}}],"collection":[{"href":"https:\/\/agora.xtec.cat\/ceip-molidevent\/wp-json\/wp\/v2\/posts"}],"about":[{"href":"https:\/\/agora.xtec.cat\/ceip-molidevent\/wp-json\/wp\/v2\/types\/post"}],"author":[{"embeddable":true,"href":"https:\/\/agora.xtec.cat\/ceip-molidevent\/wp-json\/wp\/v2\/users\/1"}],"replies":[{"embeddable":true,"href":"https:\/\/agora.xtec.cat\/ceip-molidevent\/wp-json\/wp\/v2\/comments?post=625"}],"version-history":[{"count":1,"href":"https:\/\/agora.xtec.cat\/ceip-molidevent\/wp-json\/wp\/v2\/posts\/625\/revisions"}],"predecessor-version":[{"id":679,"href":"https:\/\/agora.xtec.cat\/ceip-molidevent\/wp-json\/wp\/v2\/posts\/625\/revisions\/679"}],"wp:attachment":[{"href":"https:\/\/agora.xtec.cat\/ceip-molidevent\/wp-json\/wp\/v2\/media?parent=625"}],"wp:term":[{"taxonomy":"category","embeddable":true,"href":"https:\/\/agora.xtec.cat\/ceip-molidevent\/wp-json\/wp\/v2\/categories?post=625"},{"taxonomy":"post_tag","embeddable":true,"href":"https:\/\/agora.xtec.cat\/ceip-molidevent\/wp-json\/wp\/v2\/tags?post=625"}],"curies":[{"name":"wp","href":"https:\/\/api.w.org\/{rel}","templated":true}]}}