{"id":6230,"date":"2025-11-04T15:32:56","date_gmt":"2025-11-04T14:32:56","guid":{"rendered":"https:\/\/agora.xtec.cat\/ceip-molidevent\/?p=6230"},"modified":"2025-11-04T15:32:56","modified_gmt":"2025-11-04T14:32:56","slug":"el-valor-educatiu-de-les-sortides-escolars","status":"publish","type":"post","link":"https:\/\/agora.xtec.cat\/ceip-molidevent\/portada\/el-valor-educatiu-de-les-sortides-escolars\/","title":{"rendered":"El valor educatiu de les sortides escolars"},"content":{"rendered":"<p><strong>Aprenem i descobrim amb les sortides!<\/strong><\/p>\n<p>Les sortides escolars s\u00f3n molt m\u00e9s que un dia fora de l\u2019aula, s\u00f3n moments molt especials. Permeten aprendre d\u2019una manera diferent: observant, tocant, preguntant i descobrint coses noves fora de l\u2019aula.<\/p>\n<p>Quan sortim, compartim experi\u00e8ncies amb els companys i companyes, treballem en equip i aprenem a respectar els espais i les persones que visitem. A m\u00e9s, ens ho passem molt b\u00e9 mentre continuem aprenent!<\/p>\n<p>A l\u2019escola donem molt valor a aquestes activitats, perqu\u00e8 creiem que aprendre tamb\u00e9 vol dir viure, explorar i gaudir del nostre entorn. Cada sortida est\u00e0 pensada perqu\u00e8 sigui segura, educativa i plena de moments que recordarem amb il\u00b7lusi\u00f3.<\/p>\n<p>Aquesta vegada l\u2019alumnat de 4t hem treballat la Prehist\u00f2ria i hem visitat la cova de la Font Major de l\u2019Espluga de Francol\u00ed. All\u00ed hem estat espectadors i alhora protagonistes de la vida i evoluci\u00f3 dels nostres avantpassats, comunitats humanes que hi van viure fa milers d\u2019anys.<\/p>\n\n\t\t<style type=\"text\/css\">\n\t\t\t#gallery-1 {\n\t\t\t\tmargin: auto;\n\t\t\t}\n\t\t\t#gallery-1 .gallery-item {\n\t\t\t\tfloat: left;\n\t\t\t\tmargin-top: 10px;\n\t\t\t\ttext-align: center;\n\t\t\t\twidth: 50%;\n\t\t\t}\n\t\t\t#gallery-1 img {\n\t\t\t\tborder: 2px solid #cfcfcf;\n\t\t\t}\n\t\t\t#gallery-1 .gallery-caption {\n\t\t\t\tmargin-left: 0;\n\t\t\t}\n\t\t\t\/* see gallery_shortcode() in wp-includes\/media.php *\/\n\t\t<\/style>\n\t\t<div id='gallery-1' class='gallery galleryid-6230 gallery-columns-2 gallery-size-full'><dl class='gallery-item'>\n\t\t\t<dt class='gallery-icon portrait'>\n\t\t\t\t<a href='https:\/\/agora.xtec.cat\/ceip-molidevent\/portada\/el-valor-educatiu-de-les-sortides-escolars\/attachment\/9a88a57b-a1ee-402b-a761-176785f5a3af\/'><img loading=\"lazy\" decoding=\"async\" width=\"874\" height=\"1920\" src=\"https:\/\/agora.xtec.cat\/ceip-molidevent\/wp-content\/uploads\/usu1187\/2025\/11\/9a88a57b-a1ee-402b-a761-176785f5a3af.jpg\" class=\"attachment-full size-full\" alt=\"\" srcset=\"https:\/\/agora.xtec.cat\/ceip-molidevent\/wp-content\/uploads\/usu1187\/2025\/11\/9a88a57b-a1ee-402b-a761-176785f5a3af.jpg 874w, https:\/\/agora.xtec.cat\/ceip-molidevent\/wp-content\/uploads\/usu1187\/2025\/11\/9a88a57b-a1ee-402b-a761-176785f5a3af-137x300.jpg 137w, https:\/\/agora.xtec.cat\/ceip-molidevent\/wp-content\/uploads\/usu1187\/2025\/11\/9a88a57b-a1ee-402b-a761-176785f5a3af-466x1024.jpg 466w, https:\/\/agora.xtec.cat\/ceip-molidevent\/wp-content\/uploads\/usu1187\/2025\/11\/9a88a57b-a1ee-402b-a761-176785f5a3af-768x1687.jpg 768w, https:\/\/agora.xtec.cat\/ceip-molidevent\/wp-content\/uploads\/usu1187\/2025\/11\/9a88a57b-a1ee-402b-a761-176785f5a3af-699x1536.jpg 699w\" sizes=\"auto, (max-width: 874px) 100vw, 874px\" \/><\/a>\n\t\t\t<\/dt><\/dl><dl class='gallery-item'>\n\t\t\t<dt class='gallery-icon portrait'>\n\t\t\t\t<a href='https:\/\/agora.xtec.cat\/ceip-molidevent\/portada\/el-valor-educatiu-de-les-sortides-escolars\/attachment\/024111c6-82b1-40c9-a8c9-63a9606e0e88\/'><img loading=\"lazy\" decoding=\"async\" width=\"1536\" height=\"2048\" src=\"https:\/\/agora.xtec.cat\/ceip-molidevent\/wp-content\/uploads\/usu1187\/2025\/11\/024111c6-82b1-40c9-a8c9-63a9606e0e88.jpg\" class=\"attachment-full size-full\" alt=\"\" srcset=\"https:\/\/agora.xtec.cat\/ceip-molidevent\/wp-content\/uploads\/usu1187\/2025\/11\/024111c6-82b1-40c9-a8c9-63a9606e0e88.jpg 1536w, https:\/\/agora.xtec.cat\/ceip-molidevent\/wp-content\/uploads\/usu1187\/2025\/11\/024111c6-82b1-40c9-a8c9-63a9606e0e88-225x300.jpg 225w, https:\/\/agora.xtec.cat\/ceip-molidevent\/wp-content\/uploads\/usu1187\/2025\/11\/024111c6-82b1-40c9-a8c9-63a9606e0e88-768x1024.jpg 768w, https:\/\/agora.xtec.cat\/ceip-molidevent\/wp-content\/uploads\/usu1187\/2025\/11\/024111c6-82b1-40c9-a8c9-63a9606e0e88-1152x1536.jpg 1152w\" sizes=\"auto, (max-width: 1536px) 100vw, 1536px\" \/><\/a>\n\t\t\t<\/dt><\/dl><br style=\"clear: both\" \/><dl class='gallery-item'>\n\t\t\t<dt class='gallery-icon portrait'>\n\t\t\t\t<a href='https:\/\/agora.xtec.cat\/ceip-molidevent\/portada\/el-valor-educatiu-de-les-sortides-escolars\/attachment\/89522cef-d034-41f7-ad37-92f0540eed0c\/'><img loading=\"lazy\" decoding=\"async\" width=\"1536\" height=\"2048\" src=\"https:\/\/agora.xtec.cat\/ceip-molidevent\/wp-content\/uploads\/usu1187\/2025\/11\/89522cef-d034-41f7-ad37-92f0540eed0c.jpg\" class=\"attachment-full size-full\" alt=\"\" srcset=\"https:\/\/agora.xtec.cat\/ceip-molidevent\/wp-content\/uploads\/usu1187\/2025\/11\/89522cef-d034-41f7-ad37-92f0540eed0c.jpg 1536w, https:\/\/agora.xtec.cat\/ceip-molidevent\/wp-content\/uploads\/usu1187\/2025\/11\/89522cef-d034-41f7-ad37-92f0540eed0c-225x300.jpg 225w, https:\/\/agora.xtec.cat\/ceip-molidevent\/wp-content\/uploads\/usu1187\/2025\/11\/89522cef-d034-41f7-ad37-92f0540eed0c-768x1024.jpg 768w, https:\/\/agora.xtec.cat\/ceip-molidevent\/wp-content\/uploads\/usu1187\/2025\/11\/89522cef-d034-41f7-ad37-92f0540eed0c-1152x1536.jpg 1152w\" sizes=\"auto, (max-width: 1536px) 100vw, 1536px\" \/><\/a>\n\t\t\t<\/dt><\/dl><dl class='gallery-item'>\n\t\t\t<dt class='gallery-icon portrait'>\n\t\t\t\t<a href='https:\/\/agora.xtec.cat\/ceip-molidevent\/portada\/el-valor-educatiu-de-les-sortides-escolars\/attachment\/e121266d-839c-44f2-9a65-859879b4c3c8\/'><img loading=\"lazy\" decoding=\"async\" width=\"899\" height=\"1599\" src=\"https:\/\/agora.xtec.cat\/ceip-molidevent\/wp-content\/uploads\/usu1187\/2025\/11\/e121266d-839c-44f2-9a65-859879b4c3c8.jpg\" class=\"attachment-full size-full\" alt=\"\" srcset=\"https:\/\/agora.xtec.cat\/ceip-molidevent\/wp-content\/uploads\/usu1187\/2025\/11\/e121266d-839c-44f2-9a65-859879b4c3c8.jpg 899w, https:\/\/agora.xtec.cat\/ceip-molidevent\/wp-content\/uploads\/usu1187\/2025\/11\/e121266d-839c-44f2-9a65-859879b4c3c8-169x300.jpg 169w, https:\/\/agora.xtec.cat\/ceip-molidevent\/wp-content\/uploads\/usu1187\/2025\/11\/e121266d-839c-44f2-9a65-859879b4c3c8-576x1024.jpg 576w, https:\/\/agora.xtec.cat\/ceip-molidevent\/wp-content\/uploads\/usu1187\/2025\/11\/e121266d-839c-44f2-9a65-859879b4c3c8-768x1366.jpg 768w, https:\/\/agora.xtec.cat\/ceip-molidevent\/wp-content\/uploads\/usu1187\/2025\/11\/e121266d-839c-44f2-9a65-859879b4c3c8-864x1536.jpg 864w\" sizes=\"auto, (max-width: 899px) 100vw, 899px\" \/><\/a>\n\t\t\t<\/dt><\/dl><br style=\"clear: both\" \/>\n\t\t<\/div>\n\n","protected":false},"excerpt":{"rendered":"<p>Aprenem i descobrim amb les sortides!<br \/>\nLes sortides escolars s\u00f3n molt m\u00e9s que un dia fora de l\u2019aula, s\u00f3n moments molt especials. Permeten aprendre d\u2019una manera diferent: observant, tocant, preguntant i descobrint coses noves fora de l\u2019aula.<br \/>\nQuan sortim, compartim experi\u00e8ncies amb els companys i companyes, treballem&hellip;  <a href=\"https:\/\/agora.xtec.cat\/ceip-molidevent\/portada\/el-valor-educatiu-de-les-sortides-escolars\/\" title=\"Read El valor educatiu de les sortides escolars\">Llegeix m\u00e9s\u00bb<\/a><\/p>\n","protected":false},"author":1,"featured_media":0,"comment_status":"closed","ping_status":"open","sticky":false,"template":"","format":"standard","meta":{"_bbp_topic_count":0,"_bbp_reply_count":0,"_bbp_total_topic_count":0,"_bbp_total_reply_count":0,"_bbp_voice_count":0,"_bbp_anonymous_reply_count":0,"_bbp_topic_count_hidden":0,"_bbp_reply_count_hidden":0,"_bbp_forum_subforum_count":0,"footnotes":""},"categories":[219,4,5,78],"tags":[],"class_list":["post-6230","post","type-post","status-publish","format-standard","hentry","category-25-26","category-portada","category-primaria","category-cicle-mitja"],"post_mailing_queue_ids":[],"_links":{"self":[{"href":"https:\/\/agora.xtec.cat\/ceip-molidevent\/wp-json\/wp\/v2\/posts\/6230","targetHints":{"allow":["GET"]}}],"collection":[{"href":"https:\/\/agora.xtec.cat\/ceip-molidevent\/wp-json\/wp\/v2\/posts"}],"about":[{"href":"https:\/\/agora.xtec.cat\/ceip-molidevent\/wp-json\/wp\/v2\/types\/post"}],"author":[{"embeddable":true,"href":"https:\/\/agora.xtec.cat\/ceip-molidevent\/wp-json\/wp\/v2\/users\/1"}],"replies":[{"embeddable":true,"href":"https:\/\/agora.xtec.cat\/ceip-molidevent\/wp-json\/wp\/v2\/comments?post=6230"}],"version-history":[{"count":1,"href":"https:\/\/agora.xtec.cat\/ceip-molidevent\/wp-json\/wp\/v2\/posts\/6230\/revisions"}],"predecessor-version":[{"id":6235,"href":"https:\/\/agora.xtec.cat\/ceip-molidevent\/wp-json\/wp\/v2\/posts\/6230\/revisions\/6235"}],"wp:attachment":[{"href":"https:\/\/agora.xtec.cat\/ceip-molidevent\/wp-json\/wp\/v2\/media?parent=6230"}],"wp:term":[{"taxonomy":"category","embeddable":true,"href":"https:\/\/agora.xtec.cat\/ceip-molidevent\/wp-json\/wp\/v2\/categories?post=6230"},{"taxonomy":"post_tag","embeddable":true,"href":"https:\/\/agora.xtec.cat\/ceip-molidevent\/wp-json\/wp\/v2\/tags?post=6230"}],"curies":[{"name":"wp","href":"https:\/\/api.w.org\/{rel}","templated":true}]}}