{"id":6150,"date":"2025-10-17T15:27:54","date_gmt":"2025-10-17T13:27:54","guid":{"rendered":"https:\/\/agora.xtec.cat\/ceip-molidevent\/?p=6150"},"modified":"2025-10-17T15:27:54","modified_gmt":"2025-10-17T13:27:54","slug":"projecte-de-plantes-aromatiques-a-lescola","status":"publish","type":"post","link":"https:\/\/agora.xtec.cat\/ceip-molidevent\/general\/projecte-de-plantes-aromatiques-a-lescola\/","title":{"rendered":"Projecte de plantes arom\u00e0tiques a l\u2019escola"},"content":{"rendered":"<p>A l\u2019escola avui hem repr\u00e8s una activitat molt especial dedicada a les plantes arom\u00e0tiques, amb la col\u00b7laboraci\u00f3 dels nois i noies de la Fundaci\u00f3 Onada, dins el marc del Pla Educatiu d\u2019Entorn. Aquest programa ens ofereix oportunitats educatives compartides amb entitats i associacions locals.<\/p>\n<p>Els nens i les nenes de segon i nois i noies de la Fundaci\u00f3 Onada, amb el guiatge de la Mireia i les mestres de l\u2019escola, han fet tasques d\u2019arranjament dels parterres on estan ubicades les plantes i han pogut recon\u00e8ixer i identificar diferents esp\u00e8cies arom\u00e0tiques.<\/p>\n<p>Aquesta experi\u00e8ncia tan enriquidora<strong> continuar\u00e0 al llarg del curs <\/strong>i ens oferir\u00e0<strong> una gran oportunitat d\u2019aprenentatge vivencial i significatiu. <\/strong>Ens ajudar\u00e0 a<strong> tenir cura de la natura, a treballar plegats i a descobrir la riquesa i la diversitat del nostre entorn<\/strong> d\u2019una manera propera i motivadora.<\/p>\n\n\t\t<style type=\"text\/css\">\n\t\t\t#gallery-1 {\n\t\t\t\tmargin: auto;\n\t\t\t}\n\t\t\t#gallery-1 .gallery-item {\n\t\t\t\tfloat: left;\n\t\t\t\tmargin-top: 10px;\n\t\t\t\ttext-align: center;\n\t\t\t\twidth: 33%;\n\t\t\t}\n\t\t\t#gallery-1 img {\n\t\t\t\tborder: 2px solid #cfcfcf;\n\t\t\t}\n\t\t\t#gallery-1 .gallery-caption {\n\t\t\t\tmargin-left: 0;\n\t\t\t}\n\t\t\t\/* see gallery_shortcode() in wp-includes\/media.php *\/\n\t\t<\/style>\n\t\t<div id='gallery-1' class='gallery galleryid-6150 gallery-columns-3 gallery-size-full'><dl class='gallery-item'>\n\t\t\t<dt class='gallery-icon landscape'>\n\t\t\t\t<a href='https:\/\/agora.xtec.cat\/ceip-molidevent\/general\/projecte-de-plantes-aromatiques-a-lescola\/attachment\/3a62e83c-8063-4c2c-9333-510f2d801799\/'><img loading=\"lazy\" decoding=\"async\" width=\"2048\" height=\"1536\" src=\"https:\/\/agora.xtec.cat\/ceip-molidevent\/wp-content\/uploads\/usu1187\/2025\/10\/3a62e83c-8063-4c2c-9333-510f2d801799.jpg\" class=\"attachment-full size-full\" alt=\"\" srcset=\"https:\/\/agora.xtec.cat\/ceip-molidevent\/wp-content\/uploads\/usu1187\/2025\/10\/3a62e83c-8063-4c2c-9333-510f2d801799.jpg 2048w, https:\/\/agora.xtec.cat\/ceip-molidevent\/wp-content\/uploads\/usu1187\/2025\/10\/3a62e83c-8063-4c2c-9333-510f2d801799-300x225.jpg 300w, https:\/\/agora.xtec.cat\/ceip-molidevent\/wp-content\/uploads\/usu1187\/2025\/10\/3a62e83c-8063-4c2c-9333-510f2d801799-1024x768.jpg 1024w, https:\/\/agora.xtec.cat\/ceip-molidevent\/wp-content\/uploads\/usu1187\/2025\/10\/3a62e83c-8063-4c2c-9333-510f2d801799-768x576.jpg 768w, https:\/\/agora.xtec.cat\/ceip-molidevent\/wp-content\/uploads\/usu1187\/2025\/10\/3a62e83c-8063-4c2c-9333-510f2d801799-1536x1152.jpg 1536w, https:\/\/agora.xtec.cat\/ceip-molidevent\/wp-content\/uploads\/usu1187\/2025\/10\/3a62e83c-8063-4c2c-9333-510f2d801799-200x150.jpg 200w\" sizes=\"auto, (max-width: 2048px) 100vw, 2048px\" \/><\/a>\n\t\t\t<\/dt><\/dl><dl class='gallery-item'>\n\t\t\t<dt class='gallery-icon landscape'>\n\t\t\t\t<a href='https:\/\/agora.xtec.cat\/ceip-molidevent\/general\/projecte-de-plantes-aromatiques-a-lescola\/attachment\/542a3270-b6ae-4d5d-a4e0-bfaad11dffa1\/'><img loading=\"lazy\" decoding=\"async\" width=\"2048\" height=\"1536\" src=\"https:\/\/agora.xtec.cat\/ceip-molidevent\/wp-content\/uploads\/usu1187\/2025\/10\/542a3270-b6ae-4d5d-a4e0-bfaad11dffa1.jpg\" class=\"attachment-full size-full\" alt=\"\" srcset=\"https:\/\/agora.xtec.cat\/ceip-molidevent\/wp-content\/uploads\/usu1187\/2025\/10\/542a3270-b6ae-4d5d-a4e0-bfaad11dffa1.jpg 2048w, https:\/\/agora.xtec.cat\/ceip-molidevent\/wp-content\/uploads\/usu1187\/2025\/10\/542a3270-b6ae-4d5d-a4e0-bfaad11dffa1-300x225.jpg 300w, https:\/\/agora.xtec.cat\/ceip-molidevent\/wp-content\/uploads\/usu1187\/2025\/10\/542a3270-b6ae-4d5d-a4e0-bfaad11dffa1-1024x768.jpg 1024w, https:\/\/agora.xtec.cat\/ceip-molidevent\/wp-content\/uploads\/usu1187\/2025\/10\/542a3270-b6ae-4d5d-a4e0-bfaad11dffa1-768x576.jpg 768w, https:\/\/agora.xtec.cat\/ceip-molidevent\/wp-content\/uploads\/usu1187\/2025\/10\/542a3270-b6ae-4d5d-a4e0-bfaad11dffa1-1536x1152.jpg 1536w, https:\/\/agora.xtec.cat\/ceip-molidevent\/wp-content\/uploads\/usu1187\/2025\/10\/542a3270-b6ae-4d5d-a4e0-bfaad11dffa1-200x150.jpg 200w\" sizes=\"auto, (max-width: 2048px) 100vw, 2048px\" \/><\/a>\n\t\t\t<\/dt><\/dl><dl class='gallery-item'>\n\t\t\t<dt class='gallery-icon landscape'>\n\t\t\t\t<a href='https:\/\/agora.xtec.cat\/ceip-molidevent\/general\/projecte-de-plantes-aromatiques-a-lescola\/attachment\/8449dd5c-743b-4705-acf0-a541fbc73ca8\/'><img loading=\"lazy\" decoding=\"async\" width=\"2048\" height=\"1536\" src=\"https:\/\/agora.xtec.cat\/ceip-molidevent\/wp-content\/uploads\/usu1187\/2025\/10\/8449dd5c-743b-4705-acf0-a541fbc73ca8.jpg\" class=\"attachment-full size-full\" alt=\"\" srcset=\"https:\/\/agora.xtec.cat\/ceip-molidevent\/wp-content\/uploads\/usu1187\/2025\/10\/8449dd5c-743b-4705-acf0-a541fbc73ca8.jpg 2048w, https:\/\/agora.xtec.cat\/ceip-molidevent\/wp-content\/uploads\/usu1187\/2025\/10\/8449dd5c-743b-4705-acf0-a541fbc73ca8-300x225.jpg 300w, https:\/\/agora.xtec.cat\/ceip-molidevent\/wp-content\/uploads\/usu1187\/2025\/10\/8449dd5c-743b-4705-acf0-a541fbc73ca8-1024x768.jpg 1024w, https:\/\/agora.xtec.cat\/ceip-molidevent\/wp-content\/uploads\/usu1187\/2025\/10\/8449dd5c-743b-4705-acf0-a541fbc73ca8-768x576.jpg 768w, https:\/\/agora.xtec.cat\/ceip-molidevent\/wp-content\/uploads\/usu1187\/2025\/10\/8449dd5c-743b-4705-acf0-a541fbc73ca8-1536x1152.jpg 1536w, https:\/\/agora.xtec.cat\/ceip-molidevent\/wp-content\/uploads\/usu1187\/2025\/10\/8449dd5c-743b-4705-acf0-a541fbc73ca8-200x150.jpg 200w\" sizes=\"auto, (max-width: 2048px) 100vw, 2048px\" \/><\/a>\n\t\t\t<\/dt><\/dl><br style=\"clear: both\" \/><dl class='gallery-item'>\n\t\t\t<dt class='gallery-icon landscape'>\n\t\t\t\t<a href='https:\/\/agora.xtec.cat\/ceip-molidevent\/general\/projecte-de-plantes-aromatiques-a-lescola\/attachment\/019513fb-ee3b-4cca-afc5-22416f8edc79\/'><img loading=\"lazy\" decoding=\"async\" width=\"2048\" height=\"1536\" src=\"https:\/\/agora.xtec.cat\/ceip-molidevent\/wp-content\/uploads\/usu1187\/2025\/10\/019513fb-ee3b-4cca-afc5-22416f8edc79.jpg\" class=\"attachment-full size-full\" alt=\"\" srcset=\"https:\/\/agora.xtec.cat\/ceip-molidevent\/wp-content\/uploads\/usu1187\/2025\/10\/019513fb-ee3b-4cca-afc5-22416f8edc79.jpg 2048w, https:\/\/agora.xtec.cat\/ceip-molidevent\/wp-content\/uploads\/usu1187\/2025\/10\/019513fb-ee3b-4cca-afc5-22416f8edc79-300x225.jpg 300w, https:\/\/agora.xtec.cat\/ceip-molidevent\/wp-content\/uploads\/usu1187\/2025\/10\/019513fb-ee3b-4cca-afc5-22416f8edc79-1024x768.jpg 1024w, https:\/\/agora.xtec.cat\/ceip-molidevent\/wp-content\/uploads\/usu1187\/2025\/10\/019513fb-ee3b-4cca-afc5-22416f8edc79-768x576.jpg 768w, https:\/\/agora.xtec.cat\/ceip-molidevent\/wp-content\/uploads\/usu1187\/2025\/10\/019513fb-ee3b-4cca-afc5-22416f8edc79-1536x1152.jpg 1536w, https:\/\/agora.xtec.cat\/ceip-molidevent\/wp-content\/uploads\/usu1187\/2025\/10\/019513fb-ee3b-4cca-afc5-22416f8edc79-200x150.jpg 200w\" sizes=\"auto, (max-width: 2048px) 100vw, 2048px\" \/><\/a>\n\t\t\t<\/dt><\/dl><dl class='gallery-item'>\n\t\t\t<dt class='gallery-icon portrait'>\n\t\t\t\t<a href='https:\/\/agora.xtec.cat\/ceip-molidevent\/general\/projecte-de-plantes-aromatiques-a-lescola\/attachment\/c465e836-fb21-4e2c-ab14-f26920bcb252\/'><img loading=\"lazy\" decoding=\"async\" width=\"594\" height=\"625\" src=\"https:\/\/agora.xtec.cat\/ceip-molidevent\/wp-content\/uploads\/usu1187\/2025\/10\/c465e836-fb21-4e2c-ab14-f26920bcb252.jpg\" class=\"attachment-full size-full\" alt=\"\" srcset=\"https:\/\/agora.xtec.cat\/ceip-molidevent\/wp-content\/uploads\/usu1187\/2025\/10\/c465e836-fb21-4e2c-ab14-f26920bcb252.jpg 594w, https:\/\/agora.xtec.cat\/ceip-molidevent\/wp-content\/uploads\/usu1187\/2025\/10\/c465e836-fb21-4e2c-ab14-f26920bcb252-285x300.jpg 285w\" sizes=\"auto, (max-width: 594px) 100vw, 594px\" \/><\/a>\n\t\t\t<\/dt><\/dl>\n\t\t\t<br style='clear: both' \/>\n\t\t<\/div>\n\n","protected":false},"excerpt":{"rendered":"<p>A l\u2019escola avui hem repr\u00e8s una activitat molt especial dedicada a les plantes arom\u00e0tiques, amb la col\u00b7laboraci\u00f3 dels nois i noies de la Fundaci\u00f3 Onada, dins el marc del Pla Educatiu d\u2019Entorn. Aquest programa ens ofereix oportunitats educatives compartides amb entitats i associacions locals.<br \/>\nEls nens&hellip;  <a href=\"https:\/\/agora.xtec.cat\/ceip-molidevent\/general\/projecte-de-plantes-aromatiques-a-lescola\/\" title=\"Read Projecte de plantes arom\u00e0tiques a l\u2019escola\">Llegeix m\u00e9s\u00bb<\/a><\/p>\n","protected":false},"author":1,"featured_media":0,"comment_status":"closed","ping_status":"open","sticky":false,"template":"","format":"standard","meta":{"_bbp_topic_count":0,"_bbp_reply_count":0,"_bbp_total_topic_count":0,"_bbp_total_reply_count":0,"_bbp_voice_count":0,"_bbp_anonymous_reply_count":0,"_bbp_topic_count_hidden":0,"_bbp_reply_count_hidden":0,"_bbp_forum_subforum_count":0,"footnotes":""},"categories":[219,11,1,4,5],"tags":[],"class_list":["post-6150","post","type-post","status-publish","format-standard","hentry","category-25-26","category-2n","category-general","category-portada","category-primaria"],"post_mailing_queue_ids":[],"_links":{"self":[{"href":"https:\/\/agora.xtec.cat\/ceip-molidevent\/wp-json\/wp\/v2\/posts\/6150","targetHints":{"allow":["GET"]}}],"collection":[{"href":"https:\/\/agora.xtec.cat\/ceip-molidevent\/wp-json\/wp\/v2\/posts"}],"about":[{"href":"https:\/\/agora.xtec.cat\/ceip-molidevent\/wp-json\/wp\/v2\/types\/post"}],"author":[{"embeddable":true,"href":"https:\/\/agora.xtec.cat\/ceip-molidevent\/wp-json\/wp\/v2\/users\/1"}],"replies":[{"embeddable":true,"href":"https:\/\/agora.xtec.cat\/ceip-molidevent\/wp-json\/wp\/v2\/comments?post=6150"}],"version-history":[{"count":1,"href":"https:\/\/agora.xtec.cat\/ceip-molidevent\/wp-json\/wp\/v2\/posts\/6150\/revisions"}],"predecessor-version":[{"id":6156,"href":"https:\/\/agora.xtec.cat\/ceip-molidevent\/wp-json\/wp\/v2\/posts\/6150\/revisions\/6156"}],"wp:attachment":[{"href":"https:\/\/agora.xtec.cat\/ceip-molidevent\/wp-json\/wp\/v2\/media?parent=6150"}],"wp:term":[{"taxonomy":"category","embeddable":true,"href":"https:\/\/agora.xtec.cat\/ceip-molidevent\/wp-json\/wp\/v2\/categories?post=6150"},{"taxonomy":"post_tag","embeddable":true,"href":"https:\/\/agora.xtec.cat\/ceip-molidevent\/wp-json\/wp\/v2\/tags?post=6150"}],"curies":[{"name":"wp","href":"https:\/\/api.w.org\/{rel}","templated":true}]}}