{"id":6109,"date":"2025-09-19T16:09:39","date_gmt":"2025-09-19T14:09:39","guid":{"rendered":"https:\/\/agora.xtec.cat\/ceip-molidevent\/?p=6109"},"modified":"2025-09-19T16:09:39","modified_gmt":"2025-09-19T14:09:39","slug":"benvinguts-al-nou-curs-escolar","status":"publish","type":"post","link":"https:\/\/agora.xtec.cat\/ceip-molidevent\/portada\/benvinguts-al-nou-curs-escolar\/","title":{"rendered":"Benvinguts al nou curs escolar!"},"content":{"rendered":"<p>Comencem un nou curs ple de projectes, il\u00b7lusions i ganes de compartir viv\u00e8ncies, coneixements, jocs, aprenentatges&#8230;<\/p>\n<p>Tot l\u2019equip docent, monitoratge i altre personal ens sentim amb empenta i motivaci\u00f3 per fer un bon acompanyament a tots els infants, amb l\u2019objectiu que se sentin a gust a l\u2019escola, es relacionin de manera positiva i avancin en els seus aprenentatges respectant el ritme i les necessitats de cadasc\u00fa.<\/p>\n<p>Ja des dels primers dies, les rutines s\u2019han anat integrant en l\u2019horari i hem comen\u00e7at a gaudir de totes aquelles activitats que donen vida al dia a dia: les que continuen, les que es renoven i, fins i tot, les que recuperem amb especial il\u00b7lusi\u00f3.<\/p>\n<p>Enguany estem molt contents de reprendre les <strong>jornades escolars d\u2019atletisme<\/strong>, que s\u2019estan duent a terme aquests dies i en les que hi participa l\u2019alumnat de segon i tercer cicle. S\u00f3n una magn\u00edfica oportunitat per promoure l\u2019activitat f\u00edsica \u2014tan necess\u00e0ria per al desenvolupament dels infants\u2014, alhora que enfortim els vincles amb entitats locals i fem cr\u00e9ixer aquest <strong>teixit educatiu 360\u00ba<\/strong>, aprofitant totes les oportunitats formatives i d\u2019aprenentatge que ens ofereix l\u2019entorn.<\/p>\n<p>Iniciem aquest curs amb il\u00b7lusi\u00f3, comprom\u00eds i el desig de fer cam\u00ed plegats, aprenent i creixent junts.<\/p>\n<p><img loading=\"lazy\" decoding=\"async\" class=\"alignnone size-large wp-image-6114\" src=\"https:\/\/agora.xtec.cat\/ceip-molidevent\/wp-content\/uploads\/usu1187\/2025\/09\/FOTO-GRUP-MESTRES-1024x768.jpg\" alt=\"\" width=\"1024\" height=\"768\" srcset=\"https:\/\/agora.xtec.cat\/ceip-molidevent\/wp-content\/uploads\/usu1187\/2025\/09\/FOTO-GRUP-MESTRES-1024x768.jpg 1024w, https:\/\/agora.xtec.cat\/ceip-molidevent\/wp-content\/uploads\/usu1187\/2025\/09\/FOTO-GRUP-MESTRES-300x225.jpg 300w, https:\/\/agora.xtec.cat\/ceip-molidevent\/wp-content\/uploads\/usu1187\/2025\/09\/FOTO-GRUP-MESTRES-768x576.jpg 768w, https:\/\/agora.xtec.cat\/ceip-molidevent\/wp-content\/uploads\/usu1187\/2025\/09\/FOTO-GRUP-MESTRES-1536x1152.jpg 1536w, https:\/\/agora.xtec.cat\/ceip-molidevent\/wp-content\/uploads\/usu1187\/2025\/09\/FOTO-GRUP-MESTRES-200x150.jpg 200w, https:\/\/agora.xtec.cat\/ceip-molidevent\/wp-content\/uploads\/usu1187\/2025\/09\/FOTO-GRUP-MESTRES.jpg 1600w\" sizes=\"auto, (max-width: 1024px) 100vw, 1024px\" \/><\/p>\n\n\t\t<style type=\"text\/css\">\n\t\t\t#gallery-1 {\n\t\t\t\tmargin: auto;\n\t\t\t}\n\t\t\t#gallery-1 .gallery-item {\n\t\t\t\tfloat: left;\n\t\t\t\tmargin-top: 10px;\n\t\t\t\ttext-align: center;\n\t\t\t\twidth: 33%;\n\t\t\t}\n\t\t\t#gallery-1 img {\n\t\t\t\tborder: 2px solid #cfcfcf;\n\t\t\t}\n\t\t\t#gallery-1 .gallery-caption {\n\t\t\t\tmargin-left: 0;\n\t\t\t}\n\t\t\t\/* see gallery_shortcode() in wp-includes\/media.php *\/\n\t\t<\/style>\n\t\t<div id='gallery-1' class='gallery galleryid-6109 gallery-columns-3 gallery-size-large'><dl class='gallery-item'>\n\t\t\t<dt class='gallery-icon portrait'>\n\t\t\t\t<a href='https:\/\/agora.xtec.cat\/ceip-molidevent\/portada\/benvinguts-al-nou-curs-escolar\/attachment\/atletisme-2\/'><img loading=\"lazy\" decoding=\"async\" width=\"768\" height=\"1024\" src=\"https:\/\/agora.xtec.cat\/ceip-molidevent\/wp-content\/uploads\/usu1187\/2025\/09\/ATLETISME-2-768x1024.jpg\" class=\"attachment-large size-large\" alt=\"\" srcset=\"https:\/\/agora.xtec.cat\/ceip-molidevent\/wp-content\/uploads\/usu1187\/2025\/09\/ATLETISME-2-768x1024.jpg 768w, https:\/\/agora.xtec.cat\/ceip-molidevent\/wp-content\/uploads\/usu1187\/2025\/09\/ATLETISME-2-225x300.jpg 225w, https:\/\/agora.xtec.cat\/ceip-molidevent\/wp-content\/uploads\/usu1187\/2025\/09\/ATLETISME-2-1152x1536.jpg 1152w, https:\/\/agora.xtec.cat\/ceip-molidevent\/wp-content\/uploads\/usu1187\/2025\/09\/ATLETISME-2.jpg 1200w\" sizes=\"auto, (max-width: 768px) 100vw, 768px\" \/><\/a>\n\t\t\t<\/dt><\/dl><dl class='gallery-item'>\n\t\t\t<dt class='gallery-icon landscape'>\n\t\t\t\t<a href='https:\/\/agora.xtec.cat\/ceip-molidevent\/portada\/benvinguts-al-nou-curs-escolar\/attachment\/atletisme-3\/'><img loading=\"lazy\" decoding=\"async\" width=\"1024\" height=\"768\" src=\"https:\/\/agora.xtec.cat\/ceip-molidevent\/wp-content\/uploads\/usu1187\/2025\/09\/ATLETISME-3-1024x768.jpg\" class=\"attachment-large size-large\" alt=\"\" srcset=\"https:\/\/agora.xtec.cat\/ceip-molidevent\/wp-content\/uploads\/usu1187\/2025\/09\/ATLETISME-3-1024x768.jpg 1024w, https:\/\/agora.xtec.cat\/ceip-molidevent\/wp-content\/uploads\/usu1187\/2025\/09\/ATLETISME-3-300x225.jpg 300w, https:\/\/agora.xtec.cat\/ceip-molidevent\/wp-content\/uploads\/usu1187\/2025\/09\/ATLETISME-3-768x576.jpg 768w, https:\/\/agora.xtec.cat\/ceip-molidevent\/wp-content\/uploads\/usu1187\/2025\/09\/ATLETISME-3-1536x1152.jpg 1536w, https:\/\/agora.xtec.cat\/ceip-molidevent\/wp-content\/uploads\/usu1187\/2025\/09\/ATLETISME-3-200x150.jpg 200w, https:\/\/agora.xtec.cat\/ceip-molidevent\/wp-content\/uploads\/usu1187\/2025\/09\/ATLETISME-3.jpg 1600w\" sizes=\"auto, (max-width: 1024px) 100vw, 1024px\" \/><\/a>\n\t\t\t<\/dt><\/dl><dl class='gallery-item'>\n\t\t\t<dt class='gallery-icon landscape'>\n\t\t\t\t<a href='https:\/\/agora.xtec.cat\/ceip-molidevent\/portada\/benvinguts-al-nou-curs-escolar\/attachment\/atletisme-4\/'><img loading=\"lazy\" decoding=\"async\" width=\"1024\" height=\"768\" src=\"https:\/\/agora.xtec.cat\/ceip-molidevent\/wp-content\/uploads\/usu1187\/2025\/09\/ATLETISME-4-1024x768.jpg\" class=\"attachment-large size-large\" alt=\"\" srcset=\"https:\/\/agora.xtec.cat\/ceip-molidevent\/wp-content\/uploads\/usu1187\/2025\/09\/ATLETISME-4-1024x768.jpg 1024w, https:\/\/agora.xtec.cat\/ceip-molidevent\/wp-content\/uploads\/usu1187\/2025\/09\/ATLETISME-4-300x225.jpg 300w, https:\/\/agora.xtec.cat\/ceip-molidevent\/wp-content\/uploads\/usu1187\/2025\/09\/ATLETISME-4-768x576.jpg 768w, https:\/\/agora.xtec.cat\/ceip-molidevent\/wp-content\/uploads\/usu1187\/2025\/09\/ATLETISME-4-1536x1152.jpg 1536w, https:\/\/agora.xtec.cat\/ceip-molidevent\/wp-content\/uploads\/usu1187\/2025\/09\/ATLETISME-4-200x150.jpg 200w, https:\/\/agora.xtec.cat\/ceip-molidevent\/wp-content\/uploads\/usu1187\/2025\/09\/ATLETISME-4.jpg 1600w\" sizes=\"auto, (max-width: 1024px) 100vw, 1024px\" \/><\/a>\n\t\t\t<\/dt><\/dl><br style=\"clear: both\" \/>\n\t\t<\/div>\n\n","protected":false},"excerpt":{"rendered":"<p>Comencem un nou curs ple de projectes, il\u00b7lusions i ganes de compartir viv\u00e8ncies, coneixements, jocs, aprenentatges&#8230;<br \/>\nTot l\u2019equip docent, monitoratge i altre personal ens sentim amb empenta i motivaci\u00f3 per fer un bon acompanyament a tots els infants, amb l\u2019objectiu que se sentin a gust a&hellip;  <a href=\"https:\/\/agora.xtec.cat\/ceip-molidevent\/portada\/benvinguts-al-nou-curs-escolar\/\" title=\"Read Benvinguts al nou curs escolar!\">Llegeix m\u00e9s\u00bb<\/a><\/p>\n","protected":false},"author":1,"featured_media":0,"comment_status":"closed","ping_status":"open","sticky":false,"template":"","format":"standard","meta":{"_bbp_topic_count":0,"_bbp_reply_count":0,"_bbp_total_topic_count":0,"_bbp_total_reply_count":0,"_bbp_voice_count":0,"_bbp_anonymous_reply_count":0,"_bbp_topic_count_hidden":0,"_bbp_reply_count_hidden":0,"_bbp_forum_subforum_count":0,"footnotes":""},"categories":[219,4],"tags":[],"class_list":["post-6109","post","type-post","status-publish","format-standard","hentry","category-25-26","category-portada"],"post_mailing_queue_ids":[],"_links":{"self":[{"href":"https:\/\/agora.xtec.cat\/ceip-molidevent\/wp-json\/wp\/v2\/posts\/6109","targetHints":{"allow":["GET"]}}],"collection":[{"href":"https:\/\/agora.xtec.cat\/ceip-molidevent\/wp-json\/wp\/v2\/posts"}],"about":[{"href":"https:\/\/agora.xtec.cat\/ceip-molidevent\/wp-json\/wp\/v2\/types\/post"}],"author":[{"embeddable":true,"href":"https:\/\/agora.xtec.cat\/ceip-molidevent\/wp-json\/wp\/v2\/users\/1"}],"replies":[{"embeddable":true,"href":"https:\/\/agora.xtec.cat\/ceip-molidevent\/wp-json\/wp\/v2\/comments?post=6109"}],"version-history":[{"count":1,"href":"https:\/\/agora.xtec.cat\/ceip-molidevent\/wp-json\/wp\/v2\/posts\/6109\/revisions"}],"predecessor-version":[{"id":6115,"href":"https:\/\/agora.xtec.cat\/ceip-molidevent\/wp-json\/wp\/v2\/posts\/6109\/revisions\/6115"}],"wp:attachment":[{"href":"https:\/\/agora.xtec.cat\/ceip-molidevent\/wp-json\/wp\/v2\/media?parent=6109"}],"wp:term":[{"taxonomy":"category","embeddable":true,"href":"https:\/\/agora.xtec.cat\/ceip-molidevent\/wp-json\/wp\/v2\/categories?post=6109"},{"taxonomy":"post_tag","embeddable":true,"href":"https:\/\/agora.xtec.cat\/ceip-molidevent\/wp-json\/wp\/v2\/tags?post=6109"}],"curies":[{"name":"wp","href":"https:\/\/api.w.org\/{rel}","templated":true}]}}