{"id":6033,"date":"2025-03-14T15:45:40","date_gmt":"2025-03-14T14:45:40","guid":{"rendered":"https:\/\/agora.xtec.cat\/ceip-molidevent\/?p=6033"},"modified":"2025-03-14T16:25:20","modified_gmt":"2025-03-14T15:25:20","slug":"exposicio-del-dia-de-la-dona","status":"publish","type":"post","link":"https:\/\/agora.xtec.cat\/ceip-molidevent\/portada\/exposicio-del-dia-de-la-dona\/","title":{"rendered":"Exposici\u00f3 del Dia de la Dona"},"content":{"rendered":"<p><span style=\"font-weight: 400;\">Aquesta setmana hem tingut l\u2019oportunitat de celebrar el Dia de la Dona amb una exposici\u00f3 molt especial, fruit del treball i la creativitat de tots els i les nostres alumnes, que han aportat el seu granet de sorra per donar visibilitat a dones que han deixat empremta, tant en l\u2019entorn proper com en el m\u00f3n de la ci\u00e8ncia, l\u2019art i l\u2019esport.<\/span><\/p>\n<p><span style=\"font-weight: 400;\">A educaci\u00f3 infantil (I3, I4 i I5), els infants han creat l\u2019espai expositiu &#8220;Dones que estimem&#8221;, on han decorat banderoles amb dibuixos de dones importants per a ells i elles, compartint l\u2019afecte i l\u2019admiraci\u00f3 cap a mares, \u00e0vies, germanes i altres referents.<\/span><\/p>\n<p><span style=\"font-weight: 400;\">L&#8217;alumnat de 1r i 2n ha investigat sobre &#8220;Dones inventores&#8221;, descobrint hist\u00f2ries fascinants de dones que s&#8217;han trobat amb obstacles que els han dificultat avan\u00e7ar en la seva carrera professional. El resultat ha estat un memory educatiu que, a m\u00e9s de ser una activitat l\u00fadica, tamb\u00e9 serveix per trencar barreres i donar veu als \u00e8xits de dones inventores que han canviat el m\u00f3n amb les seves idees.<\/span><\/p>\n<p><span style=\"font-weight: 400;\">Els nens i les nenes de 3r i 4t han creat l\u2019espai &#8220;Dones especials&#8221;, on han portat fotos de dones significatives per a ells i elles i han completat la imatge dibuixant l&#8217;altra meitat de la cara, acompanyada d&#8217;un escrit personal. Una mostra plena d\u2019amor i d\u2019admiraci\u00f3 cap a elles.<\/span><\/p>\n<p><span style=\"font-weight: 400;\">A 5\u00e8, l&#8217;exposici\u00f3 &#8220;Dones il\u00b7lustres&#8221; ha fet un rep\u00e0s hist\u00f2ric a trav\u00e9s de collages que representen figures femenines destacades. Els visitants han pogut posar a prova els seus coneixements jugant a endevinar qui \u00e9s cada dona a partir de pistes creades pels i per les alumnes.<\/span><\/p>\n<p><span style=\"font-weight: 400;\">L\u2019alumnat de 6\u00e8 ha fet dues grans propostes. D&#8217;una banda, han preparat un power point sobre &#8220;Dones pintores&#8221;, explorant les seves obres i vides al llarg de la hist\u00f2ria.<\/span><\/p>\n<p><span style=\"font-weight: 400;\">D&#8217;altra banda, han tingut el privilegi d&#8217;entrevistar la Berta Castells, atleta d&#8217;\u00e8lit en llan\u00e7ament de martell, qui ha compartit la seva experi\u00e8ncia personal i objectes molt especials com ara les seves medalles, els seus diplomes, fotografies, entre altres. Aquest espai ha servit per trencar estereotips i destacar el paper de la dona en el m\u00f3n de l\u2019esport.<\/span><\/p>\n<p><span style=\"font-weight: 400;\">L\u2019exposici\u00f3 ha estat una experi\u00e8ncia molt enriquidora, ja que posa en valor la import\u00e0ncia de recon\u00e8ixer el paper de la dona en tots els \u00e0mbits de la vida. Perqu\u00e8 cada dona, amb la seva for\u00e7a i determinaci\u00f3, pot inspirar el canvi i obrir camins cap a un futur m\u00e9s just i igualitari.<\/span><\/p>\n\n\t\t<style type=\"text\/css\">\n\t\t\t#gallery-1 {\n\t\t\t\tmargin: auto;\n\t\t\t}\n\t\t\t#gallery-1 .gallery-item {\n\t\t\t\tfloat: left;\n\t\t\t\tmargin-top: 10px;\n\t\t\t\ttext-align: center;\n\t\t\t\twidth: 33%;\n\t\t\t}\n\t\t\t#gallery-1 img {\n\t\t\t\tborder: 2px solid #cfcfcf;\n\t\t\t}\n\t\t\t#gallery-1 .gallery-caption {\n\t\t\t\tmargin-left: 0;\n\t\t\t}\n\t\t\t\/* see gallery_shortcode() in wp-includes\/media.php *\/\n\t\t<\/style>\n\t\t<div id='gallery-1' class='gallery galleryid-6033 gallery-columns-3 gallery-size-thumbnail'><dl class='gallery-item'>\n\t\t\t<dt class='gallery-icon landscape'>\n\t\t\t\t<a href='https:\/\/agora.xtec.cat\/ceip-molidevent\/portada\/exposicio-del-dia-de-la-dona\/attachment\/captura-de-pantalla-2025-03-14-161655\/'><img loading=\"lazy\" decoding=\"async\" width=\"150\" height=\"150\" src=\"https:\/\/agora.xtec.cat\/ceip-molidevent\/wp-content\/uploads\/usu1187\/2025\/03\/Captura-de-pantalla-2025-03-14-161655-150x150.jpg\" class=\"attachment-thumbnail size-thumbnail\" alt=\"\" \/><\/a>\n\t\t\t<\/dt><\/dl><dl class='gallery-item'>\n\t\t\t<dt class='gallery-icon landscape'>\n\t\t\t\t<a href='https:\/\/agora.xtec.cat\/ceip-molidevent\/portada\/exposicio-del-dia-de-la-dona\/attachment\/captura-de-pantalla-2025-03-14-161738\/'><img loading=\"lazy\" decoding=\"async\" width=\"150\" height=\"150\" src=\"https:\/\/agora.xtec.cat\/ceip-molidevent\/wp-content\/uploads\/usu1187\/2025\/03\/Captura-de-pantalla-2025-03-14-161738-150x150.jpg\" class=\"attachment-thumbnail size-thumbnail\" alt=\"\" \/><\/a>\n\t\t\t<\/dt><\/dl><dl class='gallery-item'>\n\t\t\t<dt class='gallery-icon landscape'>\n\t\t\t\t<a href='https:\/\/agora.xtec.cat\/ceip-molidevent\/portada\/exposicio-del-dia-de-la-dona\/attachment\/captura-de-pantalla-2025-03-14-161804\/'><img loading=\"lazy\" decoding=\"async\" width=\"150\" height=\"150\" src=\"https:\/\/agora.xtec.cat\/ceip-molidevent\/wp-content\/uploads\/usu1187\/2025\/03\/Captura-de-pantalla-2025-03-14-161804-150x150.jpg\" class=\"attachment-thumbnail size-thumbnail\" alt=\"\" \/><\/a>\n\t\t\t<\/dt><\/dl><br style=\"clear: both\" \/><dl class='gallery-item'>\n\t\t\t<dt class='gallery-icon portrait'>\n\t\t\t\t<a href='https:\/\/agora.xtec.cat\/ceip-molidevent\/portada\/exposicio-del-dia-de-la-dona\/attachment\/captura-de-pantalla-2025-03-14-161825\/'><img loading=\"lazy\" decoding=\"async\" width=\"150\" height=\"150\" src=\"https:\/\/agora.xtec.cat\/ceip-molidevent\/wp-content\/uploads\/usu1187\/2025\/03\/Captura-de-pantalla-2025-03-14-161825-150x150.jpg\" class=\"attachment-thumbnail size-thumbnail\" alt=\"\" \/><\/a>\n\t\t\t<\/dt><\/dl><dl class='gallery-item'>\n\t\t\t<dt class='gallery-icon landscape'>\n\t\t\t\t<a href='https:\/\/agora.xtec.cat\/ceip-molidevent\/portada\/exposicio-del-dia-de-la-dona\/attachment\/captura-de-pantalla-2025-03-14-161855\/'><img loading=\"lazy\" decoding=\"async\" width=\"150\" height=\"150\" src=\"https:\/\/agora.xtec.cat\/ceip-molidevent\/wp-content\/uploads\/usu1187\/2025\/03\/Captura-de-pantalla-2025-03-14-161855-150x150.jpg\" class=\"attachment-thumbnail size-thumbnail\" alt=\"\" \/><\/a>\n\t\t\t<\/dt><\/dl><dl class='gallery-item'>\n\t\t\t<dt class='gallery-icon landscape'>\n\t\t\t\t<a href='https:\/\/agora.xtec.cat\/ceip-molidevent\/portada\/exposicio-del-dia-de-la-dona\/attachment\/captura-de-pantalla-2025-03-14-161920\/'><img loading=\"lazy\" decoding=\"async\" width=\"150\" height=\"150\" src=\"https:\/\/agora.xtec.cat\/ceip-molidevent\/wp-content\/uploads\/usu1187\/2025\/03\/Captura-de-pantalla-2025-03-14-161920-150x150.jpg\" class=\"attachment-thumbnail size-thumbnail\" alt=\"\" \/><\/a>\n\t\t\t<\/dt><\/dl><br style=\"clear: both\" \/><dl class='gallery-item'>\n\t\t\t<dt class='gallery-icon landscape'>\n\t\t\t\t<a href='https:\/\/agora.xtec.cat\/ceip-molidevent\/portada\/exposicio-del-dia-de-la-dona\/attachment\/captura-de-pantalla-2025-03-14-161937\/'><img loading=\"lazy\" decoding=\"async\" width=\"150\" height=\"150\" src=\"https:\/\/agora.xtec.cat\/ceip-molidevent\/wp-content\/uploads\/usu1187\/2025\/03\/Captura-de-pantalla-2025-03-14-161937-150x150.jpg\" class=\"attachment-thumbnail size-thumbnail\" alt=\"\" \/><\/a>\n\t\t\t<\/dt><\/dl><dl class='gallery-item'>\n\t\t\t<dt class='gallery-icon landscape'>\n\t\t\t\t<a href='https:\/\/agora.xtec.cat\/ceip-molidevent\/portada\/exposicio-del-dia-de-la-dona\/attachment\/captura-de-pantalla-2025-03-14-161959\/'><img loading=\"lazy\" decoding=\"async\" width=\"150\" height=\"150\" src=\"https:\/\/agora.xtec.cat\/ceip-molidevent\/wp-content\/uploads\/usu1187\/2025\/03\/Captura-de-pantalla-2025-03-14-161959-150x150.jpg\" class=\"attachment-thumbnail size-thumbnail\" alt=\"\" \/><\/a>\n\t\t\t<\/dt><\/dl><dl class='gallery-item'>\n\t\t\t<dt class='gallery-icon landscape'>\n\t\t\t\t<a href='https:\/\/agora.xtec.cat\/ceip-molidevent\/portada\/exposicio-del-dia-de-la-dona\/attachment\/captura-de-pantalla-2025-03-14-162027\/'><img loading=\"lazy\" decoding=\"async\" width=\"150\" height=\"150\" src=\"https:\/\/agora.xtec.cat\/ceip-molidevent\/wp-content\/uploads\/usu1187\/2025\/03\/Captura-de-pantalla-2025-03-14-162027-150x150.jpg\" class=\"attachment-thumbnail size-thumbnail\" alt=\"\" \/><\/a>\n\t\t\t<\/dt><\/dl><br style=\"clear: both\" \/>\n\t\t<\/div>\n\n","protected":false},"excerpt":{"rendered":"<p>Aquesta setmana hem tingut l\u2019oportunitat de celebrar el Dia de la Dona amb una exposici\u00f3 molt especial, fruit del treball i la creativitat de tots els i les nostres alumnes, que han aportat el seu granet de sorra per donar visibilitat a dones que han&hellip;  <a href=\"https:\/\/agora.xtec.cat\/ceip-molidevent\/portada\/exposicio-del-dia-de-la-dona\/\" title=\"Read Exposici\u00f3 del Dia de la Dona\">Llegeix m\u00e9s\u00bb<\/a><\/p>\n","protected":false},"author":1,"featured_media":0,"comment_status":"closed","ping_status":"closed","sticky":false,"template":"","format":"standard","meta":{"_bbp_topic_count":0,"_bbp_reply_count":0,"_bbp_total_topic_count":0,"_bbp_total_reply_count":0,"_bbp_voice_count":0,"_bbp_anonymous_reply_count":0,"_bbp_topic_count_hidden":0,"_bbp_reply_count_hidden":0,"_bbp_forum_subforum_count":0,"footnotes":""},"categories":[4],"tags":[],"class_list":["post-6033","post","type-post","status-publish","format-standard","hentry","category-portada"],"post_mailing_queue_ids":[],"_links":{"self":[{"href":"https:\/\/agora.xtec.cat\/ceip-molidevent\/wp-json\/wp\/v2\/posts\/6033","targetHints":{"allow":["GET"]}}],"collection":[{"href":"https:\/\/agora.xtec.cat\/ceip-molidevent\/wp-json\/wp\/v2\/posts"}],"about":[{"href":"https:\/\/agora.xtec.cat\/ceip-molidevent\/wp-json\/wp\/v2\/types\/post"}],"author":[{"embeddable":true,"href":"https:\/\/agora.xtec.cat\/ceip-molidevent\/wp-json\/wp\/v2\/users\/1"}],"replies":[{"embeddable":true,"href":"https:\/\/agora.xtec.cat\/ceip-molidevent\/wp-json\/wp\/v2\/comments?post=6033"}],"version-history":[{"count":1,"href":"https:\/\/agora.xtec.cat\/ceip-molidevent\/wp-json\/wp\/v2\/posts\/6033\/revisions"}],"predecessor-version":[{"id":6043,"href":"https:\/\/agora.xtec.cat\/ceip-molidevent\/wp-json\/wp\/v2\/posts\/6033\/revisions\/6043"}],"wp:attachment":[{"href":"https:\/\/agora.xtec.cat\/ceip-molidevent\/wp-json\/wp\/v2\/media?parent=6033"}],"wp:term":[{"taxonomy":"category","embeddable":true,"href":"https:\/\/agora.xtec.cat\/ceip-molidevent\/wp-json\/wp\/v2\/categories?post=6033"},{"taxonomy":"post_tag","embeddable":true,"href":"https:\/\/agora.xtec.cat\/ceip-molidevent\/wp-json\/wp\/v2\/tags?post=6033"}],"curies":[{"name":"wp","href":"https:\/\/api.w.org\/{rel}","templated":true}]}}