{"id":6026,"date":"2025-03-14T15:43:49","date_gmt":"2025-03-14T14:43:49","guid":{"rendered":"https:\/\/agora.xtec.cat\/ceip-molidevent\/?p=6026"},"modified":"2025-03-14T15:43:49","modified_gmt":"2025-03-14T14:43:49","slug":"lletres-a-les-aules-la-casa-del-vent","status":"publish","type":"post","link":"https:\/\/agora.xtec.cat\/ceip-molidevent\/portada\/lletres-a-les-aules-la-casa-del-vent\/","title":{"rendered":"LLETRES A LES AULES: LA CASA DEL VENT"},"content":{"rendered":"<p><span style=\"font-weight: 400;\">Un bosc, un pomer i moltes hist\u00f2ries plenes d\u2019animals.<\/span><span style=\"font-weight: 400;\">\u00a0<\/span><\/p>\n<p><b>Els nens i les nenes de 2n<\/b> <span style=\"font-weight: 400;\">s\u2019han endinsat a LA CASA DEL VENT de la m\u00e0 de la Sherezade Bardaj\u00ed per viure la m\u00e0gia dels contes i del seu espectacle amb objectes.<\/span><\/p>\n<p><span style=\"font-weight: 400;\">Volo sense ales,\u00a0<\/span><\/p>\n<p><span style=\"font-weight: 400;\">camino i no em veus,\u00a0<\/span><\/p>\n<p><span style=\"font-weight: 400;\">parlo sense boca\u00a0<\/span><\/p>\n<p><span style=\"font-weight: 400;\">i camino sense peus.\u00a0<\/span><\/p>\n<p><span style=\"font-weight: 400;\">Qui soc?\u00a0<\/span><\/p>\n<p><span style=\"font-weight: 400;\">Benvinguts a casa meva.<\/span><\/p>\n<p><span style=\"font-weight: 400;\">I recordeu, amb el <\/span><b>VENT<\/b><span style=\"font-weight: 400;\"> les hist\u00f2ries s\u2019escampen.<\/span><\/p>\n\n\t\t<style type=\"text\/css\">\n\t\t\t#gallery-1 {\n\t\t\t\tmargin: auto;\n\t\t\t}\n\t\t\t#gallery-1 .gallery-item {\n\t\t\t\tfloat: left;\n\t\t\t\tmargin-top: 10px;\n\t\t\t\ttext-align: center;\n\t\t\t\twidth: 25%;\n\t\t\t}\n\t\t\t#gallery-1 img {\n\t\t\t\tborder: 2px solid #cfcfcf;\n\t\t\t}\n\t\t\t#gallery-1 .gallery-caption {\n\t\t\t\tmargin-left: 0;\n\t\t\t}\n\t\t\t\/* see gallery_shortcode() in wp-includes\/media.php *\/\n\t\t<\/style>\n\t\t<div id='gallery-1' class='gallery galleryid-6026 gallery-columns-4 gallery-size-thumbnail'><dl class='gallery-item'>\n\t\t\t<dt class='gallery-icon portrait'>\n\t\t\t\t<a href='https:\/\/agora.xtec.cat\/ceip-molidevent\/portada\/lletres-a-les-aules-la-casa-del-vent\/attachment\/1-38\/'><img loading=\"lazy\" decoding=\"async\" width=\"150\" height=\"150\" src=\"https:\/\/agora.xtec.cat\/ceip-molidevent\/wp-content\/uploads\/usu1187\/2025\/03\/1-1-150x150.jpg\" class=\"attachment-thumbnail size-thumbnail\" alt=\"\" \/><\/a>\n\t\t\t<\/dt><\/dl><dl class='gallery-item'>\n\t\t\t<dt class='gallery-icon portrait'>\n\t\t\t\t<a href='https:\/\/agora.xtec.cat\/ceip-molidevent\/portada\/lletres-a-les-aules-la-casa-del-vent\/attachment\/2-32\/'><img loading=\"lazy\" decoding=\"async\" width=\"150\" height=\"150\" src=\"https:\/\/agora.xtec.cat\/ceip-molidevent\/wp-content\/uploads\/usu1187\/2025\/03\/2-1-150x150.jpg\" class=\"attachment-thumbnail size-thumbnail\" alt=\"\" \/><\/a>\n\t\t\t<\/dt><\/dl><dl class='gallery-item'>\n\t\t\t<dt class='gallery-icon landscape'>\n\t\t\t\t<a href='https:\/\/agora.xtec.cat\/ceip-molidevent\/portada\/lletres-a-les-aules-la-casa-del-vent\/attachment\/3-27\/'><img loading=\"lazy\" decoding=\"async\" width=\"150\" height=\"150\" src=\"https:\/\/agora.xtec.cat\/ceip-molidevent\/wp-content\/uploads\/usu1187\/2025\/03\/3-150x150.jpg\" class=\"attachment-thumbnail size-thumbnail\" alt=\"\" \/><\/a>\n\t\t\t<\/dt><\/dl><dl class='gallery-item'>\n\t\t\t<dt class='gallery-icon portrait'>\n\t\t\t\t<a href='https:\/\/agora.xtec.cat\/ceip-molidevent\/portada\/lletres-a-les-aules-la-casa-del-vent\/attachment\/4-22\/'><img loading=\"lazy\" decoding=\"async\" width=\"150\" height=\"150\" src=\"https:\/\/agora.xtec.cat\/ceip-molidevent\/wp-content\/uploads\/usu1187\/2025\/03\/4-150x150.jpg\" class=\"attachment-thumbnail size-thumbnail\" alt=\"\" \/><\/a>\n\t\t\t<\/dt><\/dl><br style=\"clear: both\" \/>\n\t\t<\/div>\n\n","protected":false},"excerpt":{"rendered":"<p>Un bosc, un pomer i moltes hist\u00f2ries plenes d\u2019animals.\u00a0<br \/>\nEls nens i les nenes de 2n s\u2019han endinsat a LA CASA DEL VENT de la m\u00e0 de la Sherezade Bardaj\u00ed per viure la m\u00e0gia dels contes i del seu espectacle amb objectes.<br \/>\nVolo sense ales,\u00a0<br \/>\ncamino i no&hellip;  <a href=\"https:\/\/agora.xtec.cat\/ceip-molidevent\/portada\/lletres-a-les-aules-la-casa-del-vent\/\" title=\"Read LLETRES A LES AULES: LA CASA DEL VENT\">Llegeix m\u00e9s\u00bb<\/a><\/p>\n","protected":false},"author":1,"featured_media":0,"comment_status":"closed","ping_status":"closed","sticky":false,"template":"","format":"standard","meta":{"_bbp_topic_count":0,"_bbp_reply_count":0,"_bbp_total_topic_count":0,"_bbp_total_reply_count":0,"_bbp_voice_count":0,"_bbp_anonymous_reply_count":0,"_bbp_topic_count_hidden":0,"_bbp_reply_count_hidden":0,"_bbp_forum_subforum_count":0,"footnotes":""},"categories":[11,4,5,61],"tags":[],"class_list":["post-6026","post","type-post","status-publish","format-standard","hentry","category-2n","category-portada","category-primaria","category-cicle-inicial"],"post_mailing_queue_ids":[],"_links":{"self":[{"href":"https:\/\/agora.xtec.cat\/ceip-molidevent\/wp-json\/wp\/v2\/posts\/6026","targetHints":{"allow":["GET"]}}],"collection":[{"href":"https:\/\/agora.xtec.cat\/ceip-molidevent\/wp-json\/wp\/v2\/posts"}],"about":[{"href":"https:\/\/agora.xtec.cat\/ceip-molidevent\/wp-json\/wp\/v2\/types\/post"}],"author":[{"embeddable":true,"href":"https:\/\/agora.xtec.cat\/ceip-molidevent\/wp-json\/wp\/v2\/users\/1"}],"replies":[{"embeddable":true,"href":"https:\/\/agora.xtec.cat\/ceip-molidevent\/wp-json\/wp\/v2\/comments?post=6026"}],"version-history":[{"count":1,"href":"https:\/\/agora.xtec.cat\/ceip-molidevent\/wp-json\/wp\/v2\/posts\/6026\/revisions"}],"predecessor-version":[{"id":6031,"href":"https:\/\/agora.xtec.cat\/ceip-molidevent\/wp-json\/wp\/v2\/posts\/6026\/revisions\/6031"}],"wp:attachment":[{"href":"https:\/\/agora.xtec.cat\/ceip-molidevent\/wp-json\/wp\/v2\/media?parent=6026"}],"wp:term":[{"taxonomy":"category","embeddable":true,"href":"https:\/\/agora.xtec.cat\/ceip-molidevent\/wp-json\/wp\/v2\/categories?post=6026"},{"taxonomy":"post_tag","embeddable":true,"href":"https:\/\/agora.xtec.cat\/ceip-molidevent\/wp-json\/wp\/v2\/tags?post=6026"}],"curies":[{"name":"wp","href":"https:\/\/api.w.org\/{rel}","templated":true}]}}