{"id":6003,"date":"2025-03-07T15:55:23","date_gmt":"2025-03-07T14:55:23","guid":{"rendered":"https:\/\/agora.xtec.cat\/ceip-molidevent\/?p=6003"},"modified":"2025-04-24T19:36:36","modified_gmt":"2025-04-24T17:36:36","slug":"3a-xocolatada-solidaria","status":"publish","type":"post","link":"https:\/\/agora.xtec.cat\/ceip-molidevent\/portada\/3a-xocolatada-solidaria\/","title":{"rendered":"III FESTA DE LA XOCOLATADA SOLID\u00c0RIA AL MOL\u00cd DE VENT"},"content":{"rendered":"<p><img loading=\"lazy\" decoding=\"async\" class=\"alignnone size-full wp-image-6004\" src=\"https:\/\/agora.xtec.cat\/ceip-molidevent\/wp-content\/uploads\/usu1187\/2025\/03\/xoco1.jpg\" alt=\"\" width=\"841\" height=\"703\" srcset=\"https:\/\/agora.xtec.cat\/ceip-molidevent\/wp-content\/uploads\/usu1187\/2025\/03\/xoco1.jpg 841w, https:\/\/agora.xtec.cat\/ceip-molidevent\/wp-content\/uploads\/usu1187\/2025\/03\/xoco1-300x250.jpg 300w, https:\/\/agora.xtec.cat\/ceip-molidevent\/wp-content\/uploads\/usu1187\/2025\/03\/xoco1-768x642.jpg 768w\" sizes=\"auto, (max-width: 841px) 100vw, 841px\" \/><img loading=\"lazy\" decoding=\"async\" class=\"alignnone size-full wp-image-6005\" src=\"https:\/\/agora.xtec.cat\/ceip-molidevent\/wp-content\/uploads\/usu1187\/2025\/03\/xoco2.jpg\" alt=\"\" width=\"838\" height=\"472\" srcset=\"https:\/\/agora.xtec.cat\/ceip-molidevent\/wp-content\/uploads\/usu1187\/2025\/03\/xoco2.jpg 838w, https:\/\/agora.xtec.cat\/ceip-molidevent\/wp-content\/uploads\/usu1187\/2025\/03\/xoco2-300x169.jpg 300w, https:\/\/agora.xtec.cat\/ceip-molidevent\/wp-content\/uploads\/usu1187\/2025\/03\/xoco2-768x433.jpg 768w\" sizes=\"auto, (max-width: 838px) 100vw, 838px\" \/><\/p>\n<p><strong>L\u2019Hospital Sant Joan de D\u00e9u de Barcelona<\/strong> \u00e9s una entitat sense \u00e0nim de lucre amb m\u00e9s de 500 anys d\u2019hist\u00f2ria, dedicada a cuidar persones en situaci\u00f3 de vulnerabilitat. Gr\u00e0cies a la col\u00b7laboraci\u00f3 amb l&#8217;Administraci\u00f3, at\u00e9n infants de Catalunya, d\u2019altres parts d\u2019Espanya i de tot el m\u00f3n, oferint tractaments per a malalties greus.<br \/>\n<strong>La Xocolatada Solid\u00e0ria<\/strong> \u00e9s una iniciativa que promou per recaptar fons per a la investigaci\u00f3 del c\u00e0ncer infantil, una causa vital que es finan\u00e7a en gran part gr\u00e0cies a les donacions.<br \/>\n<strong>L\u2019AFA, l\u2019equip de mestres i personal PAS de l&#8217;Escola Mol\u00ed de Vent<\/strong> aquest curs organitzen la III Festa de la Xocolatada Solid\u00e0ria.<br \/>\n<strong>El dissabte 15 de mar\u00e7<\/strong>, de 10.00 a 13.30 h, es duran a terme tallers, actuacions, sortejos i, per descomptat, una gran xocolatada.<br \/>\n<strong>Agra\u00efm la col\u00b7laboraci\u00f3<\/strong> a l\u2019ajuntament, les associacions, empreses, fam\u00edlies i particulars que fan possible aquesta festa solid\u00e0ria.<br \/>\nMuntarem un bon cacau!!<br \/>\nUs hi esperem!!!<\/p>\n","protected":false},"excerpt":{"rendered":"<p>L\u2019Hospital Sant Joan de D\u00e9u de Barcelona \u00e9s una entitat sense \u00e0nim de lucre amb m\u00e9s de 500 anys d\u2019hist\u00f2ria, dedicada a cuidar persones en situaci\u00f3 de vulnerabilitat. Gr\u00e0cies a la col\u00b7laboraci\u00f3 amb l&#8217;Administraci\u00f3, at\u00e9n infants de Catalunya, d\u2019altres parts d\u2019Espanya i de tot el&hellip;  <a href=\"https:\/\/agora.xtec.cat\/ceip-molidevent\/portada\/3a-xocolatada-solidaria\/\" title=\"Read III FESTA DE LA XOCOLATADA SOLID\u00c0RIA AL MOL\u00cd DE VENT\">Llegeix m\u00e9s\u00bb<\/a><\/p>\n","protected":false},"author":1,"featured_media":0,"comment_status":"closed","ping_status":"closed","sticky":false,"template":"","format":"standard","meta":{"_bbp_topic_count":0,"_bbp_reply_count":0,"_bbp_total_topic_count":0,"_bbp_total_reply_count":0,"_bbp_voice_count":0,"_bbp_anonymous_reply_count":0,"_bbp_topic_count_hidden":0,"_bbp_reply_count_hidden":0,"_bbp_forum_subforum_count":0,"footnotes":""},"categories":[4],"tags":[],"class_list":["post-6003","post","type-post","status-publish","format-standard","hentry","category-portada"],"post_mailing_queue_ids":[],"_links":{"self":[{"href":"https:\/\/agora.xtec.cat\/ceip-molidevent\/wp-json\/wp\/v2\/posts\/6003","targetHints":{"allow":["GET"]}}],"collection":[{"href":"https:\/\/agora.xtec.cat\/ceip-molidevent\/wp-json\/wp\/v2\/posts"}],"about":[{"href":"https:\/\/agora.xtec.cat\/ceip-molidevent\/wp-json\/wp\/v2\/types\/post"}],"author":[{"embeddable":true,"href":"https:\/\/agora.xtec.cat\/ceip-molidevent\/wp-json\/wp\/v2\/users\/1"}],"replies":[{"embeddable":true,"href":"https:\/\/agora.xtec.cat\/ceip-molidevent\/wp-json\/wp\/v2\/comments?post=6003"}],"version-history":[{"count":6,"href":"https:\/\/agora.xtec.cat\/ceip-molidevent\/wp-json\/wp\/v2\/posts\/6003\/revisions"}],"predecessor-version":[{"id":6032,"href":"https:\/\/agora.xtec.cat\/ceip-molidevent\/wp-json\/wp\/v2\/posts\/6003\/revisions\/6032"}],"wp:attachment":[{"href":"https:\/\/agora.xtec.cat\/ceip-molidevent\/wp-json\/wp\/v2\/media?parent=6003"}],"wp:term":[{"taxonomy":"category","embeddable":true,"href":"https:\/\/agora.xtec.cat\/ceip-molidevent\/wp-json\/wp\/v2\/categories?post=6003"},{"taxonomy":"post_tag","embeddable":true,"href":"https:\/\/agora.xtec.cat\/ceip-molidevent\/wp-json\/wp\/v2\/tags?post=6003"}],"curies":[{"name":"wp","href":"https:\/\/api.w.org\/{rel}","templated":true}]}}