{"id":5979,"date":"2025-02-25T16:10:52","date_gmt":"2025-02-25T15:10:52","guid":{"rendered":"https:\/\/agora.xtec.cat\/ceip-molidevent\/?p=5979"},"modified":"2025-02-25T16:10:52","modified_gmt":"2025-02-25T15:10:52","slug":"tercer-cicle-sortida-al-teatre","status":"publish","type":"post","link":"https:\/\/agora.xtec.cat\/ceip-molidevent\/portada\/tercer-cicle-sortida-al-teatre\/","title":{"rendered":"Tercer cicle: sortida al teatre"},"content":{"rendered":"<p>El passat 4 de febrer, les alumnes de 3r i 4t de l\u2019escola Mol\u00ed de Vent van anar d\u2019excursi\u00f3 a Reus, al Teatre Bartrina, a veure l\u2019espectacle Rebobina. Hi van anar amb dos autocars, van marxar cap a Reus a les 8:45h, quan van arribar a Reus van esmorzar abans d\u2019entrar al teatre. L\u2019espectacle va durar gaireb\u00e9 una hora i ensenyava l\u2019evoluci\u00f3 de la m\u00fasica des del S.XVIII fins avui. Hi havia tres musics que tocaven el viol\u00ed, el violoncel, i el clarinet i el clarinet baix. Quan va acabar van anar a buscar l\u2019autocar i van arribar a Torredembarra a les 12h.<\/p>\n\n\t\t<style type=\"text\/css\">\n\t\t\t#gallery-1 {\n\t\t\t\tmargin: auto;\n\t\t\t}\n\t\t\t#gallery-1 .gallery-item {\n\t\t\t\tfloat: left;\n\t\t\t\tmargin-top: 10px;\n\t\t\t\ttext-align: center;\n\t\t\t\twidth: 33%;\n\t\t\t}\n\t\t\t#gallery-1 img {\n\t\t\t\tborder: 2px solid #cfcfcf;\n\t\t\t}\n\t\t\t#gallery-1 .gallery-caption {\n\t\t\t\tmargin-left: 0;\n\t\t\t}\n\t\t\t\/* see gallery_shortcode() in wp-includes\/media.php *\/\n\t\t<\/style>\n\t\t<div id='gallery-1' class='gallery galleryid-5979 gallery-columns-3 gallery-size-full'><dl class='gallery-item'>\n\t\t\t<dt class='gallery-icon portrait'>\n\t\t\t\t<a href='https:\/\/agora.xtec.cat\/ceip-molidevent\/portada\/tercer-cicle-sortida-al-teatre\/attachment\/teatre1\/'><img loading=\"lazy\" decoding=\"async\" width=\"691\" height=\"850\" src=\"https:\/\/agora.xtec.cat\/ceip-molidevent\/wp-content\/uploads\/usu1187\/2025\/02\/teatre1.jpg\" class=\"attachment-full size-full\" alt=\"\" srcset=\"https:\/\/agora.xtec.cat\/ceip-molidevent\/wp-content\/uploads\/usu1187\/2025\/02\/teatre1.jpg 691w, https:\/\/agora.xtec.cat\/ceip-molidevent\/wp-content\/uploads\/usu1187\/2025\/02\/teatre1-244x300.jpg 244w\" sizes=\"auto, (max-width: 691px) 100vw, 691px\" \/><\/a>\n\t\t\t<\/dt><\/dl><dl class='gallery-item'>\n\t\t\t<dt class='gallery-icon portrait'>\n\t\t\t\t<a href='https:\/\/agora.xtec.cat\/ceip-molidevent\/portada\/tercer-cicle-sortida-al-teatre\/attachment\/teatre2\/'><img loading=\"lazy\" decoding=\"async\" width=\"721\" height=\"844\" src=\"https:\/\/agora.xtec.cat\/ceip-molidevent\/wp-content\/uploads\/usu1187\/2025\/02\/teatre2.jpg\" class=\"attachment-full size-full\" alt=\"\" srcset=\"https:\/\/agora.xtec.cat\/ceip-molidevent\/wp-content\/uploads\/usu1187\/2025\/02\/teatre2.jpg 721w, https:\/\/agora.xtec.cat\/ceip-molidevent\/wp-content\/uploads\/usu1187\/2025\/02\/teatre2-256x300.jpg 256w\" sizes=\"auto, (max-width: 721px) 100vw, 721px\" \/><\/a>\n\t\t\t<\/dt><\/dl><dl class='gallery-item'>\n\t\t\t<dt class='gallery-icon landscape'>\n\t\t\t\t<a href='https:\/\/agora.xtec.cat\/ceip-molidevent\/portada\/tercer-cicle-sortida-al-teatre\/attachment\/teatre3\/'><img loading=\"lazy\" decoding=\"async\" width=\"1270\" height=\"861\" src=\"https:\/\/agora.xtec.cat\/ceip-molidevent\/wp-content\/uploads\/usu1187\/2025\/02\/teatre3.jpg\" class=\"attachment-full size-full\" alt=\"\" srcset=\"https:\/\/agora.xtec.cat\/ceip-molidevent\/wp-content\/uploads\/usu1187\/2025\/02\/teatre3.jpg 1270w, https:\/\/agora.xtec.cat\/ceip-molidevent\/wp-content\/uploads\/usu1187\/2025\/02\/teatre3-300x203.jpg 300w, https:\/\/agora.xtec.cat\/ceip-molidevent\/wp-content\/uploads\/usu1187\/2025\/02\/teatre3-1024x694.jpg 1024w, https:\/\/agora.xtec.cat\/ceip-molidevent\/wp-content\/uploads\/usu1187\/2025\/02\/teatre3-768x521.jpg 768w\" sizes=\"auto, (max-width: 1270px) 100vw, 1270px\" \/><\/a>\n\t\t\t<\/dt><\/dl><br style=\"clear: both\" \/>\n\t\t<\/div>\n\n","protected":false},"excerpt":{"rendered":"<p>El passat 4 de febrer, les alumnes de 3r i 4t de l\u2019escola Mol\u00ed de Vent van anar d\u2019excursi\u00f3 a Reus, al Teatre Bartrina, a veure l\u2019espectacle Rebobina. Hi van anar amb dos autocars, van marxar cap a Reus a les 8:45h, quan van arribar&hellip;  <a href=\"https:\/\/agora.xtec.cat\/ceip-molidevent\/portada\/tercer-cicle-sortida-al-teatre\/\" title=\"Read Tercer cicle: sortida al teatre\">Llegeix m\u00e9s\u00bb<\/a><\/p>\n","protected":false},"author":1,"featured_media":0,"comment_status":"closed","ping_status":"closed","sticky":false,"template":"","format":"standard","meta":{"_bbp_topic_count":0,"_bbp_reply_count":0,"_bbp_total_topic_count":0,"_bbp_total_reply_count":0,"_bbp_voice_count":0,"_bbp_anonymous_reply_count":0,"_bbp_topic_count_hidden":0,"_bbp_reply_count_hidden":0,"_bbp_forum_subforum_count":0,"footnotes":""},"categories":[12,13,4,5,78],"tags":[],"class_list":["post-5979","post","type-post","status-publish","format-standard","hentry","category-3r","category-4t","category-portada","category-primaria","category-cicle-mitja"],"post_mailing_queue_ids":[],"_links":{"self":[{"href":"https:\/\/agora.xtec.cat\/ceip-molidevent\/wp-json\/wp\/v2\/posts\/5979","targetHints":{"allow":["GET"]}}],"collection":[{"href":"https:\/\/agora.xtec.cat\/ceip-molidevent\/wp-json\/wp\/v2\/posts"}],"about":[{"href":"https:\/\/agora.xtec.cat\/ceip-molidevent\/wp-json\/wp\/v2\/types\/post"}],"author":[{"embeddable":true,"href":"https:\/\/agora.xtec.cat\/ceip-molidevent\/wp-json\/wp\/v2\/users\/1"}],"replies":[{"embeddable":true,"href":"https:\/\/agora.xtec.cat\/ceip-molidevent\/wp-json\/wp\/v2\/comments?post=5979"}],"version-history":[{"count":1,"href":"https:\/\/agora.xtec.cat\/ceip-molidevent\/wp-json\/wp\/v2\/posts\/5979\/revisions"}],"predecessor-version":[{"id":5983,"href":"https:\/\/agora.xtec.cat\/ceip-molidevent\/wp-json\/wp\/v2\/posts\/5979\/revisions\/5983"}],"wp:attachment":[{"href":"https:\/\/agora.xtec.cat\/ceip-molidevent\/wp-json\/wp\/v2\/media?parent=5979"}],"wp:term":[{"taxonomy":"category","embeddable":true,"href":"https:\/\/agora.xtec.cat\/ceip-molidevent\/wp-json\/wp\/v2\/categories?post=5979"},{"taxonomy":"post_tag","embeddable":true,"href":"https:\/\/agora.xtec.cat\/ceip-molidevent\/wp-json\/wp\/v2\/tags?post=5979"}],"curies":[{"name":"wp","href":"https:\/\/api.w.org\/{rel}","templated":true}]}}