{"id":5946,"date":"2025-02-07T15:38:11","date_gmt":"2025-02-07T14:38:11","guid":{"rendered":"https:\/\/agora.xtec.cat\/ceip-molidevent\/?p=5946"},"modified":"2025-02-07T15:44:09","modified_gmt":"2025-02-07T14:44:09","slug":"11-de-febrer-dia-de-la-internet-segura","status":"publish","type":"post","link":"https:\/\/agora.xtec.cat\/ceip-molidevent\/general\/11-de-febrer-dia-de-la-internet-segura\/","title":{"rendered":"11 de febrer: Dia de la Internet Segura"},"content":{"rendered":"<p>A Catalunya se celebra anualment el Dia de la Internet Segura impulsant accions i activitats de conscienciaci\u00f3 sobre la seguretat a Internet. L&#8217;objectiu d&#8217;aquesta iniciativa, que enguany tindr\u00e0 lloc l&#8217;11 de febrer, \u00e9s crear un m\u00f3n digital m\u00e9s segur, responsable i cr\u00edtic per a tota la ciutadania, i especialment per als infants i adolescents.<\/p>\n<p>En aquest context, l&#8217;Ag\u00e8ncia de Ciberseguretat ha preparat per aquest 2025 diverses activitats orientades a millorar les capacitats i les habilitats dels usuaris d&#8217;Internet sota el lema &#8216;Guanya el hacker&#8217;. Cadascuna d&#8217;aquestes activitats ha estat\u00a0adaptada a un p\u00fablic concret, ja que l&#8217;\u00fas que fan infants, adolescents i adults de les noves tecnologies no \u00e9s el mateix.<\/p>\n<p>Entre els infants es treballar\u00e0 especialment el problema del ciberassetjament o la detecci\u00f3 de persones que es fan passar per menors per enganyar els infants; i entre els adolescents, es posar\u00e0 el focus en l&#8217;\u00fas de les xarxes socials o la conscienciaci\u00f3 sobre l&#8217;exposici\u00f3 de les dades personals a Internet, entre altres. En el cas dels adults, una de les principals tem\u00e0tiques \u00e9s com prevenir i evitar les ciberestafes. En tots els casos, la intenci\u00f3 \u00e9s que despr\u00e9s de realitzar l&#8217;activitat l&#8217;usuari tingui m\u00e9s eines i coneixements per tenir una vida digital m\u00e9s segura.<\/p>\n<p>Al Mol\u00ed pensem que \u00e9s molt important aquest vessant del m\u00f3n digital i d&#8217;internet que sovint oblidem. Us animem a entrar amb els vostres fills i filles als enlla\u00e7os que hi ha a continuaci\u00f3. All\u00ed trobareu jocs, articles, v\u00eddeos i recomanacions per un millor i segur \u00fas d&#8217;internet.<\/p>\n<p><a href=\"https:\/\/ciberseguretat.gencat.cat\/ca\/actualitat\/dia-de-la-internet-segura\/\" target=\"_blank\" rel=\"noopener\"><img loading=\"lazy\" decoding=\"async\" class=\"alignnone wp-image-5952 size-large\" src=\"https:\/\/agora.xtec.cat\/ceip-molidevent\/wp-content\/uploads\/usu1187\/2025\/02\/Captura-de-pantalla-2025-02-07-151841-1-1024x145.jpg\" alt=\"\" width=\"1024\" height=\"145\" srcset=\"https:\/\/agora.xtec.cat\/ceip-molidevent\/wp-content\/uploads\/usu1187\/2025\/02\/Captura-de-pantalla-2025-02-07-151841-1-1024x145.jpg 1024w, https:\/\/agora.xtec.cat\/ceip-molidevent\/wp-content\/uploads\/usu1187\/2025\/02\/Captura-de-pantalla-2025-02-07-151841-1-300x43.jpg 300w, https:\/\/agora.xtec.cat\/ceip-molidevent\/wp-content\/uploads\/usu1187\/2025\/02\/Captura-de-pantalla-2025-02-07-151841-1-768x109.jpg 768w, https:\/\/agora.xtec.cat\/ceip-molidevent\/wp-content\/uploads\/usu1187\/2025\/02\/Captura-de-pantalla-2025-02-07-151841-1-1536x218.jpg 1536w, https:\/\/agora.xtec.cat\/ceip-molidevent\/wp-content\/uploads\/usu1187\/2025\/02\/Captura-de-pantalla-2025-02-07-151841-1.jpg 1654w\" sizes=\"auto, (max-width: 1024px) 100vw, 1024px\" \/><\/a><a href=\"https:\/\/edu365.cat\/internetsegura\/index.html\" target=\"_blank\" rel=\"noopener\"><img loading=\"lazy\" decoding=\"async\" class=\"alignnone wp-image-5951 size-large\" src=\"https:\/\/agora.xtec.cat\/ceip-molidevent\/wp-content\/uploads\/usu1187\/2025\/02\/Captura-de-pantalla-2025-02-07-153316-1024x216.jpg\" alt=\"\" width=\"1024\" height=\"216\" srcset=\"https:\/\/agora.xtec.cat\/ceip-molidevent\/wp-content\/uploads\/usu1187\/2025\/02\/Captura-de-pantalla-2025-02-07-153316-1024x216.jpg 1024w, https:\/\/agora.xtec.cat\/ceip-molidevent\/wp-content\/uploads\/usu1187\/2025\/02\/Captura-de-pantalla-2025-02-07-153316-300x63.jpg 300w, https:\/\/agora.xtec.cat\/ceip-molidevent\/wp-content\/uploads\/usu1187\/2025\/02\/Captura-de-pantalla-2025-02-07-153316-768x162.jpg 768w, https:\/\/agora.xtec.cat\/ceip-molidevent\/wp-content\/uploads\/usu1187\/2025\/02\/Captura-de-pantalla-2025-02-07-153316.jpg 1272w\" sizes=\"auto, (max-width: 1024px) 100vw, 1024px\" \/><\/a><\/p>\n","protected":false},"excerpt":{"rendered":"<p>A Catalunya se celebra anualment el Dia de la Internet Segura impulsant accions i activitats de conscienciaci\u00f3 sobre la seguretat a Internet. L&#8217;objectiu d&#8217;aquesta iniciativa, que enguany tindr\u00e0 lloc l&#8217;11 de febrer, \u00e9s crear un m\u00f3n digital m\u00e9s segur, responsable i cr\u00edtic per a tota&hellip;  <a href=\"https:\/\/agora.xtec.cat\/ceip-molidevent\/general\/11-de-febrer-dia-de-la-internet-segura\/\" title=\"Read 11 de febrer: Dia de la Internet Segura\">Llegeix m\u00e9s\u00bb<\/a><\/p>\n","protected":false},"author":1,"featured_media":0,"comment_status":"closed","ping_status":"closed","sticky":false,"template":"","format":"standard","meta":{"_bbp_topic_count":0,"_bbp_reply_count":0,"_bbp_total_topic_count":0,"_bbp_total_reply_count":0,"_bbp_voice_count":0,"_bbp_anonymous_reply_count":0,"_bbp_topic_count_hidden":0,"_bbp_reply_count_hidden":0,"_bbp_forum_subforum_count":0,"footnotes":""},"categories":[203,206,204,1,205,4],"tags":[],"class_list":["post-5946","post","type-post","status-publish","format-standard","hentry","category-cultura-digital-alumnes","category-cultura-digital-de-centre","category-cultura-digital-families","category-general","category-pla-digital-de-centre","category-portada"],"post_mailing_queue_ids":[],"_links":{"self":[{"href":"https:\/\/agora.xtec.cat\/ceip-molidevent\/wp-json\/wp\/v2\/posts\/5946","targetHints":{"allow":["GET"]}}],"collection":[{"href":"https:\/\/agora.xtec.cat\/ceip-molidevent\/wp-json\/wp\/v2\/posts"}],"about":[{"href":"https:\/\/agora.xtec.cat\/ceip-molidevent\/wp-json\/wp\/v2\/types\/post"}],"author":[{"embeddable":true,"href":"https:\/\/agora.xtec.cat\/ceip-molidevent\/wp-json\/wp\/v2\/users\/1"}],"replies":[{"embeddable":true,"href":"https:\/\/agora.xtec.cat\/ceip-molidevent\/wp-json\/wp\/v2\/comments?post=5946"}],"version-history":[{"count":3,"href":"https:\/\/agora.xtec.cat\/ceip-molidevent\/wp-json\/wp\/v2\/posts\/5946\/revisions"}],"predecessor-version":[{"id":5955,"href":"https:\/\/agora.xtec.cat\/ceip-molidevent\/wp-json\/wp\/v2\/posts\/5946\/revisions\/5955"}],"wp:attachment":[{"href":"https:\/\/agora.xtec.cat\/ceip-molidevent\/wp-json\/wp\/v2\/media?parent=5946"}],"wp:term":[{"taxonomy":"category","embeddable":true,"href":"https:\/\/agora.xtec.cat\/ceip-molidevent\/wp-json\/wp\/v2\/categories?post=5946"},{"taxonomy":"post_tag","embeddable":true,"href":"https:\/\/agora.xtec.cat\/ceip-molidevent\/wp-json\/wp\/v2\/tags?post=5946"}],"curies":[{"name":"wp","href":"https:\/\/api.w.org\/{rel}","templated":true}]}}