{"id":5915,"date":"2025-01-17T15:39:42","date_gmt":"2025-01-17T14:39:42","guid":{"rendered":"https:\/\/agora.xtec.cat\/ceip-molidevent\/?p=5915"},"modified":"2025-01-17T15:39:42","modified_gmt":"2025-01-17T14:39:42","slug":"llegir-en-familia","status":"publish","type":"post","link":"https:\/\/agora.xtec.cat\/ceip-molidevent\/general\/llegir-en-familia\/","title":{"rendered":"LLEGIR EN FAM\u00cdLIA"},"content":{"rendered":"<p>El Govern de la Generalitat ha presentat <strong>10 consells per fomentar la lectura en fam\u00edlia<\/strong> i, de retruc, <strong>millorar la compet\u00e8ncia lectora de l&#8217;alumnat<\/strong>. Les evid\u00e8ncies demostren que el desenvolupament i foment de la lectura a casa t\u00e9 una incid\u00e8ncia directa i significativa en la millora de la compet\u00e8ncia lectora de l&#8217;alumnat.<\/p>\n<p>Les deu recomanacions s\u00f3n les seg\u00fcents.<\/p>\n<ul>\n<li>contagiar als infants l&#8217;inter\u00e8s pels llibres i la lectura,<\/li>\n<li>posar-los llibres a l&#8217;abast que responguin als seus interessos,<\/li>\n<li>anar amb ells a la biblioteca,<\/li>\n<li>convidar-los a crear la seva biblioteca personal,<\/li>\n<li>habilitar un espai per desar els llibres,<\/li>\n<li>trobar un lloc agradable per llegir,<\/li>\n<li>llegir-los en veu alta,<\/li>\n<li>interessar-se per les seves lectures,<\/li>\n<li>fer activitats al voltant dels llibres,<\/li>\n<li>animar-los a participar en activitats organitzades per biblioteques i llibreries.<\/li>\n<\/ul>\n<p><iframe loading=\"lazy\" title=\"Llegir en fam\u00edlia\" src=\"https:\/\/www.youtube.com\/embed\/tUQyXg0wMts\" width=\"811\" height=\"447\" frameborder=\"0\" allowfullscreen=\"allowfullscreen\"><\/iframe><\/p>\n","protected":false},"excerpt":{"rendered":"<p>El Govern de la Generalitat ha presentat 10 consells per fomentar la lectura en fam\u00edlia i, de retruc, millorar la compet\u00e8ncia lectora de l&#8217;alumnat. Les evid\u00e8ncies demostren que el desenvolupament i foment de la lectura a casa t\u00e9 una incid\u00e8ncia directa i significativa en la&hellip;  <a href=\"https:\/\/agora.xtec.cat\/ceip-molidevent\/general\/llegir-en-familia\/\" title=\"Read LLEGIR EN FAM\u00cdLIA\">Llegeix m\u00e9s\u00bb<\/a><\/p>\n","protected":false},"author":1,"featured_media":5916,"comment_status":"closed","ping_status":"closed","sticky":false,"template":"","format":"standard","meta":{"_bbp_topic_count":0,"_bbp_reply_count":0,"_bbp_total_topic_count":0,"_bbp_total_reply_count":0,"_bbp_voice_count":0,"_bbp_anonymous_reply_count":0,"_bbp_topic_count_hidden":0,"_bbp_reply_count_hidden":0,"_bbp_forum_subforum_count":0,"footnotes":""},"categories":[1,4],"tags":[],"class_list":["post-5915","post","type-post","status-publish","format-standard","has-post-thumbnail","hentry","category-general","category-portada"],"post_mailing_queue_ids":[],"_links":{"self":[{"href":"https:\/\/agora.xtec.cat\/ceip-molidevent\/wp-json\/wp\/v2\/posts\/5915","targetHints":{"allow":["GET"]}}],"collection":[{"href":"https:\/\/agora.xtec.cat\/ceip-molidevent\/wp-json\/wp\/v2\/posts"}],"about":[{"href":"https:\/\/agora.xtec.cat\/ceip-molidevent\/wp-json\/wp\/v2\/types\/post"}],"author":[{"embeddable":true,"href":"https:\/\/agora.xtec.cat\/ceip-molidevent\/wp-json\/wp\/v2\/users\/1"}],"replies":[{"embeddable":true,"href":"https:\/\/agora.xtec.cat\/ceip-molidevent\/wp-json\/wp\/v2\/comments?post=5915"}],"version-history":[{"count":1,"href":"https:\/\/agora.xtec.cat\/ceip-molidevent\/wp-json\/wp\/v2\/posts\/5915\/revisions"}],"predecessor-version":[{"id":5917,"href":"https:\/\/agora.xtec.cat\/ceip-molidevent\/wp-json\/wp\/v2\/posts\/5915\/revisions\/5917"}],"wp:featuredmedia":[{"embeddable":true,"href":"https:\/\/agora.xtec.cat\/ceip-molidevent\/wp-json\/wp\/v2\/media\/5916"}],"wp:attachment":[{"href":"https:\/\/agora.xtec.cat\/ceip-molidevent\/wp-json\/wp\/v2\/media?parent=5915"}],"wp:term":[{"taxonomy":"category","embeddable":true,"href":"https:\/\/agora.xtec.cat\/ceip-molidevent\/wp-json\/wp\/v2\/categories?post=5915"},{"taxonomy":"post_tag","embeddable":true,"href":"https:\/\/agora.xtec.cat\/ceip-molidevent\/wp-json\/wp\/v2\/tags?post=5915"}],"curies":[{"name":"wp","href":"https:\/\/api.w.org\/{rel}","templated":true}]}}