{"id":5893,"date":"2024-11-22T15:33:29","date_gmt":"2024-11-22T14:33:29","guid":{"rendered":"https:\/\/agora.xtec.cat\/ceip-molidevent\/?p=5893"},"modified":"2024-11-22T15:36:13","modified_gmt":"2024-11-22T14:36:13","slug":"20-de-novembre-dia-internacional-dels-drets-dels-infants","status":"publish","type":"post","link":"https:\/\/agora.xtec.cat\/ceip-molidevent\/general\/20-de-novembre-dia-internacional-dels-drets-dels-infants\/","title":{"rendered":"20 de novembre, Dia Internacional dels Drets dels Infants"},"content":{"rendered":"<p dir=\"ltr\">El 20 de novembre, al Mol\u00ed, hem celebrat el Dia Universal dels Drets dels Infants, un dia per recordar que tots els infants del m\u00f3n tenen drets i que aquests drets s\u2019han de respectar a tot arreu, sense excepci\u00f3.<\/p>\n<p dir=\"ltr\">Ens sentim afortunats i afortunades, ja que al lloc on vivim, generalment, es respecten els drets dels nens i nenes. Per\u00f2, malauradament, en alguns llocs del m\u00f3n no \u00e9s aix\u00ed. Per aix\u00f2, nosaltres defensem que tots els nens i nenes del m\u00f3n han de poder gaudir dels seus drets, sense importar el lloc on visquin.<\/p>\n<p dir=\"ltr\">Durant aquesta jornada, hem treballat el dret a poder anar a l&#8217;escola, a tenir una identitat pr\u00f2pia, a jugar i a la igualtat i al bon tracte.<\/p>\n<p dir=\"ltr\">Hem reflexionat sobre com aquests drets s\u00f3n essencials per al benestar i el desenvolupament de cada infant.<\/p>\n<p>A m\u00e9s, hem ballat la can\u00e7\u00f3 Els drets dels infants del grup Xiula, una manera divertida i educativa de posar en valor aquests drets, de poder gaudir-ne i conscienciar-nos de la seva import\u00e0ncia.<\/p>\n\n\t\t<style type=\"text\/css\">\n\t\t\t#gallery-1 {\n\t\t\t\tmargin: auto;\n\t\t\t}\n\t\t\t#gallery-1 .gallery-item {\n\t\t\t\tfloat: left;\n\t\t\t\tmargin-top: 10px;\n\t\t\t\ttext-align: center;\n\t\t\t\twidth: 33%;\n\t\t\t}\n\t\t\t#gallery-1 img {\n\t\t\t\tborder: 2px solid #cfcfcf;\n\t\t\t}\n\t\t\t#gallery-1 .gallery-caption {\n\t\t\t\tmargin-left: 0;\n\t\t\t}\n\t\t\t\/* see gallery_shortcode() in wp-includes\/media.php *\/\n\t\t<\/style>\n\t\t<div id='gallery-1' class='gallery galleryid-5893 gallery-columns-3 gallery-size-full'><dl class='gallery-item'>\n\t\t\t<dt class='gallery-icon landscape'>\n\t\t\t\t<a href='https:\/\/agora.xtec.cat\/ceip-molidevent\/general\/20-de-novembre-dia-internacional-dels-drets-dels-infants\/attachment\/5-16\/'><img loading=\"lazy\" decoding=\"async\" width=\"2048\" height=\"1489\" src=\"https:\/\/agora.xtec.cat\/ceip-molidevent\/wp-content\/uploads\/usu1187\/2024\/11\/5.jpg\" class=\"attachment-full size-full\" alt=\"\" srcset=\"https:\/\/agora.xtec.cat\/ceip-molidevent\/wp-content\/uploads\/usu1187\/2024\/11\/5.jpg 2048w, https:\/\/agora.xtec.cat\/ceip-molidevent\/wp-content\/uploads\/usu1187\/2024\/11\/5-300x218.jpg 300w, https:\/\/agora.xtec.cat\/ceip-molidevent\/wp-content\/uploads\/usu1187\/2024\/11\/5-1024x745.jpg 1024w, https:\/\/agora.xtec.cat\/ceip-molidevent\/wp-content\/uploads\/usu1187\/2024\/11\/5-768x558.jpg 768w, https:\/\/agora.xtec.cat\/ceip-molidevent\/wp-content\/uploads\/usu1187\/2024\/11\/5-1536x1117.jpg 1536w\" sizes=\"auto, (max-width: 2048px) 100vw, 2048px\" \/><\/a>\n\t\t\t<\/dt><\/dl><dl class='gallery-item'>\n\t\t\t<dt class='gallery-icon landscape'>\n\t\t\t\t<a href='https:\/\/agora.xtec.cat\/ceip-molidevent\/general\/20-de-novembre-dia-internacional-dels-drets-dels-infants\/attachment\/10-5\/'><img loading=\"lazy\" decoding=\"async\" width=\"730\" height=\"429\" src=\"https:\/\/agora.xtec.cat\/ceip-molidevent\/wp-content\/uploads\/usu1187\/2024\/11\/10.jpg\" class=\"attachment-full size-full\" alt=\"\" srcset=\"https:\/\/agora.xtec.cat\/ceip-molidevent\/wp-content\/uploads\/usu1187\/2024\/11\/10.jpg 730w, https:\/\/agora.xtec.cat\/ceip-molidevent\/wp-content\/uploads\/usu1187\/2024\/11\/10-300x176.jpg 300w\" sizes=\"auto, (max-width: 730px) 100vw, 730px\" \/><\/a>\n\t\t\t<\/dt><\/dl><dl class='gallery-item'>\n\t\t\t<dt class='gallery-icon landscape'>\n\t\t\t\t<a href='https:\/\/agora.xtec.cat\/ceip-molidevent\/general\/20-de-novembre-dia-internacional-dels-drets-dels-infants\/attachment\/2-29\/'><img loading=\"lazy\" decoding=\"async\" width=\"683\" height=\"429\" src=\"https:\/\/agora.xtec.cat\/ceip-molidevent\/wp-content\/uploads\/usu1187\/2024\/11\/2.jpg\" class=\"attachment-full size-full\" alt=\"\" srcset=\"https:\/\/agora.xtec.cat\/ceip-molidevent\/wp-content\/uploads\/usu1187\/2024\/11\/2.jpg 683w, https:\/\/agora.xtec.cat\/ceip-molidevent\/wp-content\/uploads\/usu1187\/2024\/11\/2-300x188.jpg 300w\" sizes=\"auto, (max-width: 683px) 100vw, 683px\" \/><\/a>\n\t\t\t<\/dt><\/dl><br style=\"clear: both\" \/>\n\t\t<\/div>\n\n","protected":false},"excerpt":{"rendered":"<p>El 20 de novembre, al Mol\u00ed, hem celebrat el Dia Universal dels Drets dels Infants, un dia per recordar que tots els infants del m\u00f3n tenen drets i que aquests drets s\u2019han de respectar a tot arreu, sense excepci\u00f3.<br \/>\nEns sentim afortunats i afortunades, ja que&hellip;  <a href=\"https:\/\/agora.xtec.cat\/ceip-molidevent\/general\/20-de-novembre-dia-internacional-dels-drets-dels-infants\/\" title=\"Read 20 de novembre, Dia Internacional dels Drets dels Infants\">Llegeix m\u00e9s\u00bb<\/a><\/p>\n","protected":false},"author":1,"featured_media":0,"comment_status":"closed","ping_status":"closed","sticky":false,"template":"","format":"standard","meta":{"_bbp_topic_count":0,"_bbp_reply_count":0,"_bbp_total_topic_count":0,"_bbp_total_reply_count":0,"_bbp_voice_count":0,"_bbp_anonymous_reply_count":0,"_bbp_topic_count_hidden":0,"_bbp_reply_count_hidden":0,"_bbp_forum_subforum_count":0,"footnotes":""},"categories":[1,4],"tags":[],"class_list":["post-5893","post","type-post","status-publish","format-standard","hentry","category-general","category-portada"],"post_mailing_queue_ids":[],"_links":{"self":[{"href":"https:\/\/agora.xtec.cat\/ceip-molidevent\/wp-json\/wp\/v2\/posts\/5893","targetHints":{"allow":["GET"]}}],"collection":[{"href":"https:\/\/agora.xtec.cat\/ceip-molidevent\/wp-json\/wp\/v2\/posts"}],"about":[{"href":"https:\/\/agora.xtec.cat\/ceip-molidevent\/wp-json\/wp\/v2\/types\/post"}],"author":[{"embeddable":true,"href":"https:\/\/agora.xtec.cat\/ceip-molidevent\/wp-json\/wp\/v2\/users\/1"}],"replies":[{"embeddable":true,"href":"https:\/\/agora.xtec.cat\/ceip-molidevent\/wp-json\/wp\/v2\/comments?post=5893"}],"version-history":[{"count":1,"href":"https:\/\/agora.xtec.cat\/ceip-molidevent\/wp-json\/wp\/v2\/posts\/5893\/revisions"}],"predecessor-version":[{"id":5897,"href":"https:\/\/agora.xtec.cat\/ceip-molidevent\/wp-json\/wp\/v2\/posts\/5893\/revisions\/5897"}],"wp:attachment":[{"href":"https:\/\/agora.xtec.cat\/ceip-molidevent\/wp-json\/wp\/v2\/media?parent=5893"}],"wp:term":[{"taxonomy":"category","embeddable":true,"href":"https:\/\/agora.xtec.cat\/ceip-molidevent\/wp-json\/wp\/v2\/categories?post=5893"},{"taxonomy":"post_tag","embeddable":true,"href":"https:\/\/agora.xtec.cat\/ceip-molidevent\/wp-json\/wp\/v2\/tags?post=5893"}],"curies":[{"name":"wp","href":"https:\/\/api.w.org\/{rel}","templated":true}]}}