{"id":5788,"date":"2024-09-27T15:38:37","date_gmt":"2024-09-27T13:38:37","guid":{"rendered":"https:\/\/agora.xtec.cat\/ceip-molidevent\/?p=5788"},"modified":"2024-09-27T15:41:32","modified_gmt":"2024-09-27T13:41:32","slug":"programa-salut-i-escola","status":"publish","type":"post","link":"https:\/\/agora.xtec.cat\/ceip-molidevent\/general\/programa-salut-i-escola\/","title":{"rendered":"Programa Salut i Escola"},"content":{"rendered":"<p><strong>Amb la formaci\u00f3 de Primers Auxilis per als docents i la visita de les higienistes i el Taller d\u2019Higiene Dental encetem les activitats del PSiE d\u2019aquest curs 24-25.<\/strong><\/p>\n<p>La infermera de Salut i Escola, referent de salut dels centres educatius, \u00e9s una figura essencial en la promoci\u00f3 de la salut i el benestar de l\u2019alumnat. La infermera de Salut i Escola garanteix una atenci\u00f3 integrada i coordinada entre el sistema de salut i l\u2019educatiu i \u00e9s un pas significatiu per assegurar una atenci\u00f3 sanit\u00e0ria \u00a0de qualitat i per promoure h\u00e0bits de vida saludables des de les primeres etapes educatives de l\u2019alumnat.<\/p>\n<p>A l\u2019escola aquesta col\u00b7laboraci\u00f3 es concreta en l\u2019organitzaci\u00f3 d\u2019activitats al llarg del curs adre\u00e7ades a tots els nivells educatius: vacunaci\u00f3 de l\u2019alumnat de 6\u00e8, revisions odontol\u00f2giques, tallers d\u2019higiene i alimentaci\u00f3&#8230;<\/p>\n<p>A m\u00e9s a m\u00e9s de les infermeres, altres professionals de l\u2019\u00e0mbit sanitari com odont\u00f2legs, higienistes i nutricionistes visiten les nostres aules per fomentar \u00a0pr\u00e0ctiques \u00a0saludables \u00a0i el desenvolupament \u00f2ptim dels infants.<\/p>\n\n\t\t<style type=\"text\/css\">\n\t\t\t#gallery-1 {\n\t\t\t\tmargin: auto;\n\t\t\t}\n\t\t\t#gallery-1 .gallery-item {\n\t\t\t\tfloat: left;\n\t\t\t\tmargin-top: 10px;\n\t\t\t\ttext-align: center;\n\t\t\t\twidth: 33%;\n\t\t\t}\n\t\t\t#gallery-1 img {\n\t\t\t\tborder: 2px solid #cfcfcf;\n\t\t\t}\n\t\t\t#gallery-1 .gallery-caption {\n\t\t\t\tmargin-left: 0;\n\t\t\t}\n\t\t\t\/* see gallery_shortcode() in wp-includes\/media.php *\/\n\t\t<\/style>\n\t\t<div id='gallery-1' class='gallery galleryid-5788 gallery-columns-3 gallery-size-full'><dl class='gallery-item'>\n\t\t\t<dt class='gallery-icon landscape'>\n\t\t\t\t<a href='https:\/\/agora.xtec.cat\/ceip-molidevent\/general\/programa-salut-i-escola\/attachment\/2be227c7-d833-46ba-b569-46e55d9ccde0\/'><img loading=\"lazy\" decoding=\"async\" width=\"2048\" height=\"1536\" src=\"https:\/\/agora.xtec.cat\/ceip-molidevent\/wp-content\/uploads\/usu1187\/2024\/09\/2be227c7-d833-46ba-b569-46e55d9ccde0.jpg\" class=\"attachment-full size-full\" alt=\"\" srcset=\"https:\/\/agora.xtec.cat\/ceip-molidevent\/wp-content\/uploads\/usu1187\/2024\/09\/2be227c7-d833-46ba-b569-46e55d9ccde0.jpg 2048w, https:\/\/agora.xtec.cat\/ceip-molidevent\/wp-content\/uploads\/usu1187\/2024\/09\/2be227c7-d833-46ba-b569-46e55d9ccde0-300x225.jpg 300w, https:\/\/agora.xtec.cat\/ceip-molidevent\/wp-content\/uploads\/usu1187\/2024\/09\/2be227c7-d833-46ba-b569-46e55d9ccde0-1024x768.jpg 1024w, https:\/\/agora.xtec.cat\/ceip-molidevent\/wp-content\/uploads\/usu1187\/2024\/09\/2be227c7-d833-46ba-b569-46e55d9ccde0-768x576.jpg 768w, https:\/\/agora.xtec.cat\/ceip-molidevent\/wp-content\/uploads\/usu1187\/2024\/09\/2be227c7-d833-46ba-b569-46e55d9ccde0-1536x1152.jpg 1536w, https:\/\/agora.xtec.cat\/ceip-molidevent\/wp-content\/uploads\/usu1187\/2024\/09\/2be227c7-d833-46ba-b569-46e55d9ccde0-200x150.jpg 200w\" sizes=\"auto, (max-width: 2048px) 100vw, 2048px\" \/><\/a>\n\t\t\t<\/dt><\/dl><dl class='gallery-item'>\n\t\t\t<dt class='gallery-icon landscape'>\n\t\t\t\t<a href='https:\/\/agora.xtec.cat\/ceip-molidevent\/general\/programa-salut-i-escola\/attachment\/ba162050-e5c6-4893-ae2f-45b31907e362\/'><img loading=\"lazy\" decoding=\"async\" width=\"2048\" height=\"1536\" src=\"https:\/\/agora.xtec.cat\/ceip-molidevent\/wp-content\/uploads\/usu1187\/2024\/09\/ba162050-e5c6-4893-ae2f-45b31907e362-e1727444289693.jpg\" class=\"attachment-full size-full\" alt=\"\" srcset=\"https:\/\/agora.xtec.cat\/ceip-molidevent\/wp-content\/uploads\/usu1187\/2024\/09\/ba162050-e5c6-4893-ae2f-45b31907e362-e1727444289693.jpg 2048w, https:\/\/agora.xtec.cat\/ceip-molidevent\/wp-content\/uploads\/usu1187\/2024\/09\/ba162050-e5c6-4893-ae2f-45b31907e362-e1727444289693-300x225.jpg 300w, https:\/\/agora.xtec.cat\/ceip-molidevent\/wp-content\/uploads\/usu1187\/2024\/09\/ba162050-e5c6-4893-ae2f-45b31907e362-e1727444289693-1024x768.jpg 1024w, https:\/\/agora.xtec.cat\/ceip-molidevent\/wp-content\/uploads\/usu1187\/2024\/09\/ba162050-e5c6-4893-ae2f-45b31907e362-e1727444289693-768x576.jpg 768w, https:\/\/agora.xtec.cat\/ceip-molidevent\/wp-content\/uploads\/usu1187\/2024\/09\/ba162050-e5c6-4893-ae2f-45b31907e362-e1727444289693-1536x1152.jpg 1536w, https:\/\/agora.xtec.cat\/ceip-molidevent\/wp-content\/uploads\/usu1187\/2024\/09\/ba162050-e5c6-4893-ae2f-45b31907e362-e1727444289693-200x150.jpg 200w\" sizes=\"auto, (max-width: 2048px) 100vw, 2048px\" \/><\/a>\n\t\t\t<\/dt><\/dl><dl class='gallery-item'>\n\t\t\t<dt class='gallery-icon portrait'>\n\t\t\t\t<a href='https:\/\/agora.xtec.cat\/ceip-molidevent\/general\/programa-salut-i-escola\/attachment\/f33b8814-5733-43f8-9536-f4b9b7fcad05\/'><img loading=\"lazy\" decoding=\"async\" width=\"300\" height=\"391\" src=\"https:\/\/agora.xtec.cat\/ceip-molidevent\/wp-content\/uploads\/usu1187\/2024\/09\/f33b8814-5733-43f8-9536-f4b9b7fcad05-e1727444484689.jpg\" class=\"attachment-full size-full\" alt=\"\" \/><\/a>\n\t\t\t<\/dt><\/dl><br style=\"clear: both\" \/>\n\t\t<\/div>\n\n","protected":false},"excerpt":{"rendered":"<p>Amb la formaci\u00f3 de Primers Auxilis per als docents i la visita de les higienistes i el Taller d\u2019Higiene Dental encetem les activitats del PSiE d\u2019aquest curs 24-25.<br \/>\nLa infermera de Salut i Escola, referent de salut dels centres educatius, \u00e9s una figura essencial en la&hellip;  <a href=\"https:\/\/agora.xtec.cat\/ceip-molidevent\/general\/programa-salut-i-escola\/\" title=\"Read Programa Salut i Escola\">Llegeix m\u00e9s\u00bb<\/a><\/p>\n","protected":false},"author":1,"featured_media":0,"comment_status":"closed","ping_status":"closed","sticky":false,"template":"","format":"standard","meta":{"_bbp_topic_count":0,"_bbp_reply_count":0,"_bbp_total_topic_count":0,"_bbp_total_reply_count":0,"_bbp_voice_count":0,"_bbp_anonymous_reply_count":0,"_bbp_topic_count_hidden":0,"_bbp_reply_count_hidden":0,"_bbp_forum_subforum_count":0,"footnotes":""},"categories":[1,4],"tags":[],"class_list":["post-5788","post","type-post","status-publish","format-standard","hentry","category-general","category-portada"],"post_mailing_queue_ids":[],"_links":{"self":[{"href":"https:\/\/agora.xtec.cat\/ceip-molidevent\/wp-json\/wp\/v2\/posts\/5788","targetHints":{"allow":["GET"]}}],"collection":[{"href":"https:\/\/agora.xtec.cat\/ceip-molidevent\/wp-json\/wp\/v2\/posts"}],"about":[{"href":"https:\/\/agora.xtec.cat\/ceip-molidevent\/wp-json\/wp\/v2\/types\/post"}],"author":[{"embeddable":true,"href":"https:\/\/agora.xtec.cat\/ceip-molidevent\/wp-json\/wp\/v2\/users\/1"}],"replies":[{"embeddable":true,"href":"https:\/\/agora.xtec.cat\/ceip-molidevent\/wp-json\/wp\/v2\/comments?post=5788"}],"version-history":[{"count":1,"href":"https:\/\/agora.xtec.cat\/ceip-molidevent\/wp-json\/wp\/v2\/posts\/5788\/revisions"}],"predecessor-version":[{"id":5792,"href":"https:\/\/agora.xtec.cat\/ceip-molidevent\/wp-json\/wp\/v2\/posts\/5788\/revisions\/5792"}],"wp:attachment":[{"href":"https:\/\/agora.xtec.cat\/ceip-molidevent\/wp-json\/wp\/v2\/media?parent=5788"}],"wp:term":[{"taxonomy":"category","embeddable":true,"href":"https:\/\/agora.xtec.cat\/ceip-molidevent\/wp-json\/wp\/v2\/categories?post=5788"},{"taxonomy":"post_tag","embeddable":true,"href":"https:\/\/agora.xtec.cat\/ceip-molidevent\/wp-json\/wp\/v2\/tags?post=5788"}],"curies":[{"name":"wp","href":"https:\/\/api.w.org\/{rel}","templated":true}]}}