{"id":5777,"date":"2024-09-13T17:51:22","date_gmt":"2024-09-13T15:51:22","guid":{"rendered":"https:\/\/agora.xtec.cat\/ceip-molidevent\/?p=5777"},"modified":"2024-11-11T11:25:13","modified_gmt":"2024-11-11T10:25:13","slug":"benvinguts-al-moli","status":"publish","type":"post","link":"https:\/\/agora.xtec.cat\/ceip-molidevent\/portada\/benvinguts-al-moli\/","title":{"rendered":"Benvinguts al Mol\u00ed"},"content":{"rendered":"<p><span style=\"font-weight: 400;\">Donem la\u00a0benvinguda al nou curs escolar carregats d\u2019esperan\u00e7a i d&#8217;il\u00b7lusi\u00f3 per cr\u00e9ixer i aprendre junts.<\/span><\/p>\n<p><span style=\"font-weight: 400;\">Al Mol\u00ed s\u2019han incorporat nous docents i alumnes, per\u00f2 tamb\u00e9 n\u2019hem acomiadat a d\u2019altres que ens vam acompanyar el curs passat als que desitgem molta sort en els nous destins.\u00a0<\/span><\/p>\n<p><span style=\"font-weight: 400;\">Ben aviat, a les reunions d\u2019inici de nivell, informarem a totes les fam\u00edlies del pla de treball\u00a0 aix\u00ed com dels projectes, sortides, activitats \u2026 i tot el que esperem que converteixi aquest curs en una nova aventura.<\/span><\/p>\n<p><span style=\"font-weight: 400;\">Ens fa goig poder-vos dir que hem estrenat a les aules ventiladors i panells digitals\u00a0 i aix\u00f2 ha estat possible gr\u00e0cies a l\u2019ajut de tots: escola, AFA, ajuntament i Departament. JUNTS MILLOR!!<\/span><\/p>\n<p><span style=\"font-weight: 400;\">Per a tots i totes els\/les que d\u2019alguna manera formeu part de la de l\u2019Escola Mol\u00ed de Vent us fem arribar el millor desig, i que aquest cam\u00ed, que junts i juntes hem comen\u00e7at, estigui ple d\u2019alegria, emocions i reptes per superar plegats.<\/span><\/p>\n<p><span style=\"font-weight: 400;\">Bon inici de curs!<\/span><\/p>\n<p><img loading=\"lazy\" decoding=\"async\" class=\"aligncenter size-full wp-image-5778\" src=\"https:\/\/agora.xtec.cat\/ceip-molidevent\/wp-content\/uploads\/usu1187\/2024\/09\/02c937aa-b26f-4cee-8b68-6d995908dfcd.jpg\" alt=\"\" width=\"1000\" height=\"1000\" srcset=\"https:\/\/agora.xtec.cat\/ceip-molidevent\/wp-content\/uploads\/usu1187\/2024\/09\/02c937aa-b26f-4cee-8b68-6d995908dfcd.jpg 1000w, https:\/\/agora.xtec.cat\/ceip-molidevent\/wp-content\/uploads\/usu1187\/2024\/09\/02c937aa-b26f-4cee-8b68-6d995908dfcd-300x300.jpg 300w, https:\/\/agora.xtec.cat\/ceip-molidevent\/wp-content\/uploads\/usu1187\/2024\/09\/02c937aa-b26f-4cee-8b68-6d995908dfcd-150x150.jpg 150w, https:\/\/agora.xtec.cat\/ceip-molidevent\/wp-content\/uploads\/usu1187\/2024\/09\/02c937aa-b26f-4cee-8b68-6d995908dfcd-768x768.jpg 768w\" sizes=\"auto, (max-width: 1000px) 100vw, 1000px\" \/><\/p>\n","protected":false},"excerpt":{"rendered":"<p>Donem la\u00a0benvinguda al nou curs escolar carregats d\u2019esperan\u00e7a i d&#8217;il\u00b7lusi\u00f3 per cr\u00e9ixer i aprendre junts.<br \/>\nAl Mol\u00ed s\u2019han incorporat nous docents i alumnes, per\u00f2 tamb\u00e9 n\u2019hem acomiadat a d\u2019altres que ens vam acompanyar el curs passat als que desitgem molta sort en els nous destins.\u00a0<br \/>\nBen aviat,&hellip;  <a href=\"https:\/\/agora.xtec.cat\/ceip-molidevent\/portada\/benvinguts-al-moli\/\" title=\"Read Benvinguts al Mol\u00ed\">Llegeix m\u00e9s\u00bb<\/a><\/p>\n","protected":false},"author":1,"featured_media":0,"comment_status":"closed","ping_status":"closed","sticky":false,"template":"","format":"standard","meta":{"_bbp_topic_count":0,"_bbp_reply_count":0,"_bbp_total_topic_count":0,"_bbp_total_reply_count":0,"_bbp_voice_count":0,"_bbp_anonymous_reply_count":0,"_bbp_topic_count_hidden":0,"_bbp_reply_count_hidden":0,"_bbp_forum_subforum_count":0,"footnotes":""},"categories":[4],"tags":[],"class_list":["post-5777","post","type-post","status-publish","format-standard","hentry","category-portada"],"post_mailing_queue_ids":[],"_links":{"self":[{"href":"https:\/\/agora.xtec.cat\/ceip-molidevent\/wp-json\/wp\/v2\/posts\/5777","targetHints":{"allow":["GET"]}}],"collection":[{"href":"https:\/\/agora.xtec.cat\/ceip-molidevent\/wp-json\/wp\/v2\/posts"}],"about":[{"href":"https:\/\/agora.xtec.cat\/ceip-molidevent\/wp-json\/wp\/v2\/types\/post"}],"author":[{"embeddable":true,"href":"https:\/\/agora.xtec.cat\/ceip-molidevent\/wp-json\/wp\/v2\/users\/1"}],"replies":[{"embeddable":true,"href":"https:\/\/agora.xtec.cat\/ceip-molidevent\/wp-json\/wp\/v2\/comments?post=5777"}],"version-history":[{"count":3,"href":"https:\/\/agora.xtec.cat\/ceip-molidevent\/wp-json\/wp\/v2\/posts\/5777\/revisions"}],"predecessor-version":[{"id":5781,"href":"https:\/\/agora.xtec.cat\/ceip-molidevent\/wp-json\/wp\/v2\/posts\/5777\/revisions\/5781"}],"wp:attachment":[{"href":"https:\/\/agora.xtec.cat\/ceip-molidevent\/wp-json\/wp\/v2\/media?parent=5777"}],"wp:term":[{"taxonomy":"category","embeddable":true,"href":"https:\/\/agora.xtec.cat\/ceip-molidevent\/wp-json\/wp\/v2\/categories?post=5777"},{"taxonomy":"post_tag","embeddable":true,"href":"https:\/\/agora.xtec.cat\/ceip-molidevent\/wp-json\/wp\/v2\/tags?post=5777"}],"curies":[{"name":"wp","href":"https:\/\/api.w.org\/{rel}","templated":true}]}}