{"id":5747,"date":"2024-06-20T11:29:17","date_gmt":"2024-06-20T09:29:17","guid":{"rendered":"https:\/\/agora.xtec.cat\/ceip-molidevent\/?p=5747"},"modified":"2024-06-20T11:29:17","modified_gmt":"2024-06-20T09:29:17","slug":"4t-compta-amb-mi","status":"publish","type":"post","link":"https:\/\/agora.xtec.cat\/ceip-molidevent\/general\/4t-compta-amb-mi\/","title":{"rendered":"4t: Compta amb mi"},"content":{"rendered":"<p>Les alumnes i els alumnes de 4t B han realitzat un videoclip de la can\u00e7\u00f3 \u201cCompta amb mi\u201d de Txarango. Per fer-ho han representat diferents escenes de la can\u00e7\u00f3 mitjan\u00e7ant dibuixos i escrivint la lletra en el mateix dibuix.<\/p>\n<p><iframe loading=\"lazy\" title=\"&quot;Compta amb mi&quot; Txarango - 4tB Mol\u00ed de vent\" src=\"https:\/\/www.youtube.com\/embed\/z8q60Z6EyTU\" width=\"500\" height=\"300\" frameborder=\"0\" allowfullscreen=\"allowfullscreen\"><span data-mce-type=\"bookmark\" style=\"display: inline-block; width: 0px; overflow: hidden; line-height: 0;\" class=\"mce_SELRES_start\">\ufeff<\/span><\/iframe><\/p>\n","protected":false},"excerpt":{"rendered":"<p>Les alumnes i els alumnes de 4t B han realitzat un videoclip de la can\u00e7\u00f3 \u201cCompta amb mi\u201d de Txarango. Per fer-ho han representat diferents escenes de la can\u00e7\u00f3 mitjan\u00e7ant dibuixos i escrivint la lletra en el mateix dibuix.<br \/>\n\ufeff<\/p>\n","protected":false},"author":1,"featured_media":5748,"comment_status":"closed","ping_status":"closed","sticky":false,"template":"","format":"standard","meta":{"_bbp_topic_count":0,"_bbp_reply_count":0,"_bbp_total_topic_count":0,"_bbp_total_reply_count":0,"_bbp_voice_count":0,"_bbp_anonymous_reply_count":0,"_bbp_topic_count_hidden":0,"_bbp_reply_count_hidden":0,"_bbp_forum_subforum_count":0,"footnotes":""},"categories":[214,13,1,4,5,78],"tags":[],"class_list":["post-5747","post","type-post","status-publish","format-standard","has-post-thumbnail","hentry","category-23-24","category-4t","category-general","category-portada","category-primaria","category-cicle-mitja"],"post_mailing_queue_ids":[],"_links":{"self":[{"href":"https:\/\/agora.xtec.cat\/ceip-molidevent\/wp-json\/wp\/v2\/posts\/5747","targetHints":{"allow":["GET"]}}],"collection":[{"href":"https:\/\/agora.xtec.cat\/ceip-molidevent\/wp-json\/wp\/v2\/posts"}],"about":[{"href":"https:\/\/agora.xtec.cat\/ceip-molidevent\/wp-json\/wp\/v2\/types\/post"}],"author":[{"embeddable":true,"href":"https:\/\/agora.xtec.cat\/ceip-molidevent\/wp-json\/wp\/v2\/users\/1"}],"replies":[{"embeddable":true,"href":"https:\/\/agora.xtec.cat\/ceip-molidevent\/wp-json\/wp\/v2\/comments?post=5747"}],"version-history":[{"count":1,"href":"https:\/\/agora.xtec.cat\/ceip-molidevent\/wp-json\/wp\/v2\/posts\/5747\/revisions"}],"predecessor-version":[{"id":5749,"href":"https:\/\/agora.xtec.cat\/ceip-molidevent\/wp-json\/wp\/v2\/posts\/5747\/revisions\/5749"}],"wp:featuredmedia":[{"embeddable":true,"href":"https:\/\/agora.xtec.cat\/ceip-molidevent\/wp-json\/wp\/v2\/media\/5748"}],"wp:attachment":[{"href":"https:\/\/agora.xtec.cat\/ceip-molidevent\/wp-json\/wp\/v2\/media?parent=5747"}],"wp:term":[{"taxonomy":"category","embeddable":true,"href":"https:\/\/agora.xtec.cat\/ceip-molidevent\/wp-json\/wp\/v2\/categories?post=5747"},{"taxonomy":"post_tag","embeddable":true,"href":"https:\/\/agora.xtec.cat\/ceip-molidevent\/wp-json\/wp\/v2\/tags?post=5747"}],"curies":[{"name":"wp","href":"https:\/\/api.w.org\/{rel}","templated":true}]}}