{"id":5663,"date":"2024-03-08T16:08:02","date_gmt":"2024-03-08T15:08:02","guid":{"rendered":"https:\/\/agora.xtec.cat\/ceip-molidevent\/?p=5663"},"modified":"2024-03-12T15:41:17","modified_gmt":"2024-03-12T14:41:17","slug":"urgent-cancel%c2%b7lacio-2a-festa-de-la-xocolatada-solidaria","status":"publish","type":"post","link":"https:\/\/agora.xtec.cat\/ceip-molidevent\/portada\/urgent-cancel%c2%b7lacio-2a-festa-de-la-xocolatada-solidaria\/","title":{"rendered":"Urgent!!!! CANCEL\u00b7LACI\u00d3 2a FESTA DE LA XOCOLATADA SOLID\u00c0RIA"},"content":{"rendered":"<p><img loading=\"lazy\" decoding=\"async\" class=\"aligncenter size-large wp-image-5667\" src=\"https:\/\/agora.xtec.cat\/ceip-molidevent\/wp-content\/uploads\/usu1187\/2024\/03\/unnamed-1024x989.png\" alt=\"\" width=\"1024\" height=\"989\" srcset=\"https:\/\/agora.xtec.cat\/ceip-molidevent\/wp-content\/uploads\/usu1187\/2024\/03\/unnamed-1024x989.png 1024w, https:\/\/agora.xtec.cat\/ceip-molidevent\/wp-content\/uploads\/usu1187\/2024\/03\/unnamed-300x290.png 300w, https:\/\/agora.xtec.cat\/ceip-molidevent\/wp-content\/uploads\/usu1187\/2024\/03\/unnamed-768x742.png 768w, https:\/\/agora.xtec.cat\/ceip-molidevent\/wp-content\/uploads\/usu1187\/2024\/03\/unnamed.png 1170w\" sizes=\"auto, (max-width: 1024px) 100vw, 1024px\" \/><\/p>\n<p>Benvolguts\/des,<\/p>\n<p>Davant la previsi\u00f3 meteorol\u00f2gica de dem\u00e0 dissabte, ens veiem en la necessitat de cancel\u00b7lar la 2a. Festa de la Xocolatada Solid\u00e0ria.<\/p>\n<p>Amb tot, per la import\u00e0ncia de l\u2019acte, la resposta participativa obtinguda i la il\u00b7lusi\u00f3 que tenien els infants, s\u2019est\u00e0 treballant en una nova data.<\/p>\n<p>Us n\u2019informarem i esperem poder comptar de nou amb tots vosaltres.<\/p>\n<p>Agrair per endavant la comprensi\u00f3 a totes les entitats, empreses, associacions, col\u00b7laboradors, administracions i particulars que havien de fer possible aquesta jornada.<\/p>\n<p>Junts Millor!!!<\/p>\n<p>AFA i Equip de Mestres de l\u2019Escola Mol\u00ed de Vent<\/p>\n<p>&nbsp;<\/p>\n","protected":false},"excerpt":{"rendered":"<p>Benvolguts\/des,<br \/>\nDavant la previsi\u00f3 meteorol\u00f2gica de dem\u00e0 dissabte, ens veiem en la necessitat de cancel\u00b7lar la 2a. Festa de la Xocolatada Solid\u00e0ria.<br \/>\nAmb tot, per la import\u00e0ncia de l\u2019acte, la resposta participativa obtinguda i la il\u00b7lusi\u00f3 que tenien els infants, s\u2019est\u00e0 treballant en una nova data.<br \/>\nUs n\u2019informarem&hellip;  <a href=\"https:\/\/agora.xtec.cat\/ceip-molidevent\/portada\/urgent-cancel%c2%b7lacio-2a-festa-de-la-xocolatada-solidaria\/\" title=\"Read Urgent!!!! CANCEL\u00b7LACI\u00d3 2a FESTA DE LA XOCOLATADA SOLID\u00c0RIA\">Llegeix m\u00e9s\u00bb<\/a><\/p>\n","protected":false},"author":1,"featured_media":0,"comment_status":"closed","ping_status":"closed","sticky":false,"template":"","format":"standard","meta":{"_bbp_topic_count":0,"_bbp_reply_count":0,"_bbp_total_topic_count":0,"_bbp_total_reply_count":0,"_bbp_voice_count":0,"_bbp_anonymous_reply_count":0,"_bbp_topic_count_hidden":0,"_bbp_reply_count_hidden":0,"_bbp_forum_subforum_count":0,"footnotes":""},"categories":[4],"tags":[],"class_list":["post-5663","post","type-post","status-publish","format-standard","hentry","category-portada"],"post_mailing_queue_ids":[],"_links":{"self":[{"href":"https:\/\/agora.xtec.cat\/ceip-molidevent\/wp-json\/wp\/v2\/posts\/5663","targetHints":{"allow":["GET"]}}],"collection":[{"href":"https:\/\/agora.xtec.cat\/ceip-molidevent\/wp-json\/wp\/v2\/posts"}],"about":[{"href":"https:\/\/agora.xtec.cat\/ceip-molidevent\/wp-json\/wp\/v2\/types\/post"}],"author":[{"embeddable":true,"href":"https:\/\/agora.xtec.cat\/ceip-molidevent\/wp-json\/wp\/v2\/users\/1"}],"replies":[{"embeddable":true,"href":"https:\/\/agora.xtec.cat\/ceip-molidevent\/wp-json\/wp\/v2\/comments?post=5663"}],"version-history":[{"count":4,"href":"https:\/\/agora.xtec.cat\/ceip-molidevent\/wp-json\/wp\/v2\/posts\/5663\/revisions"}],"predecessor-version":[{"id":5669,"href":"https:\/\/agora.xtec.cat\/ceip-molidevent\/wp-json\/wp\/v2\/posts\/5663\/revisions\/5669"}],"wp:attachment":[{"href":"https:\/\/agora.xtec.cat\/ceip-molidevent\/wp-json\/wp\/v2\/media?parent=5663"}],"wp:term":[{"taxonomy":"category","embeddable":true,"href":"https:\/\/agora.xtec.cat\/ceip-molidevent\/wp-json\/wp\/v2\/categories?post=5663"},{"taxonomy":"post_tag","embeddable":true,"href":"https:\/\/agora.xtec.cat\/ceip-molidevent\/wp-json\/wp\/v2\/tags?post=5663"}],"curies":[{"name":"wp","href":"https:\/\/api.w.org\/{rel}","templated":true}]}}