{"id":5659,"date":"2024-03-05T16:30:31","date_gmt":"2024-03-05T15:30:31","guid":{"rendered":"https:\/\/agora.xtec.cat\/ceip-molidevent\/?p=5659"},"modified":"2024-03-05T16:30:31","modified_gmt":"2024-03-05T15:30:31","slug":"4t-projecte-connectem-amb-el-mon","status":"publish","type":"post","link":"https:\/\/agora.xtec.cat\/ceip-molidevent\/portada\/4t-projecte-connectem-amb-el-mon\/","title":{"rendered":"4t: Projecte Connectem amb el M\u00f3n"},"content":{"rendered":"<p class=\"western\" align=\"left\">Els i les alumnes de 4t hem estat fent el projecte \u00abConnectem amb el m\u00f3n\u00bb, un projecte on hem investigat i estudiat els diferents pa\u00efsos d\u2019origen de les diferents fam\u00edlies que hi ha a l\u2019escola. Gr\u00e0cies a aquesta investigaci\u00f3 hem pogut con\u00e8ixer diferents pa\u00efsos del m\u00f3n i alhora tamb\u00e9 molta informaci\u00f3 com per exemple: el nombre d\u2019habitants, la seva capital, plats t\u00edpics, etc. Tamb\u00e9 hem tingut la sort de poder parlar amb diferents fam\u00edlies, que ens han explicat la seva experi\u00e8ncia al canviar-se de pa\u00eds. Els hem pogut preguntar com han viscut aquest canvi i tamb\u00e9 hem pogut con\u00e8ixer, de primera m\u00e0, costums i viv\u00e8ncies dels seus pa\u00efsos d\u2019origen.<\/p>\n\n\t\t<style type=\"text\/css\">\n\t\t\t#gallery-1 {\n\t\t\t\tmargin: auto;\n\t\t\t}\n\t\t\t#gallery-1 .gallery-item {\n\t\t\t\tfloat: left;\n\t\t\t\tmargin-top: 10px;\n\t\t\t\ttext-align: center;\n\t\t\t\twidth: 50%;\n\t\t\t}\n\t\t\t#gallery-1 img {\n\t\t\t\tborder: 2px solid #cfcfcf;\n\t\t\t}\n\t\t\t#gallery-1 .gallery-caption {\n\t\t\t\tmargin-left: 0;\n\t\t\t}\n\t\t\t\/* see gallery_shortcode() in wp-includes\/media.php *\/\n\t\t<\/style>\n\t\t<div id='gallery-1' class='gallery galleryid-5659 gallery-columns-2 gallery-size-full'><dl class='gallery-item'>\n\t\t\t<dt class='gallery-icon portrait'>\n\t\t\t\t<a href='https:\/\/agora.xtec.cat\/ceip-molidevent\/portada\/4t-projecte-connectem-amb-el-mon\/attachment\/4-20\/'><img loading=\"lazy\" decoding=\"async\" width=\"1200\" height=\"1600\" src=\"https:\/\/agora.xtec.cat\/ceip-molidevent\/wp-content\/uploads\/usu1187\/2024\/03\/4.jpg\" class=\"attachment-full size-full\" alt=\"\" srcset=\"https:\/\/agora.xtec.cat\/ceip-molidevent\/wp-content\/uploads\/usu1187\/2024\/03\/4.jpg 1200w, https:\/\/agora.xtec.cat\/ceip-molidevent\/wp-content\/uploads\/usu1187\/2024\/03\/4-225x300.jpg 225w, https:\/\/agora.xtec.cat\/ceip-molidevent\/wp-content\/uploads\/usu1187\/2024\/03\/4-768x1024.jpg 768w, https:\/\/agora.xtec.cat\/ceip-molidevent\/wp-content\/uploads\/usu1187\/2024\/03\/4-1152x1536.jpg 1152w\" sizes=\"auto, (max-width: 1200px) 100vw, 1200px\" \/><\/a>\n\t\t\t<\/dt><\/dl><dl class='gallery-item'>\n\t\t\t<dt class='gallery-icon portrait'>\n\t\t\t\t<a href='https:\/\/agora.xtec.cat\/ceip-molidevent\/portada\/4t-projecte-connectem-amb-el-mon\/attachment\/5-19\/'><img loading=\"lazy\" decoding=\"async\" width=\"1200\" height=\"1600\" src=\"https:\/\/agora.xtec.cat\/ceip-molidevent\/wp-content\/uploads\/usu1187\/2024\/03\/5.jpg\" class=\"attachment-full size-full\" alt=\"\" srcset=\"https:\/\/agora.xtec.cat\/ceip-molidevent\/wp-content\/uploads\/usu1187\/2024\/03\/5.jpg 1200w, https:\/\/agora.xtec.cat\/ceip-molidevent\/wp-content\/uploads\/usu1187\/2024\/03\/5-225x300.jpg 225w, https:\/\/agora.xtec.cat\/ceip-molidevent\/wp-content\/uploads\/usu1187\/2024\/03\/5-768x1024.jpg 768w, https:\/\/agora.xtec.cat\/ceip-molidevent\/wp-content\/uploads\/usu1187\/2024\/03\/5-1152x1536.jpg 1152w\" sizes=\"auto, (max-width: 1200px) 100vw, 1200px\" \/><\/a>\n\t\t\t<\/dt><\/dl><br style=\"clear: both\" \/>\n\t\t<\/div>\n\n","protected":false},"excerpt":{"rendered":"<p>Els i les alumnes de 4t hem estat fent el projecte \u00abConnectem amb el m\u00f3n\u00bb, un projecte on hem investigat i estudiat els diferents pa\u00efsos d\u2019origen de les diferents fam\u00edlies que hi ha a l\u2019escola. Gr\u00e0cies a aquesta investigaci\u00f3 hem pogut con\u00e8ixer diferents pa\u00efsos del&hellip;  <a href=\"https:\/\/agora.xtec.cat\/ceip-molidevent\/portada\/4t-projecte-connectem-amb-el-mon\/\" title=\"Read 4t: Projecte Connectem amb el M\u00f3n\">Llegeix m\u00e9s\u00bb<\/a><\/p>\n","protected":false},"author":1,"featured_media":0,"comment_status":"closed","ping_status":"closed","sticky":false,"template":"","format":"standard","meta":{"_bbp_topic_count":0,"_bbp_reply_count":0,"_bbp_total_topic_count":0,"_bbp_total_reply_count":0,"_bbp_voice_count":0,"_bbp_anonymous_reply_count":0,"_bbp_topic_count_hidden":0,"_bbp_reply_count_hidden":0,"_bbp_forum_subforum_count":0,"footnotes":""},"categories":[214,13,4,5,78],"tags":[],"class_list":["post-5659","post","type-post","status-publish","format-standard","hentry","category-23-24","category-4t","category-portada","category-primaria","category-cicle-mitja"],"post_mailing_queue_ids":[],"_links":{"self":[{"href":"https:\/\/agora.xtec.cat\/ceip-molidevent\/wp-json\/wp\/v2\/posts\/5659","targetHints":{"allow":["GET"]}}],"collection":[{"href":"https:\/\/agora.xtec.cat\/ceip-molidevent\/wp-json\/wp\/v2\/posts"}],"about":[{"href":"https:\/\/agora.xtec.cat\/ceip-molidevent\/wp-json\/wp\/v2\/types\/post"}],"author":[{"embeddable":true,"href":"https:\/\/agora.xtec.cat\/ceip-molidevent\/wp-json\/wp\/v2\/users\/1"}],"replies":[{"embeddable":true,"href":"https:\/\/agora.xtec.cat\/ceip-molidevent\/wp-json\/wp\/v2\/comments?post=5659"}],"version-history":[{"count":1,"href":"https:\/\/agora.xtec.cat\/ceip-molidevent\/wp-json\/wp\/v2\/posts\/5659\/revisions"}],"predecessor-version":[{"id":5662,"href":"https:\/\/agora.xtec.cat\/ceip-molidevent\/wp-json\/wp\/v2\/posts\/5659\/revisions\/5662"}],"wp:attachment":[{"href":"https:\/\/agora.xtec.cat\/ceip-molidevent\/wp-json\/wp\/v2\/media?parent=5659"}],"wp:term":[{"taxonomy":"category","embeddable":true,"href":"https:\/\/agora.xtec.cat\/ceip-molidevent\/wp-json\/wp\/v2\/categories?post=5659"},{"taxonomy":"post_tag","embeddable":true,"href":"https:\/\/agora.xtec.cat\/ceip-molidevent\/wp-json\/wp\/v2\/tags?post=5659"}],"curies":[{"name":"wp","href":"https:\/\/api.w.org\/{rel}","templated":true}]}}