{"id":5571,"date":"2024-01-12T16:24:58","date_gmt":"2024-01-12T15:24:58","guid":{"rendered":"https:\/\/agora.xtec.cat\/ceip-molidevent\/?p=5571"},"modified":"2024-01-12T16:25:09","modified_gmt":"2024-01-12T15:25:09","slug":"encetem-nou-any","status":"publish","type":"post","link":"https:\/\/agora.xtec.cat\/ceip-molidevent\/portada\/encetem-nou-any\/","title":{"rendered":"Encetem nou any"},"content":{"rendered":"<p>Amb l&#8217;arribada d&#8217;aquest nou any, volem estendre els nostres m\u00e9s sincers desitjos de prosperitat, salut i \u00e8xits per a tots vosaltres i, sobretot, pels vostres estimats fills i filles. L&#8217;educaci\u00f3 \u00e9s una llavor que plantem amb amor i dedicaci\u00f3, i estem segurs que aquest any, a l&#8217;Escola Mol\u00ed de Vent, veurem florir moltes oportunitats i moments inoblidables.<\/p>\n<p>En aquest nou any que encetem, aspirem a veure als vostres fills i filles cr\u00e9ixer, aprendre i superar nous reptes. Volem que l&#8217;Escola Mol\u00ed de Vent sigui un lloc on l&#8217;entusiasme pel coneixement floreixi, i on cada dia sigui una oportunitat per descobrir noves coses meravelloses.<\/p>\n<p>Amb aquest prop\u00f2sit en ment, desitgem que aquest any sigui ric en moments d&#8217;inspiraci\u00f3 i descoberta. Que els vostres fills i filles trobin passions noves i que el seu esperit investigador esdevingui una font constant de curiositat. Desitgem que cada aula sigui un escenari d&#8217;aprenentatge estimulant, on el di\u00e0leg i la col\u00b7laboraci\u00f3 siguin les claus per al desenvolupament integral dels nostres estudiants.<\/p>\n<p>A m\u00e9s, confiem que l&#8217;any vinent ser\u00e0 una oportunitat per consolidar les relacions entre l&#8217;escola i les fam\u00edlies. Volem que la comunicaci\u00f3 sigui fluida i oberta, perqu\u00e8 junts puguem construir un entorn educatiu que potenci\u00ef el creixement personal i acad\u00e8mic dels vostres fills.<\/p>\n<p>Que aquest any sigui tamb\u00e9 una oportunitat per consolidar valors importants com la solidaritat, el respecte i la toler\u00e0ncia. A trav\u00e9s de la conviv\u00e8ncia di\u00e0ria, aspirem a formar ciutadans conscients del seu entorn, compromesos amb la seva comunitat i oberts al m\u00f3n que els envolta.<\/p>\n<p>Finalment, esperem que la vostra fam\u00edlia gaudeixi d&#8217;una salut excel\u00b7lent i que la felicitat us acompanyi en cada pas que feu. Que els vincles familiars es consolidin i que trobeu moments per compartir i gaudir junts.<\/p>\n<p>Amb aquests desitjos, afrontem aquest nou any amb optimisme i determinaci\u00f3, confiant que junts construirem un futur ric en coneixement, alegria i \u00e8xits per a tota la comunitat de l&#8217;Escola Mol\u00ed de Vent.<\/p>\n","protected":false},"excerpt":{"rendered":"<p>Amb l&#8217;arribada d&#8217;aquest nou any, volem estendre els nostres m\u00e9s sincers desitjos de prosperitat, salut i \u00e8xits per a tots vosaltres i, sobretot, pels vostres estimats fills i filles. L&#8217;educaci\u00f3 \u00e9s una llavor que plantem amb amor i dedicaci\u00f3, i estem segurs que aquest any,&hellip;  <a href=\"https:\/\/agora.xtec.cat\/ceip-molidevent\/portada\/encetem-nou-any\/\" title=\"Read Encetem nou any\">Llegeix m\u00e9s\u00bb<\/a><\/p>\n","protected":false},"author":1,"featured_media":0,"comment_status":"closed","ping_status":"closed","sticky":false,"template":"","format":"standard","meta":{"_bbp_topic_count":0,"_bbp_reply_count":0,"_bbp_total_topic_count":0,"_bbp_total_reply_count":0,"_bbp_voice_count":0,"_bbp_anonymous_reply_count":0,"_bbp_topic_count_hidden":0,"_bbp_reply_count_hidden":0,"_bbp_forum_subforum_count":0,"footnotes":""},"categories":[214,4],"tags":[],"class_list":["post-5571","post","type-post","status-publish","format-standard","hentry","category-23-24","category-portada"],"post_mailing_queue_ids":[],"_links":{"self":[{"href":"https:\/\/agora.xtec.cat\/ceip-molidevent\/wp-json\/wp\/v2\/posts\/5571","targetHints":{"allow":["GET"]}}],"collection":[{"href":"https:\/\/agora.xtec.cat\/ceip-molidevent\/wp-json\/wp\/v2\/posts"}],"about":[{"href":"https:\/\/agora.xtec.cat\/ceip-molidevent\/wp-json\/wp\/v2\/types\/post"}],"author":[{"embeddable":true,"href":"https:\/\/agora.xtec.cat\/ceip-molidevent\/wp-json\/wp\/v2\/users\/1"}],"replies":[{"embeddable":true,"href":"https:\/\/agora.xtec.cat\/ceip-molidevent\/wp-json\/wp\/v2\/comments?post=5571"}],"version-history":[{"count":2,"href":"https:\/\/agora.xtec.cat\/ceip-molidevent\/wp-json\/wp\/v2\/posts\/5571\/revisions"}],"predecessor-version":[{"id":5573,"href":"https:\/\/agora.xtec.cat\/ceip-molidevent\/wp-json\/wp\/v2\/posts\/5571\/revisions\/5573"}],"wp:attachment":[{"href":"https:\/\/agora.xtec.cat\/ceip-molidevent\/wp-json\/wp\/v2\/media?parent=5571"}],"wp:term":[{"taxonomy":"category","embeddable":true,"href":"https:\/\/agora.xtec.cat\/ceip-molidevent\/wp-json\/wp\/v2\/categories?post=5571"},{"taxonomy":"post_tag","embeddable":true,"href":"https:\/\/agora.xtec.cat\/ceip-molidevent\/wp-json\/wp\/v2\/tags?post=5571"}],"curies":[{"name":"wp","href":"https:\/\/api.w.org\/{rel}","templated":true}]}}