{"id":5487,"date":"2023-10-20T15:21:51","date_gmt":"2023-10-20T13:21:51","guid":{"rendered":"https:\/\/agora.xtec.cat\/ceip-molidevent\/?p=5487"},"modified":"2023-10-20T15:23:50","modified_gmt":"2023-10-20T13:23:50","slug":"el-moli-participa-a-la-setmana-bio-per-lalimentacio-ecologica","status":"publish","type":"post","link":"https:\/\/agora.xtec.cat\/ceip-molidevent\/general\/el-moli-participa-a-la-setmana-bio-per-lalimentacio-ecologica\/","title":{"rendered":"El Mol\u00ed participa a la Setmana Bio per l&#8217;Alimentaci\u00f3 Ecol\u00f2gica"},"content":{"rendered":"<p>La Setmana Bio per l\u2019alimentaci\u00f3 ecol\u00f2gica (del 14 al 22 d\u2019octubre) \u00e9s un esdeveniment en el que se celebren tot un conjunt d\u2019activitats amb l\u2019objectiu com\u00fa de promocionar i donar a con\u00e8ixer la producci\u00f3 i alimentaci\u00f3 ecol\u00f2giques a tota la poblaci\u00f3. El programa d\u2019activitats \u00e9s molt variat i la seva proposta i organitzaci\u00f3 va a c\u00e0rrec de qualsevol persona o entitat interessada en aquest objectiu. A m\u00e9s de les actuacions presencials que es programen al llarg de la celebraci\u00f3 de cada edici\u00f3 de la <strong><a href=\"https:\/\/setmanabio.cat\/escoles\/lhort-del-moli\/\" target=\"_blank\" rel=\"noopener\">Setmana Bio<\/a><\/strong>, en aquest web tamb\u00e9 pots trobar una secci\u00f3 de recursos online que et permetran acostar-te quan vulguis al coneixement de la producci\u00f3 ecol\u00f2gica i dels seus actors.<\/p>\n\n\t\t<style type=\"text\/css\">\n\t\t\t#gallery-1 {\n\t\t\t\tmargin: auto;\n\t\t\t}\n\t\t\t#gallery-1 .gallery-item {\n\t\t\t\tfloat: left;\n\t\t\t\tmargin-top: 10px;\n\t\t\t\ttext-align: center;\n\t\t\t\twidth: 33%;\n\t\t\t}\n\t\t\t#gallery-1 img {\n\t\t\t\tborder: 2px solid #cfcfcf;\n\t\t\t}\n\t\t\t#gallery-1 .gallery-caption {\n\t\t\t\tmargin-left: 0;\n\t\t\t}\n\t\t\t\/* see gallery_shortcode() in wp-includes\/media.php *\/\n\t\t<\/style>\n\t\t<div id='gallery-1' class='gallery galleryid-5487 gallery-columns-3 gallery-size-full'><dl class='gallery-item'>\n\t\t\t<dt class='gallery-icon landscape'>\n\t\t\t\t<a href='https:\/\/agora.xtec.cat\/ceip-molidevent\/general\/el-moli-participa-a-la-setmana-bio-per-lalimentacio-ecologica\/attachment\/hort-2\/'><img loading=\"lazy\" decoding=\"async\" width=\"754\" height=\"406\" src=\"https:\/\/agora.xtec.cat\/ceip-molidevent\/wp-content\/uploads\/usu1187\/2023\/10\/HORT-2.png\" class=\"attachment-full size-full\" alt=\"\" srcset=\"https:\/\/agora.xtec.cat\/ceip-molidevent\/wp-content\/uploads\/usu1187\/2023\/10\/HORT-2.png 754w, https:\/\/agora.xtec.cat\/ceip-molidevent\/wp-content\/uploads\/usu1187\/2023\/10\/HORT-2-300x162.png 300w\" sizes=\"auto, (max-width: 754px) 100vw, 754px\" \/><\/a>\n\t\t\t<\/dt><\/dl><dl class='gallery-item'>\n\t\t\t<dt class='gallery-icon landscape'>\n\t\t\t\t<a href='https:\/\/agora.xtec.cat\/ceip-molidevent\/general\/el-moli-participa-a-la-setmana-bio-per-lalimentacio-ecologica\/attachment\/hort-moli\/'><img loading=\"lazy\" decoding=\"async\" width=\"1044\" height=\"912\" src=\"https:\/\/agora.xtec.cat\/ceip-molidevent\/wp-content\/uploads\/usu1187\/2023\/10\/HORT-MOLI.png\" class=\"attachment-full size-full\" alt=\"\" srcset=\"https:\/\/agora.xtec.cat\/ceip-molidevent\/wp-content\/uploads\/usu1187\/2023\/10\/HORT-MOLI.png 1044w, https:\/\/agora.xtec.cat\/ceip-molidevent\/wp-content\/uploads\/usu1187\/2023\/10\/HORT-MOLI-300x262.png 300w, https:\/\/agora.xtec.cat\/ceip-molidevent\/wp-content\/uploads\/usu1187\/2023\/10\/HORT-MOLI-1024x895.png 1024w, https:\/\/agora.xtec.cat\/ceip-molidevent\/wp-content\/uploads\/usu1187\/2023\/10\/HORT-MOLI-768x671.png 768w\" sizes=\"auto, (max-width: 1044px) 100vw, 1044px\" \/><\/a>\n\t\t\t<\/dt><\/dl><dl class='gallery-item'>\n\t\t\t<dt class='gallery-icon landscape'>\n\t\t\t\t<a href='https:\/\/agora.xtec.cat\/ceip-molidevent\/general\/el-moli-participa-a-la-setmana-bio-per-lalimentacio-ecologica\/attachment\/hort-1\/'><img loading=\"lazy\" decoding=\"async\" width=\"669\" height=\"408\" src=\"https:\/\/agora.xtec.cat\/ceip-molidevent\/wp-content\/uploads\/usu1187\/2023\/10\/HORT-1.png\" class=\"attachment-full size-full\" alt=\"\" srcset=\"https:\/\/agora.xtec.cat\/ceip-molidevent\/wp-content\/uploads\/usu1187\/2023\/10\/HORT-1.png 669w, https:\/\/agora.xtec.cat\/ceip-molidevent\/wp-content\/uploads\/usu1187\/2023\/10\/HORT-1-300x183.png 300w\" sizes=\"auto, (max-width: 669px) 100vw, 669px\" \/><\/a>\n\t\t\t<\/dt><\/dl><br style=\"clear: both\" \/>\n\t\t<\/div>\n\n<p>L&#8217;escola Mol\u00ed de Vent s&#8217;hi ha inscrit ja que l&#8217;activitat de l&#8217;Hort Escolar, que realitzen els nens i les nenes de 3r, al llarg de tot el curs , dona a con\u00e8ixer als infants aquesta producci\u00f3 d&#8217;aliments ecol\u00f2gics i la import\u00e0ncia d&#8217;una alimentaci\u00f3 saludable.<\/p>\n","protected":false},"excerpt":{"rendered":"<p>La Setmana Bio per l\u2019alimentaci\u00f3 ecol\u00f2gica (del 14 al 22 d\u2019octubre) \u00e9s un esdeveniment en el que se celebren tot un conjunt d\u2019activitats amb l\u2019objectiu com\u00fa de promocionar i donar a con\u00e8ixer la producci\u00f3 i alimentaci\u00f3 ecol\u00f2giques a tota la poblaci\u00f3. El programa d\u2019activitats \u00e9s&hellip;  <a href=\"https:\/\/agora.xtec.cat\/ceip-molidevent\/general\/el-moli-participa-a-la-setmana-bio-per-lalimentacio-ecologica\/\" title=\"Read El Mol\u00ed participa a la Setmana Bio per l&#8217;Alimentaci\u00f3 Ecol\u00f2gica\">Llegeix m\u00e9s\u00bb<\/a><\/p>\n","protected":false},"author":1,"featured_media":0,"comment_status":"closed","ping_status":"closed","sticky":false,"template":"","format":"standard","meta":{"_bbp_topic_count":0,"_bbp_reply_count":0,"_bbp_total_topic_count":0,"_bbp_total_reply_count":0,"_bbp_voice_count":0,"_bbp_anonymous_reply_count":0,"_bbp_topic_count_hidden":0,"_bbp_reply_count_hidden":0,"_bbp_forum_subforum_count":0,"footnotes":""},"categories":[214,1,4,5,78],"tags":[],"class_list":["post-5487","post","type-post","status-publish","format-standard","hentry","category-23-24","category-general","category-portada","category-primaria","category-cicle-mitja"],"post_mailing_queue_ids":[],"_links":{"self":[{"href":"https:\/\/agora.xtec.cat\/ceip-molidevent\/wp-json\/wp\/v2\/posts\/5487","targetHints":{"allow":["GET"]}}],"collection":[{"href":"https:\/\/agora.xtec.cat\/ceip-molidevent\/wp-json\/wp\/v2\/posts"}],"about":[{"href":"https:\/\/agora.xtec.cat\/ceip-molidevent\/wp-json\/wp\/v2\/types\/post"}],"author":[{"embeddable":true,"href":"https:\/\/agora.xtec.cat\/ceip-molidevent\/wp-json\/wp\/v2\/users\/1"}],"replies":[{"embeddable":true,"href":"https:\/\/agora.xtec.cat\/ceip-molidevent\/wp-json\/wp\/v2\/comments?post=5487"}],"version-history":[{"count":2,"href":"https:\/\/agora.xtec.cat\/ceip-molidevent\/wp-json\/wp\/v2\/posts\/5487\/revisions"}],"predecessor-version":[{"id":5492,"href":"https:\/\/agora.xtec.cat\/ceip-molidevent\/wp-json\/wp\/v2\/posts\/5487\/revisions\/5492"}],"wp:attachment":[{"href":"https:\/\/agora.xtec.cat\/ceip-molidevent\/wp-json\/wp\/v2\/media?parent=5487"}],"wp:term":[{"taxonomy":"category","embeddable":true,"href":"https:\/\/agora.xtec.cat\/ceip-molidevent\/wp-json\/wp\/v2\/categories?post=5487"},{"taxonomy":"post_tag","embeddable":true,"href":"https:\/\/agora.xtec.cat\/ceip-molidevent\/wp-json\/wp\/v2\/tags?post=5487"}],"curies":[{"name":"wp","href":"https:\/\/api.w.org\/{rel}","templated":true}]}}