{"id":5480,"date":"2023-10-06T15:59:28","date_gmt":"2023-10-06T13:59:28","guid":{"rendered":"https:\/\/agora.xtec.cat\/ceip-molidevent\/?p=5480"},"modified":"2023-10-06T15:59:28","modified_gmt":"2023-10-06T13:59:28","slug":"5e-sortida-a-cal-mata","status":"publish","type":"post","link":"https:\/\/agora.xtec.cat\/ceip-molidevent\/portada\/5e-sortida-a-cal-mata\/","title":{"rendered":"5\u00e8: sortida a Cal Mata"},"content":{"rendered":"\n\t\t<style type=\"text\/css\">\n\t\t\t#gallery-1 {\n\t\t\t\tmargin: auto;\n\t\t\t}\n\t\t\t#gallery-1 .gallery-item {\n\t\t\t\tfloat: left;\n\t\t\t\tmargin-top: 10px;\n\t\t\t\ttext-align: center;\n\t\t\t\twidth: 25%;\n\t\t\t}\n\t\t\t#gallery-1 img {\n\t\t\t\tborder: 2px solid #cfcfcf;\n\t\t\t}\n\t\t\t#gallery-1 .gallery-caption {\n\t\t\t\tmargin-left: 0;\n\t\t\t}\n\t\t\t\/* see gallery_shortcode() in wp-includes\/media.php *\/\n\t\t<\/style>\n\t\t<div id='gallery-1' class='gallery galleryid-5480 gallery-columns-4 gallery-size-full'><dl class='gallery-item'>\n\t\t\t<dt class='gallery-icon portrait'>\n\t\t\t\t<a href='https:\/\/agora.xtec.cat\/ceip-molidevent\/portada\/5e-sortida-a-cal-mata\/attachment\/img_8874\/'><img loading=\"lazy\" decoding=\"async\" width=\"1868\" height=\"2560\" src=\"https:\/\/agora.xtec.cat\/ceip-molidevent\/wp-content\/uploads\/usu1187\/2023\/10\/IMG_8874-scaled.jpg\" class=\"attachment-full size-full\" alt=\"\" srcset=\"https:\/\/agora.xtec.cat\/ceip-molidevent\/wp-content\/uploads\/usu1187\/2023\/10\/IMG_8874-scaled.jpg 1868w, https:\/\/agora.xtec.cat\/ceip-molidevent\/wp-content\/uploads\/usu1187\/2023\/10\/IMG_8874-219x300.jpg 219w, https:\/\/agora.xtec.cat\/ceip-molidevent\/wp-content\/uploads\/usu1187\/2023\/10\/IMG_8874-747x1024.jpg 747w, https:\/\/agora.xtec.cat\/ceip-molidevent\/wp-content\/uploads\/usu1187\/2023\/10\/IMG_8874-768x1053.jpg 768w, https:\/\/agora.xtec.cat\/ceip-molidevent\/wp-content\/uploads\/usu1187\/2023\/10\/IMG_8874-1121x1536.jpg 1121w, https:\/\/agora.xtec.cat\/ceip-molidevent\/wp-content\/uploads\/usu1187\/2023\/10\/IMG_8874-1494x2048.jpg 1494w\" sizes=\"auto, (max-width: 1868px) 100vw, 1868px\" \/><\/a>\n\t\t\t<\/dt><\/dl><dl class='gallery-item'>\n\t\t\t<dt class='gallery-icon portrait'>\n\t\t\t\t<a href='https:\/\/agora.xtec.cat\/ceip-molidevent\/portada\/5e-sortida-a-cal-mata\/attachment\/1-31\/'><img loading=\"lazy\" decoding=\"async\" width=\"742\" height=\"989\" src=\"https:\/\/agora.xtec.cat\/ceip-molidevent\/wp-content\/uploads\/usu1187\/2023\/10\/1.jpg\" class=\"attachment-full size-full\" alt=\"\" srcset=\"https:\/\/agora.xtec.cat\/ceip-molidevent\/wp-content\/uploads\/usu1187\/2023\/10\/1.jpg 742w, https:\/\/agora.xtec.cat\/ceip-molidevent\/wp-content\/uploads\/usu1187\/2023\/10\/1-225x300.jpg 225w\" sizes=\"auto, (max-width: 742px) 100vw, 742px\" \/><\/a>\n\t\t\t<\/dt><\/dl><dl class='gallery-item'>\n\t\t\t<dt class='gallery-icon portrait'>\n\t\t\t\t<a href='https:\/\/agora.xtec.cat\/ceip-molidevent\/portada\/5e-sortida-a-cal-mata\/attachment\/2-23\/'><img loading=\"lazy\" decoding=\"async\" width=\"740\" height=\"985\" src=\"https:\/\/agora.xtec.cat\/ceip-molidevent\/wp-content\/uploads\/usu1187\/2023\/10\/2.jpg\" class=\"attachment-full size-full\" alt=\"\" srcset=\"https:\/\/agora.xtec.cat\/ceip-molidevent\/wp-content\/uploads\/usu1187\/2023\/10\/2.jpg 740w, https:\/\/agora.xtec.cat\/ceip-molidevent\/wp-content\/uploads\/usu1187\/2023\/10\/2-225x300.jpg 225w\" sizes=\"auto, (max-width: 740px) 100vw, 740px\" \/><\/a>\n\t\t\t<\/dt><\/dl><dl class='gallery-item'>\n\t\t\t<dt class='gallery-icon portrait'>\n\t\t\t\t<a href='https:\/\/agora.xtec.cat\/ceip-molidevent\/portada\/5e-sortida-a-cal-mata\/attachment\/3-22\/'><img loading=\"lazy\" decoding=\"async\" width=\"740\" height=\"978\" src=\"https:\/\/agora.xtec.cat\/ceip-molidevent\/wp-content\/uploads\/usu1187\/2023\/10\/3.jpg\" class=\"attachment-full size-full\" alt=\"\" srcset=\"https:\/\/agora.xtec.cat\/ceip-molidevent\/wp-content\/uploads\/usu1187\/2023\/10\/3.jpg 740w, https:\/\/agora.xtec.cat\/ceip-molidevent\/wp-content\/uploads\/usu1187\/2023\/10\/3-227x300.jpg 227w\" sizes=\"auto, (max-width: 740px) 100vw, 740px\" \/><\/a>\n\t\t\t<\/dt><\/dl><br style=\"clear: both\" \/>\n\t\t<\/div>\n\n<p>El Dijous 28 de Setembre, vam anar a Cal Mata d&#8217;excursi\u00f3. Quan vam arribar em vaig sentir molt nerviosa perqu\u00e8 mai he anat de col\u00f2nies. Hi havien 3 grups, el groc, el blau i el verd, jo era el grup groc. (&#8230;) M\u2019ho vaig passar super b\u00e9. (SALWA)<\/p>\n<p>Per mi, la sortida de Cal Mata va ser super divertida (\u2026) quan vaig arribar la meva mare em va preguntar qu\u00e8 tal havia anat i jo li vaig explicar que molt b\u00e9 i jo em vaig sentir molt contenta.\u00a0 (AINA)<\/p>\n<p>Vam anar al bosc i vam jugar, quasi tots f\u00e8iem cabanyes, van quedar molt b\u00e9. El que m\u00e9s em va agradar va ser el bosc. (FERDAWS)<\/p>\n<p>Jo m&#8217;ho vaig\u00a0 passar molt b\u00e9 i vaig gaudir\u00a0 molt. El que m\u00e9s em va agradar va ser els jocs que vam fer. (MARTINA CATAL\u00c0)<\/p>\n<p>El que m\u00e9s em va agradar va ser quan vam anar el bosc perqu\u00e8 en van deixar jugar lliure. (MARTINA DOMINGUEZ)<\/p>\n<p>Vam jugar a jocs cooperatius (&#8230;) Vam veure insectes, com una aranya toro. (JOEL)<\/p>\n<p>Cal Mata que \u00e9s el lloc on vam anar de col\u00f2nies. (&#8230;) A l\u2019entrar tots ens vam recordar d\u2019aquelles col\u00f2nies, com quan vam anar al bosc i moltes coses m\u00e9s. (POL)<\/p>\n<p>Vaig estar jugant amb els meus amics i amigues a un joc i despr\u00e9s d&#8217;estar mitja hora, vam anar amb uns nens de l&#8217;altre classe a preguntar si volien jugar a l\u2019\u201descondite\u201d. (CARLOTA)<\/p>\n<p>M&#8217;ho he passat molt b\u00e9 a CAL MATA perqu\u00e8 hem fet moltes activitats. (IKER)<\/p>\n<p>&#8230; els monitors ens van dividir en tres equips per jugar a uns quants jocs. M\u2019ho vaig passar molt b\u00e9 jugant i vaig con\u00e8ixer molts jocs nous. Quan vam acabar els jocs vam dinar i despr\u00e9s vam fer joc lliure. (DANIELA)<\/p>\n<p>Va ser molt divertit, m\u2019ho vaig passar molt b\u00e9 jugant a jocs, tamb\u00e9 vam anar al bosc. (EIDEN)<\/p>\n<p>La primera experi\u00e8ncia a Cal Mata va ser molt bona, per\u00f2 aquesta sortida encara m\u00e9s perqu\u00e8 podia estar m\u00e9s amb els meus amics. (HUGO)<\/p>\n<p>&#8230; el que m\u00e9s em va agradar va ser el de dir, per exemple, qui tinc un gos. Tamb\u00e9 vam fer casetes. Em va agradar molt i tornaria anar. (ERIK)<\/p>\n<p>Vam tindre una estona lliure i em sentia molt feli\u00e7, vam anar al bosc a jugar i les meves amigues i jo vam jugar a la \u201cdeep wep\u201d que va sobre pallassos. (CLAUDIA)<\/p>\n<p>El que mes em va agradar va ser un joc que es deia caca perqu\u00e8 \u00e9rem dos equips i havies d\u2019anar corrent per anar a la base de l&#8217;altre equip per guanyar un punt i el que m\u00e9s tenia guanyava. (ISABEL)<\/p>\n<p>La part que m\u00e9s em va agradar va ser la del bosc perqu\u00e8 vaig fer una cabana amb una companya . La cabana ens va agradar, per\u00f2 ens va costar un munt. (ROC)<\/p>\n<p>El primer joc era que est\u00e0vem a\u00a0 una corda que era un illa i hav\u00edem de sortir a pescar i de vegades venia un taur\u00f3 i l&#8217;illa es feia m\u00e9s petita cada vegada. (&#8230;) M\u2019agradaria molt tornar. (NIL)<\/p>\n<p>Vam menjar que va ser molt divertit perqu\u00e8 les abelles es menjaven el menjar de tots. Quan vam acabar vam fer dos jocs i vam anar a el bosc a fer joc lliure. (DARIO)<\/p>\n<p>&nbsp;<\/p>\n","protected":false},"excerpt":{"rendered":"<p>\t\t\t#gallery-2 {<br \/>\n\t\t\t\tmargin: auto;<br \/>\n\t\t\t}<br \/>\n\t\t\t#gallery-2 .gallery-item {<br \/>\n\t\t\t\tfloat: left;<br \/>\n\t\t\t\tmargin-top: 10px;<br \/>\n\t\t\t\ttext-align: center;<br \/>\n\t\t\t\twidth: 25%;<br \/>\n\t\t\t}<br \/>\n\t\t\t#gallery-2 img {<br \/>\n\t\t\t\tborder: 2px solid #cfcfcf;<br \/>\n\t\t\t}<br \/>\n\t\t\t#gallery-2 .gallery-caption {<br \/>\n\t\t\t\tmargin-left: 0;<br \/>\n\t\t\t}<br \/>\n\t\t\t\/* see gallery_shortcode() in wp-includes\/media.php *\/<\/p>\n<p>\t\t\t\t<a href='https:\/\/agora.xtec.cat\/ceip-molidevent\/portada\/5e-sortida-a-cal-mata\/attachment\/img_8874\/'><\/a><\/p>\n<p>\t\t\t\t<a href='https:\/\/agora.xtec.cat\/ceip-molidevent\/portada\/5e-sortida-a-cal-mata\/attachment\/1-31\/'><\/a><\/p>\n<p>\t\t\t\t<a href='https:\/\/agora.xtec.cat\/ceip-molidevent\/portada\/5e-sortida-a-cal-mata\/attachment\/2-23\/'><\/a><\/p>\n<p>\t\t\t\t<a href='https:\/\/agora.xtec.cat\/ceip-molidevent\/portada\/5e-sortida-a-cal-mata\/attachment\/3-22\/'><\/a><\/p>\n<p>El Dijous 28 de Setembre, vam anar a Cal Mata d&#8217;excursi\u00f3. Quan vam arribar em vaig sentir molt nerviosa perqu\u00e8&hellip;  <a href=\"https:\/\/agora.xtec.cat\/ceip-molidevent\/portada\/5e-sortida-a-cal-mata\/\" title=\"Read 5\u00e8: sortida a Cal Mata\">Llegeix m\u00e9s\u00bb<\/a><\/p>\n","protected":false},"author":1,"featured_media":0,"comment_status":"closed","ping_status":"closed","sticky":false,"template":"","format":"standard","meta":{"_bbp_topic_count":0,"_bbp_reply_count":0,"_bbp_total_topic_count":0,"_bbp_total_reply_count":0,"_bbp_voice_count":0,"_bbp_anonymous_reply_count":0,"_bbp_topic_count_hidden":0,"_bbp_reply_count_hidden":0,"_bbp_forum_subforum_count":0,"footnotes":""},"categories":[214,14,4,5,26],"tags":[16],"class_list":["post-5480","post","type-post","status-publish","format-standard","hentry","category-23-24","category-5e","category-portada","category-primaria","category-cicle-superior","tag-sortides"],"post_mailing_queue_ids":[],"_links":{"self":[{"href":"https:\/\/agora.xtec.cat\/ceip-molidevent\/wp-json\/wp\/v2\/posts\/5480","targetHints":{"allow":["GET"]}}],"collection":[{"href":"https:\/\/agora.xtec.cat\/ceip-molidevent\/wp-json\/wp\/v2\/posts"}],"about":[{"href":"https:\/\/agora.xtec.cat\/ceip-molidevent\/wp-json\/wp\/v2\/types\/post"}],"author":[{"embeddable":true,"href":"https:\/\/agora.xtec.cat\/ceip-molidevent\/wp-json\/wp\/v2\/users\/1"}],"replies":[{"embeddable":true,"href":"https:\/\/agora.xtec.cat\/ceip-molidevent\/wp-json\/wp\/v2\/comments?post=5480"}],"version-history":[{"count":1,"href":"https:\/\/agora.xtec.cat\/ceip-molidevent\/wp-json\/wp\/v2\/posts\/5480\/revisions"}],"predecessor-version":[{"id":5485,"href":"https:\/\/agora.xtec.cat\/ceip-molidevent\/wp-json\/wp\/v2\/posts\/5480\/revisions\/5485"}],"wp:attachment":[{"href":"https:\/\/agora.xtec.cat\/ceip-molidevent\/wp-json\/wp\/v2\/media?parent=5480"}],"wp:term":[{"taxonomy":"category","embeddable":true,"href":"https:\/\/agora.xtec.cat\/ceip-molidevent\/wp-json\/wp\/v2\/categories?post=5480"},{"taxonomy":"post_tag","embeddable":true,"href":"https:\/\/agora.xtec.cat\/ceip-molidevent\/wp-json\/wp\/v2\/tags?post=5480"}],"curies":[{"name":"wp","href":"https:\/\/api.w.org\/{rel}","templated":true}]}}