{"id":5355,"date":"2023-04-23T13:56:05","date_gmt":"2023-04-23T11:56:05","guid":{"rendered":"https:\/\/agora.xtec.cat\/ceip-molidevent\/?p=5355"},"modified":"2023-04-23T13:56:24","modified_gmt":"2023-04-23T11:56:24","slug":"jornades-culturals-al-mol","status":"publish","type":"post","link":"https:\/\/agora.xtec.cat\/ceip-molidevent\/general\/jornades-culturals-al-mol\/","title":{"rendered":"JORNADES CULTURALS AL MOL\u00cd"},"content":{"rendered":"<p><strong>Tallers d\u2019activitats art\u00edstiques per a tots els gustos<\/strong><\/p>\n<p>Com ja \u00e9s tradici\u00f3 al Mol\u00ed, aquest curs, els dies 20 i 21 d\u2019abril, tots els nens i nenes d\u2019Infantil i de Prim\u00e0ria, \u00a0han realitzat tallers relacionats amb la diada de Sant Jordi o amb el projecte interdisciplinari dels Muntanyans.<\/p>\n<p>Al llarg d\u2019aquests dos dies, l\u2019organitzaci\u00f3 dels grups i dels mestres i de les mestres s\u2019ha modificat una mica per tal de poder desenvolupar aquestes activitats, en major part, art\u00edstiques.<\/p>\n<p>A Educaci\u00f3 Infantil els tallers de dibuix de personatges de la llegenda de Sant Jordi, de m\u00e0gia, de punts de llibre, de roses, de dansa o fins i tot de jocs protagonitzats per monstres, han fet passar bones estones als infants i gaudir tot aprenent.<\/p>\n<p>A Cicle Inicial s\u2019han fet tallers sobre la mare Terra i els Muntanyans.<\/p>\n<p>Les mestres i l\u2019artista torrenc Jordi Morera han acompanyat l\u2019alumnat en la representaci\u00f3 lliure sobre els Muntanyans feta amb materials diversos.<\/p>\n<p>L\u2019alumnat, el professorat de Cicle Mitj\u00e0 i persones de la Fundaci\u00f3 Onada, \u00a0ha realitzat una activitat amb taps de pl\u00e0stic. Aquestes produccions que han estat dissenyades per les interioristes d\u2019Extrapolar Studio serviran per crear l\u2019obra d\u2019art ef\u00edmer que s\u2019exposar\u00e0 els dies 19, 20 i 21 de maig a can Bofill.<\/p>\n<p>A cinqu\u00e8 s\u2019ha potenciat la creativitat \u00a0amb jocs d\u2019expressi\u00f3 oral i escrita i, a nivell pl\u00e0stic, s\u2019han realitzat punts de llibre amb plegat de paper i dibuix lliure relacionat amb la festivitat de Sant Jordi.<\/p>\n<p>L\u2019Olga Ibars, artista Landart, va acompanyar els infants en la pluja d\u2019idees del que ser\u00e0 l\u2019obra art\u00edstica de gran format que crearan entre tots i que s\u2019exposar\u00e0 a la platja dels Muntanyans.<\/p>\n<p>Els padrins de lectura de sis\u00e8 han compartit una estona amb els seus fillols de P5 dissenyant i elaborant plegats un punt de llibre.<\/p>\n\n\t\t<style type=\"text\/css\">\n\t\t\t#gallery-1 {\n\t\t\t\tmargin: auto;\n\t\t\t}\n\t\t\t#gallery-1 .gallery-item {\n\t\t\t\tfloat: left;\n\t\t\t\tmargin-top: 10px;\n\t\t\t\ttext-align: center;\n\t\t\t\twidth: 33%;\n\t\t\t}\n\t\t\t#gallery-1 img {\n\t\t\t\tborder: 2px solid #cfcfcf;\n\t\t\t}\n\t\t\t#gallery-1 .gallery-caption {\n\t\t\t\tmargin-left: 0;\n\t\t\t}\n\t\t\t\/* see gallery_shortcode() in wp-includes\/media.php *\/\n\t\t<\/style>\n\t\t<div id='gallery-1' class='gallery galleryid-5355 gallery-columns-3 gallery-size-full'><dl class='gallery-item'>\n\t\t\t<dt class='gallery-icon landscape'>\n\t\t\t\t<a href='https:\/\/agora.xtec.cat\/ceip-molidevent\/general\/jornades-culturals-al-mol\/attachment\/web1\/'><img loading=\"lazy\" decoding=\"async\" width=\"1024\" height=\"768\" src=\"https:\/\/agora.xtec.cat\/ceip-molidevent\/wp-content\/uploads\/usu1187\/2023\/04\/web1.jpg\" class=\"attachment-full size-full\" alt=\"\" srcset=\"https:\/\/agora.xtec.cat\/ceip-molidevent\/wp-content\/uploads\/usu1187\/2023\/04\/web1.jpg 1024w, https:\/\/agora.xtec.cat\/ceip-molidevent\/wp-content\/uploads\/usu1187\/2023\/04\/web1-300x225.jpg 300w, https:\/\/agora.xtec.cat\/ceip-molidevent\/wp-content\/uploads\/usu1187\/2023\/04\/web1-768x576.jpg 768w, https:\/\/agora.xtec.cat\/ceip-molidevent\/wp-content\/uploads\/usu1187\/2023\/04\/web1-200x150.jpg 200w\" sizes=\"auto, (max-width: 1024px) 100vw, 1024px\" \/><\/a>\n\t\t\t<\/dt><\/dl><dl class='gallery-item'>\n\t\t\t<dt class='gallery-icon landscape'>\n\t\t\t\t<a href='https:\/\/agora.xtec.cat\/ceip-molidevent\/general\/jornades-culturals-al-mol\/attachment\/web2-2\/'><img loading=\"lazy\" decoding=\"async\" width=\"1024\" height=\"574\" src=\"https:\/\/agora.xtec.cat\/ceip-molidevent\/wp-content\/uploads\/usu1187\/2023\/04\/web2.jpg\" class=\"attachment-full size-full\" alt=\"\" srcset=\"https:\/\/agora.xtec.cat\/ceip-molidevent\/wp-content\/uploads\/usu1187\/2023\/04\/web2.jpg 1024w, https:\/\/agora.xtec.cat\/ceip-molidevent\/wp-content\/uploads\/usu1187\/2023\/04\/web2-300x168.jpg 300w, https:\/\/agora.xtec.cat\/ceip-molidevent\/wp-content\/uploads\/usu1187\/2023\/04\/web2-768x431.jpg 768w\" sizes=\"auto, (max-width: 1024px) 100vw, 1024px\" \/><\/a>\n\t\t\t<\/dt><\/dl><dl class='gallery-item'>\n\t\t\t<dt class='gallery-icon portrait'>\n\t\t\t\t<a href='https:\/\/agora.xtec.cat\/ceip-molidevent\/general\/jornades-culturals-al-mol\/attachment\/web13\/'><img loading=\"lazy\" decoding=\"async\" width=\"768\" height=\"1024\" src=\"https:\/\/agora.xtec.cat\/ceip-molidevent\/wp-content\/uploads\/usu1187\/2023\/04\/web13.jpg\" class=\"attachment-full size-full\" alt=\"\" srcset=\"https:\/\/agora.xtec.cat\/ceip-molidevent\/wp-content\/uploads\/usu1187\/2023\/04\/web13.jpg 768w, https:\/\/agora.xtec.cat\/ceip-molidevent\/wp-content\/uploads\/usu1187\/2023\/04\/web13-225x300.jpg 225w\" sizes=\"auto, (max-width: 768px) 100vw, 768px\" \/><\/a>\n\t\t\t<\/dt><\/dl><br style=\"clear: both\" \/><dl class='gallery-item'>\n\t\t\t<dt class='gallery-icon portrait'>\n\t\t\t\t<a href='https:\/\/agora.xtec.cat\/ceip-molidevent\/general\/jornades-culturals-al-mol\/attachment\/web22\/'><img loading=\"lazy\" decoding=\"async\" width=\"768\" height=\"1024\" src=\"https:\/\/agora.xtec.cat\/ceip-molidevent\/wp-content\/uploads\/usu1187\/2023\/04\/web22.jpg\" class=\"attachment-full size-full\" alt=\"\" srcset=\"https:\/\/agora.xtec.cat\/ceip-molidevent\/wp-content\/uploads\/usu1187\/2023\/04\/web22.jpg 768w, https:\/\/agora.xtec.cat\/ceip-molidevent\/wp-content\/uploads\/usu1187\/2023\/04\/web22-225x300.jpg 225w\" sizes=\"auto, (max-width: 768px) 100vw, 768px\" \/><\/a>\n\t\t\t<\/dt><\/dl><dl class='gallery-item'>\n\t\t\t<dt class='gallery-icon landscape'>\n\t\t\t\t<a href='https:\/\/agora.xtec.cat\/ceip-molidevent\/general\/jornades-culturals-al-mol\/attachment\/web223\/'><img loading=\"lazy\" decoding=\"async\" width=\"1024\" height=\"766\" src=\"https:\/\/agora.xtec.cat\/ceip-molidevent\/wp-content\/uploads\/usu1187\/2023\/04\/web223.jpg\" class=\"attachment-full size-full\" alt=\"\" srcset=\"https:\/\/agora.xtec.cat\/ceip-molidevent\/wp-content\/uploads\/usu1187\/2023\/04\/web223.jpg 1024w, https:\/\/agora.xtec.cat\/ceip-molidevent\/wp-content\/uploads\/usu1187\/2023\/04\/web223-300x224.jpg 300w, https:\/\/agora.xtec.cat\/ceip-molidevent\/wp-content\/uploads\/usu1187\/2023\/04\/web223-768x575.jpg 768w, https:\/\/agora.xtec.cat\/ceip-molidevent\/wp-content\/uploads\/usu1187\/2023\/04\/web223-200x150.jpg 200w\" sizes=\"auto, (max-width: 1024px) 100vw, 1024px\" \/><\/a>\n\t\t\t<\/dt><\/dl>\n\t\t\t<br style='clear: both' \/>\n\t\t<\/div>\n\n<p>&nbsp;<\/p>\n<p>&nbsp;<\/p>\n<p>&nbsp;<\/p>\n","protected":false},"excerpt":{"rendered":"<p>Tallers d\u2019activitats art\u00edstiques per a tots els gustos<br \/>\nCom ja \u00e9s tradici\u00f3 al Mol\u00ed, aquest curs, els dies 20 i 21 d\u2019abril, tots els nens i nenes d\u2019Infantil i de Prim\u00e0ria, \u00a0han realitzat tallers relacionats amb la diada de Sant Jordi o amb el projecte interdisciplinari&hellip;  <a href=\"https:\/\/agora.xtec.cat\/ceip-molidevent\/general\/jornades-culturals-al-mol\/\" title=\"Read JORNADES CULTURALS AL MOL\u00cd\">Llegeix m\u00e9s\u00bb<\/a><\/p>\n","protected":false},"author":1,"featured_media":0,"comment_status":"closed","ping_status":"closed","sticky":false,"template":"","format":"standard","meta":{"_bbp_topic_count":0,"_bbp_reply_count":0,"_bbp_total_topic_count":0,"_bbp_total_reply_count":0,"_bbp_voice_count":0,"_bbp_anonymous_reply_count":0,"_bbp_topic_count_hidden":0,"_bbp_reply_count_hidden":0,"_bbp_forum_subforum_count":0,"footnotes":""},"categories":[208,99,1,2,4,5,64],"tags":[],"class_list":["post-5355","post","type-post","status-publish","format-standard","hentry","category-22-23","category-festes","category-general","category-infantil","category-portada","category-primaria","category-sant-jordi"],"post_mailing_queue_ids":[],"_links":{"self":[{"href":"https:\/\/agora.xtec.cat\/ceip-molidevent\/wp-json\/wp\/v2\/posts\/5355","targetHints":{"allow":["GET"]}}],"collection":[{"href":"https:\/\/agora.xtec.cat\/ceip-molidevent\/wp-json\/wp\/v2\/posts"}],"about":[{"href":"https:\/\/agora.xtec.cat\/ceip-molidevent\/wp-json\/wp\/v2\/types\/post"}],"author":[{"embeddable":true,"href":"https:\/\/agora.xtec.cat\/ceip-molidevent\/wp-json\/wp\/v2\/users\/1"}],"replies":[{"embeddable":true,"href":"https:\/\/agora.xtec.cat\/ceip-molidevent\/wp-json\/wp\/v2\/comments?post=5355"}],"version-history":[{"count":2,"href":"https:\/\/agora.xtec.cat\/ceip-molidevent\/wp-json\/wp\/v2\/posts\/5355\/revisions"}],"predecessor-version":[{"id":5362,"href":"https:\/\/agora.xtec.cat\/ceip-molidevent\/wp-json\/wp\/v2\/posts\/5355\/revisions\/5362"}],"wp:attachment":[{"href":"https:\/\/agora.xtec.cat\/ceip-molidevent\/wp-json\/wp\/v2\/media?parent=5355"}],"wp:term":[{"taxonomy":"category","embeddable":true,"href":"https:\/\/agora.xtec.cat\/ceip-molidevent\/wp-json\/wp\/v2\/categories?post=5355"},{"taxonomy":"post_tag","embeddable":true,"href":"https:\/\/agora.xtec.cat\/ceip-molidevent\/wp-json\/wp\/v2\/tags?post=5355"}],"curies":[{"name":"wp","href":"https:\/\/api.w.org\/{rel}","templated":true}]}}