{"id":5328,"date":"2023-03-08T08:59:50","date_gmt":"2023-03-08T07:59:50","guid":{"rendered":"https:\/\/agora.xtec.cat\/ceip-molidevent\/?p=5328"},"modified":"2023-03-08T09:01:31","modified_gmt":"2023-03-08T08:01:31","slug":"entre-tots-fem-la-torre","status":"publish","type":"post","link":"https:\/\/agora.xtec.cat\/ceip-molidevent\/general\/entre-tots-fem-la-torre\/","title":{"rendered":"Entre tots fem la Torre"},"content":{"rendered":"<p>El dilluns dia 6 de mar\u00e7, alumnat de 5\u00e8 i 6\u00e8 de les escoles, de 3r d\u2019ESO dels instituts, de l\u2019Agrupament Escolta Els Salats i del centre obert Capicua, van participar en la 1a. Trobada d\u2019Infants i Joves amb l\u2019alcalde de Torredembarra.<\/p>\n<p>A l\u2019ajuntament, els representants escollits de cada centre, van fer arribar les propostes que havia fet l\u2019alumnat\u00a0 com a resposta a les preguntes:<\/p>\n<p>QUE\u0300 PUC FER PER AL MEU POBLE?<\/p>\n<p>NECESSITO QUE L\u2019AJUNTAMENT FACI ALGUNA COSA PER FER-HO POSSIBLE?<\/p>\n<p>QUE\u0300 LI DEMANO A L\u2019ALCALDE DE TORREDEMBARRA, EL Sr. EDUARD ROVIRA, QUE FACI AL POBLE?<\/p>\n<p>Les propostes es van organitzar amb la seva classificaci\u00f3 en els disset ODS (objectius de desenvolupament sostenible).<\/p>\n<p>Un cop feta l\u2019exposici\u00f3, l\u2019alcalde va donar resposta a gaireb\u00e9 totes les demandes que es van fer. En alguns casos va explicar accions que l\u2019ajuntament ja estava fent, en d\u2019altres va aclarir que no eren compet\u00e8ncia seva i tamb\u00e9 d\u2019altres en va prendre bona nota per poder-hi treballar.<\/p>\n<p>Els infants i joves, encara que van recon\u00e8ixer haver passat una mica de nervis, van valorar molt positivament l\u2019experi\u00e8ncia d\u2019haver anat per primera vegada a l\u2019ajuntament representant els\/les seus\/ves companys\/es i havent fet arribar la seva veu.<\/p>\n<p>La regidora d\u2019Educaci\u00f3, Maria Gual, tamb\u00e9 ha comentat que l\u2019objectiu principal \u00e9s fer xarxa, compartir espais d\u2019aprenentatge i involucrar l\u2019alumnat (i els joves de la Torre en general) en un projecte comunitari amb continu\u00eftat a trav\u00e9s de les propostes de futur que en sorgeixin.<\/p>\n<p>Acc\u00e9s a la gravaci\u00f3 de la 1a Trobada d\u2019infants i Joves amb l\u2019alcalde de Torredembarra<\/p>\n<p><a href=\"https:\/\/www.youtube.com\/watch?v=qq2wLhC6Zy8\" target=\"_blank\" rel=\"noopener\"><img loading=\"lazy\" decoding=\"async\" class=\"aligncenter wp-image-5329\" src=\"https:\/\/agora.xtec.cat\/ceip-molidevent\/wp-content\/uploads\/usu1187\/2023\/03\/Captura-de-pantalla-2023-03-08-085753-1024x506.png\" alt=\"\" width=\"818\" height=\"404\" srcset=\"https:\/\/agora.xtec.cat\/ceip-molidevent\/wp-content\/uploads\/usu1187\/2023\/03\/Captura-de-pantalla-2023-03-08-085753-1024x506.png 1024w, https:\/\/agora.xtec.cat\/ceip-molidevent\/wp-content\/uploads\/usu1187\/2023\/03\/Captura-de-pantalla-2023-03-08-085753-300x148.png 300w, https:\/\/agora.xtec.cat\/ceip-molidevent\/wp-content\/uploads\/usu1187\/2023\/03\/Captura-de-pantalla-2023-03-08-085753-768x379.png 768w, https:\/\/agora.xtec.cat\/ceip-molidevent\/wp-content\/uploads\/usu1187\/2023\/03\/Captura-de-pantalla-2023-03-08-085753-1536x759.png 1536w, https:\/\/agora.xtec.cat\/ceip-molidevent\/wp-content\/uploads\/usu1187\/2023\/03\/Captura-de-pantalla-2023-03-08-085753.png 1876w\" sizes=\"auto, (max-width: 818px) 100vw, 818px\" \/><\/a><\/p>\n","protected":false},"excerpt":{"rendered":"<p>El dilluns dia 6 de mar\u00e7, alumnat de 5\u00e8 i 6\u00e8 de les escoles, de 3r d\u2019ESO dels instituts, de l\u2019Agrupament Escolta Els Salats i del centre obert Capicua, van participar en la 1a. Trobada d\u2019Infants i Joves amb l\u2019alcalde de Torredembarra.<br \/>\nA l\u2019ajuntament, els representants&hellip;  <a href=\"https:\/\/agora.xtec.cat\/ceip-molidevent\/general\/entre-tots-fem-la-torre\/\" title=\"Read Entre tots fem la Torre\">Llegeix m\u00e9s\u00bb<\/a><\/p>\n","protected":false},"author":1,"featured_media":0,"comment_status":"closed","ping_status":"closed","sticky":false,"template":"","format":"standard","meta":{"_bbp_topic_count":0,"_bbp_reply_count":0,"_bbp_total_topic_count":0,"_bbp_total_reply_count":0,"_bbp_voice_count":0,"_bbp_anonymous_reply_count":0,"_bbp_topic_count_hidden":0,"_bbp_reply_count_hidden":0,"_bbp_forum_subforum_count":0,"footnotes":""},"categories":[208,1,4],"tags":[],"class_list":["post-5328","post","type-post","status-publish","format-standard","hentry","category-22-23","category-general","category-portada"],"post_mailing_queue_ids":[],"_links":{"self":[{"href":"https:\/\/agora.xtec.cat\/ceip-molidevent\/wp-json\/wp\/v2\/posts\/5328","targetHints":{"allow":["GET"]}}],"collection":[{"href":"https:\/\/agora.xtec.cat\/ceip-molidevent\/wp-json\/wp\/v2\/posts"}],"about":[{"href":"https:\/\/agora.xtec.cat\/ceip-molidevent\/wp-json\/wp\/v2\/types\/post"}],"author":[{"embeddable":true,"href":"https:\/\/agora.xtec.cat\/ceip-molidevent\/wp-json\/wp\/v2\/users\/1"}],"replies":[{"embeddable":true,"href":"https:\/\/agora.xtec.cat\/ceip-molidevent\/wp-json\/wp\/v2\/comments?post=5328"}],"version-history":[{"count":3,"href":"https:\/\/agora.xtec.cat\/ceip-molidevent\/wp-json\/wp\/v2\/posts\/5328\/revisions"}],"predecessor-version":[{"id":5332,"href":"https:\/\/agora.xtec.cat\/ceip-molidevent\/wp-json\/wp\/v2\/posts\/5328\/revisions\/5332"}],"wp:attachment":[{"href":"https:\/\/agora.xtec.cat\/ceip-molidevent\/wp-json\/wp\/v2\/media?parent=5328"}],"wp:term":[{"taxonomy":"category","embeddable":true,"href":"https:\/\/agora.xtec.cat\/ceip-molidevent\/wp-json\/wp\/v2\/categories?post=5328"},{"taxonomy":"post_tag","embeddable":true,"href":"https:\/\/agora.xtec.cat\/ceip-molidevent\/wp-json\/wp\/v2\/tags?post=5328"}],"curies":[{"name":"wp","href":"https:\/\/api.w.org\/{rel}","templated":true}]}}