{"id":5091,"date":"2023-01-27T16:20:09","date_gmt":"2023-01-27T15:20:09","guid":{"rendered":"https:\/\/agora.xtec.cat\/ceip-molidevent\/?p=5091"},"modified":"2023-01-27T16:20:09","modified_gmt":"2023-01-27T15:20:09","slug":"el-pati-de-lescola-com-a-espai-daprenentatge","status":"publish","type":"post","link":"https:\/\/agora.xtec.cat\/ceip-molidevent\/general\/el-pati-de-lescola-com-a-espai-daprenentatge\/","title":{"rendered":"El pati de l&#8217;escola com a espai d&#8217;aprenentatge"},"content":{"rendered":"<p>El pati de l&#8217;escola, espai de descans, joc i socialitzaci\u00f3 ofereix als infants diferents oportunitats d&#8217;aprenentatge.<\/p>\n<p>Aquest curs tot l&#8217;alumnat de l&#8217;escola gaudeix un dia per setmana del <span class=\"hiddenSpellError\">BIBLIOPATI<\/span>: llibres de la Biblioteca Mestra Maria Ant\u00f2nia i de la Biblioteca Escolar surten al pati perqu\u00e8 els nens i les nenes, de manera volunt\u00e0ria, puguin esbargir-se de la m\u00e0 dels\u00a0llibres, de la seva lectura o del seu visionat.<\/p>\n<p>Als patis de C. Inicial, C. Superior i Educaci\u00f3 Infantil s&#8217;hi han instal\u00b7lat taules tipus p\u00edcnic; al pati de C. Mitj\u00e0 ja n&#8217;hi havia. Aquestes taules els permeten activitats diverses: compartir l&#8217;estona de l&#8217;esmorzar de manera m\u00e9s c\u00f2moda, dibuixar, fer algun joc de taula, poder fer classe a l&#8217;espai exterior&#8230;<\/p>\n<p>Aquests recursos amb qu\u00e8 es va dotant el pati, suposen una transformaci\u00f3 d&#8217;aquest espai que permet i facilita la realitzaci\u00f3 d&#8217;activitats diverses que complementen les activitats motrius i que fan possible que l&#8217;alumnat pugui escollir segons les\u00a0<span class=\"hiddenGrammarError\">seves<\/span>\u00a0necessitats.<\/p>\n\n\t\t<style type=\"text\/css\">\n\t\t\t#gallery-1 {\n\t\t\t\tmargin: auto;\n\t\t\t}\n\t\t\t#gallery-1 .gallery-item {\n\t\t\t\tfloat: left;\n\t\t\t\tmargin-top: 10px;\n\t\t\t\ttext-align: center;\n\t\t\t\twidth: 33%;\n\t\t\t}\n\t\t\t#gallery-1 img {\n\t\t\t\tborder: 2px solid #cfcfcf;\n\t\t\t}\n\t\t\t#gallery-1 .gallery-caption {\n\t\t\t\tmargin-left: 0;\n\t\t\t}\n\t\t\t\/* see gallery_shortcode() in wp-includes\/media.php *\/\n\t\t<\/style>\n\t\t<div id='gallery-1' class='gallery galleryid-5091 gallery-columns-3 gallery-size-full'><dl class='gallery-item'>\n\t\t\t<dt class='gallery-icon landscape'>\n\t\t\t\t<a href='https:\/\/agora.xtec.cat\/ceip-molidevent\/general\/el-pati-de-lescola-com-a-espai-daprenentatge\/attachment\/bibliopati-nens-2\/'><img loading=\"lazy\" decoding=\"async\" width=\"1024\" height=\"768\" src=\"https:\/\/agora.xtec.cat\/ceip-molidevent\/wp-content\/uploads\/usu1187\/2023\/01\/BIBLIOPATI-NENS-2.jpg\" class=\"attachment-full size-full\" alt=\"\" srcset=\"https:\/\/agora.xtec.cat\/ceip-molidevent\/wp-content\/uploads\/usu1187\/2023\/01\/BIBLIOPATI-NENS-2.jpg 1024w, https:\/\/agora.xtec.cat\/ceip-molidevent\/wp-content\/uploads\/usu1187\/2023\/01\/BIBLIOPATI-NENS-2-300x225.jpg 300w, https:\/\/agora.xtec.cat\/ceip-molidevent\/wp-content\/uploads\/usu1187\/2023\/01\/BIBLIOPATI-NENS-2-768x576.jpg 768w, https:\/\/agora.xtec.cat\/ceip-molidevent\/wp-content\/uploads\/usu1187\/2023\/01\/BIBLIOPATI-NENS-2-200x150.jpg 200w\" sizes=\"auto, (max-width: 1024px) 100vw, 1024px\" \/><\/a>\n\t\t\t<\/dt><\/dl><dl class='gallery-item'>\n\t\t\t<dt class='gallery-icon landscape'>\n\t\t\t\t<a href='https:\/\/agora.xtec.cat\/ceip-molidevent\/general\/el-pati-de-lescola-com-a-espai-daprenentatge\/attachment\/bibliopati-nens\/'><img loading=\"lazy\" decoding=\"async\" width=\"1024\" height=\"770\" src=\"https:\/\/agora.xtec.cat\/ceip-molidevent\/wp-content\/uploads\/usu1187\/2023\/01\/BIBLIOPATI-NENS.jpg\" class=\"attachment-full size-full\" alt=\"\" srcset=\"https:\/\/agora.xtec.cat\/ceip-molidevent\/wp-content\/uploads\/usu1187\/2023\/01\/BIBLIOPATI-NENS.jpg 1024w, https:\/\/agora.xtec.cat\/ceip-molidevent\/wp-content\/uploads\/usu1187\/2023\/01\/BIBLIOPATI-NENS-300x226.jpg 300w, https:\/\/agora.xtec.cat\/ceip-molidevent\/wp-content\/uploads\/usu1187\/2023\/01\/BIBLIOPATI-NENS-768x578.jpg 768w, https:\/\/agora.xtec.cat\/ceip-molidevent\/wp-content\/uploads\/usu1187\/2023\/01\/BIBLIOPATI-NENS-200x150.jpg 200w\" sizes=\"auto, (max-width: 1024px) 100vw, 1024px\" \/><\/a>\n\t\t\t<\/dt><\/dl><dl class='gallery-item'>\n\t\t\t<dt class='gallery-icon landscape'>\n\t\t\t\t<a href='https:\/\/agora.xtec.cat\/ceip-molidevent\/general\/el-pati-de-lescola-com-a-espai-daprenentatge\/attachment\/bibliopati-primaria\/'><img loading=\"lazy\" decoding=\"async\" width=\"1024\" height=\"770\" src=\"https:\/\/agora.xtec.cat\/ceip-molidevent\/wp-content\/uploads\/usu1187\/2023\/01\/BIBLIOPATI-PRIMARIA.jpg\" class=\"attachment-full size-full\" alt=\"\" srcset=\"https:\/\/agora.xtec.cat\/ceip-molidevent\/wp-content\/uploads\/usu1187\/2023\/01\/BIBLIOPATI-PRIMARIA.jpg 1024w, https:\/\/agora.xtec.cat\/ceip-molidevent\/wp-content\/uploads\/usu1187\/2023\/01\/BIBLIOPATI-PRIMARIA-300x226.jpg 300w, https:\/\/agora.xtec.cat\/ceip-molidevent\/wp-content\/uploads\/usu1187\/2023\/01\/BIBLIOPATI-PRIMARIA-768x578.jpg 768w, https:\/\/agora.xtec.cat\/ceip-molidevent\/wp-content\/uploads\/usu1187\/2023\/01\/BIBLIOPATI-PRIMARIA-200x150.jpg 200w\" sizes=\"auto, (max-width: 1024px) 100vw, 1024px\" \/><\/a>\n\t\t\t<\/dt><\/dl><br style=\"clear: both\" \/><dl class='gallery-item'>\n\t\t\t<dt class='gallery-icon landscape'>\n\t\t\t\t<a href='https:\/\/agora.xtec.cat\/ceip-molidevent\/general\/el-pati-de-lescola-com-a-espai-daprenentatge\/attachment\/bibliopati-infantil\/'><img loading=\"lazy\" decoding=\"async\" width=\"1024\" height=\"768\" src=\"https:\/\/agora.xtec.cat\/ceip-molidevent\/wp-content\/uploads\/usu1187\/2023\/01\/BIBLIOPATI-INFANTIL.jpg\" class=\"attachment-full size-full\" alt=\"\" srcset=\"https:\/\/agora.xtec.cat\/ceip-molidevent\/wp-content\/uploads\/usu1187\/2023\/01\/BIBLIOPATI-INFANTIL.jpg 1024w, https:\/\/agora.xtec.cat\/ceip-molidevent\/wp-content\/uploads\/usu1187\/2023\/01\/BIBLIOPATI-INFANTIL-300x225.jpg 300w, https:\/\/agora.xtec.cat\/ceip-molidevent\/wp-content\/uploads\/usu1187\/2023\/01\/BIBLIOPATI-INFANTIL-768x576.jpg 768w, https:\/\/agora.xtec.cat\/ceip-molidevent\/wp-content\/uploads\/usu1187\/2023\/01\/BIBLIOPATI-INFANTIL-200x150.jpg 200w\" sizes=\"auto, (max-width: 1024px) 100vw, 1024px\" \/><\/a>\n\t\t\t<\/dt><\/dl><dl class='gallery-item'>\n\t\t\t<dt class='gallery-icon landscape'>\n\t\t\t\t<a href='https:\/\/agora.xtec.cat\/ceip-molidevent\/general\/el-pati-de-lescola-com-a-espai-daprenentatge\/attachment\/taules-2\/'><img loading=\"lazy\" decoding=\"async\" width=\"1024\" height=\"768\" src=\"https:\/\/agora.xtec.cat\/ceip-molidevent\/wp-content\/uploads\/usu1187\/2023\/01\/TAULES-2.jpg\" class=\"attachment-full size-full\" alt=\"\" srcset=\"https:\/\/agora.xtec.cat\/ceip-molidevent\/wp-content\/uploads\/usu1187\/2023\/01\/TAULES-2.jpg 1024w, https:\/\/agora.xtec.cat\/ceip-molidevent\/wp-content\/uploads\/usu1187\/2023\/01\/TAULES-2-300x225.jpg 300w, https:\/\/agora.xtec.cat\/ceip-molidevent\/wp-content\/uploads\/usu1187\/2023\/01\/TAULES-2-768x576.jpg 768w, https:\/\/agora.xtec.cat\/ceip-molidevent\/wp-content\/uploads\/usu1187\/2023\/01\/TAULES-2-200x150.jpg 200w\" sizes=\"auto, (max-width: 1024px) 100vw, 1024px\" \/><\/a>\n\t\t\t<\/dt><\/dl><dl class='gallery-item'>\n\t\t\t<dt class='gallery-icon landscape'>\n\t\t\t\t<a href='https:\/\/agora.xtec.cat\/ceip-molidevent\/general\/el-pati-de-lescola-com-a-espai-daprenentatge\/attachment\/taules-infantil\/'><img loading=\"lazy\" decoding=\"async\" width=\"1024\" height=\"768\" src=\"https:\/\/agora.xtec.cat\/ceip-molidevent\/wp-content\/uploads\/usu1187\/2023\/01\/TAULES-INFANTIL.jpg\" class=\"attachment-full size-full\" alt=\"\" srcset=\"https:\/\/agora.xtec.cat\/ceip-molidevent\/wp-content\/uploads\/usu1187\/2023\/01\/TAULES-INFANTIL.jpg 1024w, https:\/\/agora.xtec.cat\/ceip-molidevent\/wp-content\/uploads\/usu1187\/2023\/01\/TAULES-INFANTIL-300x225.jpg 300w, https:\/\/agora.xtec.cat\/ceip-molidevent\/wp-content\/uploads\/usu1187\/2023\/01\/TAULES-INFANTIL-768x576.jpg 768w, https:\/\/agora.xtec.cat\/ceip-molidevent\/wp-content\/uploads\/usu1187\/2023\/01\/TAULES-INFANTIL-200x150.jpg 200w\" sizes=\"auto, (max-width: 1024px) 100vw, 1024px\" \/><\/a>\n\t\t\t<\/dt><\/dl><br style=\"clear: both\" \/><dl class='gallery-item'>\n\t\t\t<dt class='gallery-icon landscape'>\n\t\t\t\t<a href='https:\/\/agora.xtec.cat\/ceip-molidevent\/general\/el-pati-de-lescola-com-a-espai-daprenentatge\/attachment\/taules-1\/'><img loading=\"lazy\" decoding=\"async\" width=\"1024\" height=\"768\" src=\"https:\/\/agora.xtec.cat\/ceip-molidevent\/wp-content\/uploads\/usu1187\/2023\/01\/TAULES-1.jpg\" class=\"attachment-full size-full\" alt=\"\" srcset=\"https:\/\/agora.xtec.cat\/ceip-molidevent\/wp-content\/uploads\/usu1187\/2023\/01\/TAULES-1.jpg 1024w, https:\/\/agora.xtec.cat\/ceip-molidevent\/wp-content\/uploads\/usu1187\/2023\/01\/TAULES-1-300x225.jpg 300w, https:\/\/agora.xtec.cat\/ceip-molidevent\/wp-content\/uploads\/usu1187\/2023\/01\/TAULES-1-768x576.jpg 768w, https:\/\/agora.xtec.cat\/ceip-molidevent\/wp-content\/uploads\/usu1187\/2023\/01\/TAULES-1-200x150.jpg 200w\" sizes=\"auto, (max-width: 1024px) 100vw, 1024px\" \/><\/a>\n\t\t\t<\/dt><\/dl>\n\t\t\t<br style='clear: both' \/>\n\t\t<\/div>\n\n","protected":false},"excerpt":{"rendered":"<p>El pati de l&#8217;escola, espai de descans, joc i socialitzaci\u00f3 ofereix als infants diferents oportunitats d&#8217;aprenentatge.<br \/>\nAquest curs tot l&#8217;alumnat de l&#8217;escola gaudeix un dia per setmana del BIBLIOPATI: llibres de la Biblioteca Mestra Maria Ant\u00f2nia i de la Biblioteca Escolar surten al pati perqu\u00e8 els&hellip;  <a href=\"https:\/\/agora.xtec.cat\/ceip-molidevent\/general\/el-pati-de-lescola-com-a-espai-daprenentatge\/\" title=\"Read El pati de l&#8217;escola com a espai d&#8217;aprenentatge\">Llegeix m\u00e9s\u00bb<\/a><\/p>\n","protected":false},"author":1,"featured_media":0,"comment_status":"closed","ping_status":"closed","sticky":false,"template":"","format":"standard","meta":{"_bbp_topic_count":0,"_bbp_reply_count":0,"_bbp_total_topic_count":0,"_bbp_total_reply_count":0,"_bbp_voice_count":0,"_bbp_anonymous_reply_count":0,"_bbp_topic_count_hidden":0,"_bbp_reply_count_hidden":0,"_bbp_forum_subforum_count":0,"footnotes":""},"categories":[208,24,1,4,5],"tags":[],"class_list":["post-5091","post","type-post","status-publish","format-standard","hentry","category-22-23","category-biblioteca","category-general","category-portada","category-primaria"],"post_mailing_queue_ids":[],"_links":{"self":[{"href":"https:\/\/agora.xtec.cat\/ceip-molidevent\/wp-json\/wp\/v2\/posts\/5091","targetHints":{"allow":["GET"]}}],"collection":[{"href":"https:\/\/agora.xtec.cat\/ceip-molidevent\/wp-json\/wp\/v2\/posts"}],"about":[{"href":"https:\/\/agora.xtec.cat\/ceip-molidevent\/wp-json\/wp\/v2\/types\/post"}],"author":[{"embeddable":true,"href":"https:\/\/agora.xtec.cat\/ceip-molidevent\/wp-json\/wp\/v2\/users\/1"}],"replies":[{"embeddable":true,"href":"https:\/\/agora.xtec.cat\/ceip-molidevent\/wp-json\/wp\/v2\/comments?post=5091"}],"version-history":[{"count":1,"href":"https:\/\/agora.xtec.cat\/ceip-molidevent\/wp-json\/wp\/v2\/posts\/5091\/revisions"}],"predecessor-version":[{"id":5099,"href":"https:\/\/agora.xtec.cat\/ceip-molidevent\/wp-json\/wp\/v2\/posts\/5091\/revisions\/5099"}],"wp:attachment":[{"href":"https:\/\/agora.xtec.cat\/ceip-molidevent\/wp-json\/wp\/v2\/media?parent=5091"}],"wp:term":[{"taxonomy":"category","embeddable":true,"href":"https:\/\/agora.xtec.cat\/ceip-molidevent\/wp-json\/wp\/v2\/categories?post=5091"},{"taxonomy":"post_tag","embeddable":true,"href":"https:\/\/agora.xtec.cat\/ceip-molidevent\/wp-json\/wp\/v2\/tags?post=5091"}],"curies":[{"name":"wp","href":"https:\/\/api.w.org\/{rel}","templated":true}]}}