{"id":5067,"date":"2022-12-21T10:18:00","date_gmt":"2022-12-21T09:18:00","guid":{"rendered":"https:\/\/agora.xtec.cat\/ceip-molidevent\/?p=5067"},"modified":"2022-12-21T10:20:10","modified_gmt":"2022-12-21T09:20:10","slug":"per-nadal-el-moli-de-vent-mes-solidari","status":"publish","type":"post","link":"https:\/\/agora.xtec.cat\/ceip-molidevent\/general\/per-nadal-el-moli-de-vent-mes-solidari\/","title":{"rendered":"PER NADAL, EL MOL\u00cd DE VENT M\u00c9S SOLIDARI"},"content":{"rendered":"<p>Un curs mes, en aquestes dates \u201cprenadalenques\u201d, a l\u2019escola s\u2019han posat en marxa les dues iniciatives solid\u00e0ries amb les que estem col\u00b7laborant des de fa ja una colla de cursos: la recollida de productes per a Caritas i la recollida de fons per a la Marat\u00f3 de TV3, enguany dedicada a les malalties cardiovasculars.<\/p>\n<p>Amb l\u2019arr\u00f2s i la pasta, els productes recollits, s\u2019ha constru\u00eft un arbre de Nadal al Hall amb el lema FEM PINYA! S\u2019han recollit m\u00e9s de 200 paquets d\u2019aliments que els dies 19 i 20 de desembre, a la tarda, l\u2019alumnat de 6\u00e8 ha anat a entregar a la seu de C\u00e0ritas.<\/p>\n<p>Els germans Joan i Rosalia Porta, voluntaris de Caritas, han explicat als infants i mestres la tasca de voluntariat que realitzen i la necessitat que es vagi incorporant gent m\u00e9s jove.<\/p>\n<p>Voluntariat de Protecci\u00f3 Civil ens ha acompanyat els dos dies durant el trajecte i tamb\u00e9 han explicat quines tasques realitzen.<\/p>\n<p>El Jaime, un dels voluntaris, ha dit \u201cajudar als altres \u00e9s una activitat que encara que no et fa guanyar diners et fa sentir molt b\u00e9, dona molta satisfacci\u00f3\u201d.<\/p>\n\n\t\t<style type=\"text\/css\">\n\t\t\t#gallery-1 {\n\t\t\t\tmargin: auto;\n\t\t\t}\n\t\t\t#gallery-1 .gallery-item {\n\t\t\t\tfloat: left;\n\t\t\t\tmargin-top: 10px;\n\t\t\t\ttext-align: center;\n\t\t\t\twidth: 33%;\n\t\t\t}\n\t\t\t#gallery-1 img {\n\t\t\t\tborder: 2px solid #cfcfcf;\n\t\t\t}\n\t\t\t#gallery-1 .gallery-caption {\n\t\t\t\tmargin-left: 0;\n\t\t\t}\n\t\t\t\/* see gallery_shortcode() in wp-includes\/media.php *\/\n\t\t<\/style>\n\t\t<div id='gallery-1' class='gallery galleryid-5067 gallery-columns-3 gallery-size-medium'><dl class='gallery-item'>\n\t\t\t<dt class='gallery-icon landscape'>\n\t\t\t\t<a href='https:\/\/agora.xtec.cat\/ceip-molidevent\/general\/per-nadal-el-moli-de-vent-mes-solidari\/attachment\/photo-2022-12-20-23-18-44_9\/'><img loading=\"lazy\" decoding=\"async\" width=\"300\" height=\"225\" src=\"https:\/\/agora.xtec.cat\/ceip-molidevent\/wp-content\/uploads\/usu1187\/2022\/12\/PHOTO-2022-12-20-23-18-44_9-300x225.jpg\" class=\"attachment-medium size-medium\" alt=\"\" srcset=\"https:\/\/agora.xtec.cat\/ceip-molidevent\/wp-content\/uploads\/usu1187\/2022\/12\/PHOTO-2022-12-20-23-18-44_9-300x225.jpg 300w, https:\/\/agora.xtec.cat\/ceip-molidevent\/wp-content\/uploads\/usu1187\/2022\/12\/PHOTO-2022-12-20-23-18-44_9-768x576.jpg 768w, https:\/\/agora.xtec.cat\/ceip-molidevent\/wp-content\/uploads\/usu1187\/2022\/12\/PHOTO-2022-12-20-23-18-44_9-200x150.jpg 200w, https:\/\/agora.xtec.cat\/ceip-molidevent\/wp-content\/uploads\/usu1187\/2022\/12\/PHOTO-2022-12-20-23-18-44_9.jpg 1024w\" sizes=\"auto, (max-width: 300px) 100vw, 300px\" \/><\/a>\n\t\t\t<\/dt><\/dl><dl class='gallery-item'>\n\t\t\t<dt class='gallery-icon landscape'>\n\t\t\t\t<a href='https:\/\/agora.xtec.cat\/ceip-molidevent\/general\/per-nadal-el-moli-de-vent-mes-solidari\/attachment\/photo-2022-12-20-23-18-44\/'><img loading=\"lazy\" decoding=\"async\" width=\"300\" height=\"225\" src=\"https:\/\/agora.xtec.cat\/ceip-molidevent\/wp-content\/uploads\/usu1187\/2022\/12\/PHOTO-2022-12-20-23-18-44-300x225.jpg\" class=\"attachment-medium size-medium\" alt=\"\" srcset=\"https:\/\/agora.xtec.cat\/ceip-molidevent\/wp-content\/uploads\/usu1187\/2022\/12\/PHOTO-2022-12-20-23-18-44-300x225.jpg 300w, https:\/\/agora.xtec.cat\/ceip-molidevent\/wp-content\/uploads\/usu1187\/2022\/12\/PHOTO-2022-12-20-23-18-44-768x576.jpg 768w, https:\/\/agora.xtec.cat\/ceip-molidevent\/wp-content\/uploads\/usu1187\/2022\/12\/PHOTO-2022-12-20-23-18-44-200x150.jpg 200w, https:\/\/agora.xtec.cat\/ceip-molidevent\/wp-content\/uploads\/usu1187\/2022\/12\/PHOTO-2022-12-20-23-18-44.jpg 1024w\" sizes=\"auto, (max-width: 300px) 100vw, 300px\" \/><\/a>\n\t\t\t<\/dt><\/dl><dl class='gallery-item'>\n\t\t\t<dt class='gallery-icon landscape'>\n\t\t\t\t<a href='https:\/\/agora.xtec.cat\/ceip-molidevent\/general\/per-nadal-el-moli-de-vent-mes-solidari\/attachment\/photo-2022-12-20-23-18-44_1\/'><img loading=\"lazy\" decoding=\"async\" width=\"300\" height=\"225\" src=\"https:\/\/agora.xtec.cat\/ceip-molidevent\/wp-content\/uploads\/usu1187\/2022\/12\/PHOTO-2022-12-20-23-18-44_1-300x225.jpg\" class=\"attachment-medium size-medium\" alt=\"\" srcset=\"https:\/\/agora.xtec.cat\/ceip-molidevent\/wp-content\/uploads\/usu1187\/2022\/12\/PHOTO-2022-12-20-23-18-44_1-300x225.jpg 300w, https:\/\/agora.xtec.cat\/ceip-molidevent\/wp-content\/uploads\/usu1187\/2022\/12\/PHOTO-2022-12-20-23-18-44_1-768x576.jpg 768w, https:\/\/agora.xtec.cat\/ceip-molidevent\/wp-content\/uploads\/usu1187\/2022\/12\/PHOTO-2022-12-20-23-18-44_1-200x150.jpg 200w, https:\/\/agora.xtec.cat\/ceip-molidevent\/wp-content\/uploads\/usu1187\/2022\/12\/PHOTO-2022-12-20-23-18-44_1.jpg 1024w\" sizes=\"auto, (max-width: 300px) 100vw, 300px\" \/><\/a>\n\t\t\t<\/dt><\/dl><br style=\"clear: both\" \/><dl class='gallery-item'>\n\t\t\t<dt class='gallery-icon landscape'>\n\t\t\t\t<a href='https:\/\/agora.xtec.cat\/ceip-molidevent\/general\/per-nadal-el-moli-de-vent-mes-solidari\/attachment\/photo-2022-12-20-23-18-44_4\/'><img loading=\"lazy\" decoding=\"async\" width=\"300\" height=\"225\" src=\"https:\/\/agora.xtec.cat\/ceip-molidevent\/wp-content\/uploads\/usu1187\/2022\/12\/PHOTO-2022-12-20-23-18-44_4-300x225.jpg\" class=\"attachment-medium size-medium\" alt=\"\" srcset=\"https:\/\/agora.xtec.cat\/ceip-molidevent\/wp-content\/uploads\/usu1187\/2022\/12\/PHOTO-2022-12-20-23-18-44_4-300x225.jpg 300w, https:\/\/agora.xtec.cat\/ceip-molidevent\/wp-content\/uploads\/usu1187\/2022\/12\/PHOTO-2022-12-20-23-18-44_4-768x576.jpg 768w, https:\/\/agora.xtec.cat\/ceip-molidevent\/wp-content\/uploads\/usu1187\/2022\/12\/PHOTO-2022-12-20-23-18-44_4-200x150.jpg 200w, https:\/\/agora.xtec.cat\/ceip-molidevent\/wp-content\/uploads\/usu1187\/2022\/12\/PHOTO-2022-12-20-23-18-44_4.jpg 1024w\" sizes=\"auto, (max-width: 300px) 100vw, 300px\" \/><\/a>\n\t\t\t<\/dt><\/dl><dl class='gallery-item'>\n\t\t\t<dt class='gallery-icon portrait'>\n\t\t\t\t<a href='https:\/\/agora.xtec.cat\/ceip-molidevent\/general\/per-nadal-el-moli-de-vent-mes-solidari\/attachment\/photo-2022-12-20-23-18-44_2\/'><img loading=\"lazy\" decoding=\"async\" width=\"209\" height=\"300\" src=\"https:\/\/agora.xtec.cat\/ceip-molidevent\/wp-content\/uploads\/usu1187\/2022\/12\/PHOTO-2022-12-20-23-18-44_2-209x300.jpg\" class=\"attachment-medium size-medium\" alt=\"\" srcset=\"https:\/\/agora.xtec.cat\/ceip-molidevent\/wp-content\/uploads\/usu1187\/2022\/12\/PHOTO-2022-12-20-23-18-44_2-209x300.jpg 209w, https:\/\/agora.xtec.cat\/ceip-molidevent\/wp-content\/uploads\/usu1187\/2022\/12\/PHOTO-2022-12-20-23-18-44_2.jpg 713w\" sizes=\"auto, (max-width: 209px) 100vw, 209px\" \/><\/a>\n\t\t\t<\/dt><\/dl><dl class='gallery-item'>\n\t\t\t<dt class='gallery-icon landscape'>\n\t\t\t\t<a href='https:\/\/agora.xtec.cat\/ceip-molidevent\/general\/per-nadal-el-moli-de-vent-mes-solidari\/attachment\/photo-2022-12-20-23-18-44_3\/'><img loading=\"lazy\" decoding=\"async\" width=\"300\" height=\"225\" src=\"https:\/\/agora.xtec.cat\/ceip-molidevent\/wp-content\/uploads\/usu1187\/2022\/12\/PHOTO-2022-12-20-23-18-44_3-300x225.jpg\" class=\"attachment-medium size-medium\" alt=\"\" srcset=\"https:\/\/agora.xtec.cat\/ceip-molidevent\/wp-content\/uploads\/usu1187\/2022\/12\/PHOTO-2022-12-20-23-18-44_3-300x225.jpg 300w, https:\/\/agora.xtec.cat\/ceip-molidevent\/wp-content\/uploads\/usu1187\/2022\/12\/PHOTO-2022-12-20-23-18-44_3-768x576.jpg 768w, https:\/\/agora.xtec.cat\/ceip-molidevent\/wp-content\/uploads\/usu1187\/2022\/12\/PHOTO-2022-12-20-23-18-44_3-200x150.jpg 200w, https:\/\/agora.xtec.cat\/ceip-molidevent\/wp-content\/uploads\/usu1187\/2022\/12\/PHOTO-2022-12-20-23-18-44_3.jpg 1024w\" sizes=\"auto, (max-width: 300px) 100vw, 300px\" \/><\/a>\n\t\t\t<\/dt><\/dl><br style=\"clear: both\" \/><dl class='gallery-item'>\n\t\t\t<dt class='gallery-icon portrait'>\n\t\t\t\t<a href='https:\/\/agora.xtec.cat\/ceip-molidevent\/general\/per-nadal-el-moli-de-vent-mes-solidari\/attachment\/photo-2022-12-20-23-18-44_5\/'><img loading=\"lazy\" decoding=\"async\" width=\"225\" height=\"300\" src=\"https:\/\/agora.xtec.cat\/ceip-molidevent\/wp-content\/uploads\/usu1187\/2022\/12\/PHOTO-2022-12-20-23-18-44_5-225x300.jpg\" class=\"attachment-medium size-medium\" alt=\"\" srcset=\"https:\/\/agora.xtec.cat\/ceip-molidevent\/wp-content\/uploads\/usu1187\/2022\/12\/PHOTO-2022-12-20-23-18-44_5-225x300.jpg 225w, https:\/\/agora.xtec.cat\/ceip-molidevent\/wp-content\/uploads\/usu1187\/2022\/12\/PHOTO-2022-12-20-23-18-44_5.jpg 768w\" sizes=\"auto, (max-width: 225px) 100vw, 225px\" \/><\/a>\n\t\t\t<\/dt><\/dl><dl class='gallery-item'>\n\t\t\t<dt class='gallery-icon portrait'>\n\t\t\t\t<a href='https:\/\/agora.xtec.cat\/ceip-molidevent\/general\/per-nadal-el-moli-de-vent-mes-solidari\/attachment\/photo-2022-12-20-23-18-44_6\/'><img loading=\"lazy\" decoding=\"async\" width=\"225\" height=\"300\" src=\"https:\/\/agora.xtec.cat\/ceip-molidevent\/wp-content\/uploads\/usu1187\/2022\/12\/PHOTO-2022-12-20-23-18-44_6-225x300.jpg\" class=\"attachment-medium size-medium\" alt=\"\" srcset=\"https:\/\/agora.xtec.cat\/ceip-molidevent\/wp-content\/uploads\/usu1187\/2022\/12\/PHOTO-2022-12-20-23-18-44_6-225x300.jpg 225w, https:\/\/agora.xtec.cat\/ceip-molidevent\/wp-content\/uploads\/usu1187\/2022\/12\/PHOTO-2022-12-20-23-18-44_6.jpg 768w\" sizes=\"auto, (max-width: 225px) 100vw, 225px\" \/><\/a>\n\t\t\t<\/dt><\/dl><dl class='gallery-item'>\n\t\t\t<dt class='gallery-icon portrait'>\n\t\t\t\t<a href='https:\/\/agora.xtec.cat\/ceip-molidevent\/general\/per-nadal-el-moli-de-vent-mes-solidari\/attachment\/photo-2022-12-20-23-18-44_7\/'><img loading=\"lazy\" decoding=\"async\" width=\"172\" height=\"300\" src=\"https:\/\/agora.xtec.cat\/ceip-molidevent\/wp-content\/uploads\/usu1187\/2022\/12\/PHOTO-2022-12-20-23-18-44_7-172x300.jpg\" class=\"attachment-medium size-medium\" alt=\"\" srcset=\"https:\/\/agora.xtec.cat\/ceip-molidevent\/wp-content\/uploads\/usu1187\/2022\/12\/PHOTO-2022-12-20-23-18-44_7-172x300.jpg 172w, https:\/\/agora.xtec.cat\/ceip-molidevent\/wp-content\/uploads\/usu1187\/2022\/12\/PHOTO-2022-12-20-23-18-44_7.jpg 586w\" sizes=\"auto, (max-width: 172px) 100vw, 172px\" \/><\/a>\n\t\t\t<\/dt><\/dl><br style=\"clear: both\" \/><dl class='gallery-item'>\n\t\t\t<dt class='gallery-icon portrait'>\n\t\t\t\t<a href='https:\/\/agora.xtec.cat\/ceip-molidevent\/general\/per-nadal-el-moli-de-vent-mes-solidari\/attachment\/photo-2022-12-20-23-18-44_8\/'><img loading=\"lazy\" decoding=\"async\" width=\"257\" height=\"300\" src=\"https:\/\/agora.xtec.cat\/ceip-molidevent\/wp-content\/uploads\/usu1187\/2022\/12\/PHOTO-2022-12-20-23-18-44_8-257x300.jpg\" class=\"attachment-medium size-medium\" alt=\"\" srcset=\"https:\/\/agora.xtec.cat\/ceip-molidevent\/wp-content\/uploads\/usu1187\/2022\/12\/PHOTO-2022-12-20-23-18-44_8-257x300.jpg 257w, https:\/\/agora.xtec.cat\/ceip-molidevent\/wp-content\/uploads\/usu1187\/2022\/12\/PHOTO-2022-12-20-23-18-44_8-768x898.jpg 768w, https:\/\/agora.xtec.cat\/ceip-molidevent\/wp-content\/uploads\/usu1187\/2022\/12\/PHOTO-2022-12-20-23-18-44_8.jpg 876w\" sizes=\"auto, (max-width: 257px) 100vw, 257px\" \/><\/a>\n\t\t\t<\/dt><\/dl>\n\t\t\t<br style='clear: both' \/>\n\t\t<\/div>\n\n<p>Aquests dies tamb\u00e9 s\u2019han estat recollint diners per a la Marat\u00f3. Per tal d\u2019engrescar les fam\u00edlies a participar, tots\/es els nens i les nenes de l\u2019escola van realitzar un bonic penjoll amb un cor i unes boletes de fusta.<\/p>\n<p>&nbsp;<\/p>\n<p>&nbsp;<\/p>\n<p>&nbsp;<\/p>\n","protected":false},"excerpt":{"rendered":"<p>Un curs mes, en aquestes dates \u201cprenadalenques\u201d, a l\u2019escola s\u2019han posat en marxa les dues iniciatives solid\u00e0ries amb les que estem col\u00b7laborant des de fa ja una colla de cursos: la recollida de productes per a Caritas i la recollida de fons per a la&hellip;  <a href=\"https:\/\/agora.xtec.cat\/ceip-molidevent\/general\/per-nadal-el-moli-de-vent-mes-solidari\/\" title=\"Read PER NADAL, EL MOL\u00cd DE VENT M\u00c9S SOLIDARI\">Llegeix m\u00e9s\u00bb<\/a><\/p>\n","protected":false},"author":1,"featured_media":0,"comment_status":"closed","ping_status":"closed","sticky":false,"template":"","format":"standard","meta":{"_bbp_topic_count":0,"_bbp_reply_count":0,"_bbp_total_topic_count":0,"_bbp_total_reply_count":0,"_bbp_voice_count":0,"_bbp_anonymous_reply_count":0,"_bbp_topic_count_hidden":0,"_bbp_reply_count_hidden":0,"_bbp_forum_subforum_count":0,"footnotes":""},"categories":[208,99,1,4],"tags":[],"class_list":["post-5067","post","type-post","status-publish","format-standard","hentry","category-22-23","category-festes","category-general","category-portada"],"post_mailing_queue_ids":[],"_links":{"self":[{"href":"https:\/\/agora.xtec.cat\/ceip-molidevent\/wp-json\/wp\/v2\/posts\/5067","targetHints":{"allow":["GET"]}}],"collection":[{"href":"https:\/\/agora.xtec.cat\/ceip-molidevent\/wp-json\/wp\/v2\/posts"}],"about":[{"href":"https:\/\/agora.xtec.cat\/ceip-molidevent\/wp-json\/wp\/v2\/types\/post"}],"author":[{"embeddable":true,"href":"https:\/\/agora.xtec.cat\/ceip-molidevent\/wp-json\/wp\/v2\/users\/1"}],"replies":[{"embeddable":true,"href":"https:\/\/agora.xtec.cat\/ceip-molidevent\/wp-json\/wp\/v2\/comments?post=5067"}],"version-history":[{"count":3,"href":"https:\/\/agora.xtec.cat\/ceip-molidevent\/wp-json\/wp\/v2\/posts\/5067\/revisions"}],"predecessor-version":[{"id":5081,"href":"https:\/\/agora.xtec.cat\/ceip-molidevent\/wp-json\/wp\/v2\/posts\/5067\/revisions\/5081"}],"wp:attachment":[{"href":"https:\/\/agora.xtec.cat\/ceip-molidevent\/wp-json\/wp\/v2\/media?parent=5067"}],"wp:term":[{"taxonomy":"category","embeddable":true,"href":"https:\/\/agora.xtec.cat\/ceip-molidevent\/wp-json\/wp\/v2\/categories?post=5067"},{"taxonomy":"post_tag","embeddable":true,"href":"https:\/\/agora.xtec.cat\/ceip-molidevent\/wp-json\/wp\/v2\/tags?post=5067"}],"curies":[{"name":"wp","href":"https:\/\/api.w.org\/{rel}","templated":true}]}}