{"id":5001,"date":"2022-10-21T15:31:47","date_gmt":"2022-10-21T13:31:47","guid":{"rendered":"https:\/\/agora.xtec.cat\/ceip-molidevent\/?p=5001"},"modified":"2022-10-21T15:36:19","modified_gmt":"2022-10-21T13:36:19","slug":"cicle-mitja-tallers-ecologics","status":"publish","type":"post","link":"https:\/\/agora.xtec.cat\/ceip-molidevent\/general\/cicle-mitja-tallers-ecologics\/","title":{"rendered":"Cicle Mitj\u00e0: tallers ecol\u00f2gics"},"content":{"rendered":"<p><strong>Construcci\u00f3 d\u2019un porta-entrepans i reciclatge.<\/strong><\/p>\n<p style=\"text-align: justify;\">Els dies 20,21, 25, 26 i 28 d\u2019octubre, l\u2019alumnat de Cicle Mitj\u00e0 de l\u2019escola est\u00e0 realitzant Tallers Ecol\u00f2gics.<\/p>\n<p style=\"text-align: justify;\">Un dels tallers consisteix en la classificaci\u00f3 de residus per tal de fer un bon \u00fas dels diferents contenidors i aix\u00ed millorar la recollida selectiva de les escombraries.<\/p>\n<p style=\"text-align: justify;\">Un segon taller consisteix en la realitzaci\u00f3 d\u2019un porta-entrepans ecol\u00f2gic per evitar l\u2019\u00fas del paper d\u2019alumini o pl\u00e0stic.<\/p>\n<p style=\"text-align: justify;\">Ambdues activitats s\u2019estan duent a terme per membres de l\u2019associaci\u00f3 Grup Ecologista de Tarragona i l&#8217;Ebre, Ecologistes en Acci\u00f3, \u00a0i s\u00f3n gratu\u00eftes.<\/p>\n<p style=\"text-align: justify;\">Agra\u00efm aquestes iniciatives que permeten refor\u00e7ar els continguts relacionats amb la Sostenibilitat amb recursos motivadors per als infants i la pres\u00e8ncia de persones expertes en diferents \u00e0mbits.<\/p>\n<p>SOSTENIBILITAT, PER UN M\u00d3N MILLOR!<\/p>\n\n\t\t<style type=\"text\/css\">\n\t\t\t#gallery-1 {\n\t\t\t\tmargin: auto;\n\t\t\t}\n\t\t\t#gallery-1 .gallery-item {\n\t\t\t\tfloat: left;\n\t\t\t\tmargin-top: 10px;\n\t\t\t\ttext-align: center;\n\t\t\t\twidth: 25%;\n\t\t\t}\n\t\t\t#gallery-1 img {\n\t\t\t\tborder: 2px solid #cfcfcf;\n\t\t\t}\n\t\t\t#gallery-1 .gallery-caption {\n\t\t\t\tmargin-left: 0;\n\t\t\t}\n\t\t\t\/* see gallery_shortcode() in wp-includes\/media.php *\/\n\t\t<\/style>\n\t\t<div id='gallery-1' class='gallery galleryid-5001 gallery-columns-4 gallery-size-full'><dl class='gallery-item'>\n\t\t\t<dt class='gallery-icon landscape'>\n\t\t\t\t<a href='https:\/\/agora.xtec.cat\/ceip-molidevent\/general\/cicle-mitja-tallers-ecologics\/attachment\/tallerecologic1\/'><img loading=\"lazy\" decoding=\"async\" width=\"1019\" height=\"766\" src=\"https:\/\/agora.xtec.cat\/ceip-molidevent\/wp-content\/uploads\/usu1187\/2022\/10\/tallerecologic1.jpg\" class=\"attachment-full size-full\" alt=\"\" srcset=\"https:\/\/agora.xtec.cat\/ceip-molidevent\/wp-content\/uploads\/usu1187\/2022\/10\/tallerecologic1.jpg 1019w, https:\/\/agora.xtec.cat\/ceip-molidevent\/wp-content\/uploads\/usu1187\/2022\/10\/tallerecologic1-300x226.jpg 300w, https:\/\/agora.xtec.cat\/ceip-molidevent\/wp-content\/uploads\/usu1187\/2022\/10\/tallerecologic1-768x577.jpg 768w, https:\/\/agora.xtec.cat\/ceip-molidevent\/wp-content\/uploads\/usu1187\/2022\/10\/tallerecologic1-200x150.jpg 200w\" sizes=\"auto, (max-width: 1019px) 100vw, 1019px\" \/><\/a>\n\t\t\t<\/dt><\/dl><dl class='gallery-item'>\n\t\t\t<dt class='gallery-icon portrait'>\n\t\t\t\t<a href='https:\/\/agora.xtec.cat\/ceip-molidevent\/general\/cicle-mitja-tallers-ecologics\/attachment\/tallerecologic4\/'><img loading=\"lazy\" decoding=\"async\" width=\"695\" height=\"925\" src=\"https:\/\/agora.xtec.cat\/ceip-molidevent\/wp-content\/uploads\/usu1187\/2022\/10\/tallerecologic4.jpg\" class=\"attachment-full size-full\" alt=\"\" srcset=\"https:\/\/agora.xtec.cat\/ceip-molidevent\/wp-content\/uploads\/usu1187\/2022\/10\/tallerecologic4.jpg 695w, https:\/\/agora.xtec.cat\/ceip-molidevent\/wp-content\/uploads\/usu1187\/2022\/10\/tallerecologic4-225x300.jpg 225w\" sizes=\"auto, (max-width: 695px) 100vw, 695px\" \/><\/a>\n\t\t\t<\/dt><\/dl><dl class='gallery-item'>\n\t\t\t<dt class='gallery-icon landscape'>\n\t\t\t\t<a href='https:\/\/agora.xtec.cat\/ceip-molidevent\/general\/cicle-mitja-tallers-ecologics\/attachment\/tallerecologic3\/'><img loading=\"lazy\" decoding=\"async\" width=\"1018\" height=\"763\" src=\"https:\/\/agora.xtec.cat\/ceip-molidevent\/wp-content\/uploads\/usu1187\/2022\/10\/tallerecologic3.jpg\" class=\"attachment-full size-full\" alt=\"\" srcset=\"https:\/\/agora.xtec.cat\/ceip-molidevent\/wp-content\/uploads\/usu1187\/2022\/10\/tallerecologic3.jpg 1018w, https:\/\/agora.xtec.cat\/ceip-molidevent\/wp-content\/uploads\/usu1187\/2022\/10\/tallerecologic3-300x225.jpg 300w, https:\/\/agora.xtec.cat\/ceip-molidevent\/wp-content\/uploads\/usu1187\/2022\/10\/tallerecologic3-768x576.jpg 768w, https:\/\/agora.xtec.cat\/ceip-molidevent\/wp-content\/uploads\/usu1187\/2022\/10\/tallerecologic3-200x150.jpg 200w\" sizes=\"auto, (max-width: 1018px) 100vw, 1018px\" \/><\/a>\n\t\t\t<\/dt><\/dl><dl class='gallery-item'>\n\t\t\t<dt class='gallery-icon landscape'>\n\t\t\t\t<a href='https:\/\/agora.xtec.cat\/ceip-molidevent\/general\/cicle-mitja-tallers-ecologics\/attachment\/tallerecologic2\/'><img loading=\"lazy\" decoding=\"async\" width=\"1015\" height=\"765\" src=\"https:\/\/agora.xtec.cat\/ceip-molidevent\/wp-content\/uploads\/usu1187\/2022\/10\/tallerecologic2.jpg\" class=\"attachment-full size-full\" alt=\"\" srcset=\"https:\/\/agora.xtec.cat\/ceip-molidevent\/wp-content\/uploads\/usu1187\/2022\/10\/tallerecologic2.jpg 1015w, https:\/\/agora.xtec.cat\/ceip-molidevent\/wp-content\/uploads\/usu1187\/2022\/10\/tallerecologic2-300x226.jpg 300w, https:\/\/agora.xtec.cat\/ceip-molidevent\/wp-content\/uploads\/usu1187\/2022\/10\/tallerecologic2-768x579.jpg 768w, https:\/\/agora.xtec.cat\/ceip-molidevent\/wp-content\/uploads\/usu1187\/2022\/10\/tallerecologic2-200x150.jpg 200w\" sizes=\"auto, (max-width: 1015px) 100vw, 1015px\" \/><\/a>\n\t\t\t<\/dt><\/dl><br style=\"clear: both\" \/>\n\t\t<\/div>\n\n","protected":false},"excerpt":{"rendered":"<p>Construcci\u00f3 d\u2019un porta-entrepans i reciclatge.<br \/>\nEls dies 20,21, 25, 26 i 28 d\u2019octubre, l\u2019alumnat de Cicle Mitj\u00e0 de l\u2019escola est\u00e0 realitzant Tallers Ecol\u00f2gics.<br \/>\nUn dels tallers consisteix en la classificaci\u00f3 de residus per tal de fer un bon \u00fas dels diferents contenidors i aix\u00ed millorar la recollida&hellip;  <a href=\"https:\/\/agora.xtec.cat\/ceip-molidevent\/general\/cicle-mitja-tallers-ecologics\/\" title=\"Read Cicle Mitj\u00e0: tallers ecol\u00f2gics\">Llegeix m\u00e9s\u00bb<\/a><\/p>\n","protected":false},"author":1,"featured_media":0,"comment_status":"closed","ping_status":"closed","sticky":false,"template":"","format":"standard","meta":{"_bbp_topic_count":0,"_bbp_reply_count":0,"_bbp_total_topic_count":0,"_bbp_total_reply_count":0,"_bbp_voice_count":0,"_bbp_anonymous_reply_count":0,"_bbp_topic_count_hidden":0,"_bbp_reply_count_hidden":0,"_bbp_forum_subforum_count":0,"footnotes":""},"categories":[208,12,13,1,4,5,78],"tags":[],"class_list":["post-5001","post","type-post","status-publish","format-standard","hentry","category-22-23","category-3r","category-4t","category-general","category-portada","category-primaria","category-cicle-mitja"],"post_mailing_queue_ids":[],"_links":{"self":[{"href":"https:\/\/agora.xtec.cat\/ceip-molidevent\/wp-json\/wp\/v2\/posts\/5001","targetHints":{"allow":["GET"]}}],"collection":[{"href":"https:\/\/agora.xtec.cat\/ceip-molidevent\/wp-json\/wp\/v2\/posts"}],"about":[{"href":"https:\/\/agora.xtec.cat\/ceip-molidevent\/wp-json\/wp\/v2\/types\/post"}],"author":[{"embeddable":true,"href":"https:\/\/agora.xtec.cat\/ceip-molidevent\/wp-json\/wp\/v2\/users\/1"}],"replies":[{"embeddable":true,"href":"https:\/\/agora.xtec.cat\/ceip-molidevent\/wp-json\/wp\/v2\/comments?post=5001"}],"version-history":[{"count":1,"href":"https:\/\/agora.xtec.cat\/ceip-molidevent\/wp-json\/wp\/v2\/posts\/5001\/revisions"}],"predecessor-version":[{"id":5006,"href":"https:\/\/agora.xtec.cat\/ceip-molidevent\/wp-json\/wp\/v2\/posts\/5001\/revisions\/5006"}],"wp:attachment":[{"href":"https:\/\/agora.xtec.cat\/ceip-molidevent\/wp-json\/wp\/v2\/media?parent=5001"}],"wp:term":[{"taxonomy":"category","embeddable":true,"href":"https:\/\/agora.xtec.cat\/ceip-molidevent\/wp-json\/wp\/v2\/categories?post=5001"},{"taxonomy":"post_tag","embeddable":true,"href":"https:\/\/agora.xtec.cat\/ceip-molidevent\/wp-json\/wp\/v2\/tags?post=5001"}],"curies":[{"name":"wp","href":"https:\/\/api.w.org\/{rel}","templated":true}]}}