{"id":4927,"date":"2022-09-02T14:37:24","date_gmt":"2022-09-02T12:37:24","guid":{"rendered":"https:\/\/agora.xtec.cat\/ceip-molidevent\/?p=4927"},"modified":"2022-10-21T15:36:19","modified_gmt":"2022-10-21T13:36:19","slug":"curs-2022-23-som-hi","status":"publish","type":"post","link":"https:\/\/agora.xtec.cat\/ceip-molidevent\/general\/curs-2022-23-som-hi\/","title":{"rendered":"Curs 2022-23: Som-hi!"},"content":{"rendered":"<p><img loading=\"lazy\" decoding=\"async\" class=\" wp-image-4928 alignleft\" src=\"https:\/\/agora.xtec.cat\/ceip-molidevent\/wp-content\/uploads\/usu1187\/2022\/09\/IMG_3527.jpg\" alt=\"\" width=\"441\" height=\"607\" srcset=\"https:\/\/agora.xtec.cat\/ceip-molidevent\/wp-content\/uploads\/usu1187\/2022\/09\/IMG_3527.jpg 742w, https:\/\/agora.xtec.cat\/ceip-molidevent\/wp-content\/uploads\/usu1187\/2022\/09\/IMG_3527-218x300.jpg 218w\" sizes=\"auto, (max-width: 441px) 100vw, 441px\" \/><\/p>\n<p><img loading=\"lazy\" decoding=\"async\" class=\"wp-image-4929 alignright\" src=\"https:\/\/agora.xtec.cat\/ceip-molidevent\/wp-content\/uploads\/usu1187\/2022\/09\/IMG_3529.jpg\" alt=\"\" width=\"435\" height=\"580\" srcset=\"https:\/\/agora.xtec.cat\/ceip-molidevent\/wp-content\/uploads\/usu1187\/2022\/09\/IMG_3529.jpg 768w, https:\/\/agora.xtec.cat\/ceip-molidevent\/wp-content\/uploads\/usu1187\/2022\/09\/IMG_3529-225x300.jpg 225w\" sizes=\"auto, (max-width: 435px) 100vw, 435px\" \/>El dia 6 de setembre, despr\u00e9s de la festa Major de Santa <span class=\"hiddenSpellError\">Rosalia<\/span>, ens retrobem amb tot l&#8217;alumnat. \u00c9s el moment de compartir les viv\u00e8ncies de l&#8217;estiu i de posar fil a l&#8217;agulla al nou curs.<\/p>\n<p>Sense mesures Covid, recuperem la normalitat amb la mirada positiva de qu\u00e8\u00a0de tota situaci\u00f3 se&#8217;n <span class=\"hiddenGrammarError\">despr\u00e8n<\/span> algun aprenentatge.<\/p>\n<p>Inspirant-nos en l&#8217;artista <span class=\"hiddenSpellError\">Yayoi<\/span> <span class=\"hiddenSpellError\">Kusama<\/span>, <span class=\"hiddenGrammarError\">a mode<\/span> de punts integrats en un univers, encetem el nou curs amb il\u00b7lusi\u00f3.<\/p>\n","protected":false},"excerpt":{"rendered":"<p>El dia 6 de setembre, despr\u00e9s de la festa Major de Santa Rosalia, ens retrobem amb tot l&#8217;alumnat. \u00c9s el moment de compartir les viv\u00e8ncies de l&#8217;estiu i de posar fil a l&#8217;agulla al nou curs.<br \/>\nSense mesures Covid, recuperem la normalitat amb la mirada positiva&hellip;  <a href=\"https:\/\/agora.xtec.cat\/ceip-molidevent\/general\/curs-2022-23-som-hi\/\" title=\"Read Curs 2022-23: Som-hi!\">Llegeix m\u00e9s\u00bb<\/a><\/p>\n","protected":false},"author":1,"featured_media":0,"comment_status":"closed","ping_status":"closed","sticky":false,"template":"","format":"standard","meta":{"_bbp_topic_count":0,"_bbp_reply_count":0,"_bbp_total_topic_count":0,"_bbp_total_reply_count":0,"_bbp_voice_count":0,"_bbp_anonymous_reply_count":0,"_bbp_topic_count_hidden":0,"_bbp_reply_count_hidden":0,"_bbp_forum_subforum_count":0,"footnotes":""},"categories":[208,1,2,4,5],"tags":[],"class_list":["post-4927","post","type-post","status-publish","format-standard","hentry","category-22-23","category-general","category-infantil","category-portada","category-primaria"],"post_mailing_queue_ids":[],"_links":{"self":[{"href":"https:\/\/agora.xtec.cat\/ceip-molidevent\/wp-json\/wp\/v2\/posts\/4927","targetHints":{"allow":["GET"]}}],"collection":[{"href":"https:\/\/agora.xtec.cat\/ceip-molidevent\/wp-json\/wp\/v2\/posts"}],"about":[{"href":"https:\/\/agora.xtec.cat\/ceip-molidevent\/wp-json\/wp\/v2\/types\/post"}],"author":[{"embeddable":true,"href":"https:\/\/agora.xtec.cat\/ceip-molidevent\/wp-json\/wp\/v2\/users\/1"}],"replies":[{"embeddable":true,"href":"https:\/\/agora.xtec.cat\/ceip-molidevent\/wp-json\/wp\/v2\/comments?post=4927"}],"version-history":[{"count":2,"href":"https:\/\/agora.xtec.cat\/ceip-molidevent\/wp-json\/wp\/v2\/posts\/4927\/revisions"}],"predecessor-version":[{"id":4931,"href":"https:\/\/agora.xtec.cat\/ceip-molidevent\/wp-json\/wp\/v2\/posts\/4927\/revisions\/4931"}],"wp:attachment":[{"href":"https:\/\/agora.xtec.cat\/ceip-molidevent\/wp-json\/wp\/v2\/media?parent=4927"}],"wp:term":[{"taxonomy":"category","embeddable":true,"href":"https:\/\/agora.xtec.cat\/ceip-molidevent\/wp-json\/wp\/v2\/categories?post=4927"},{"taxonomy":"post_tag","embeddable":true,"href":"https:\/\/agora.xtec.cat\/ceip-molidevent\/wp-json\/wp\/v2\/tags?post=4927"}],"curies":[{"name":"wp","href":"https:\/\/api.w.org\/{rel}","templated":true}]}}