{"id":4917,"date":"2022-06-21T11:37:31","date_gmt":"2022-06-21T09:37:31","guid":{"rendered":"https:\/\/agora.xtec.cat\/ceip-molidevent\/?p=4917"},"modified":"2023-02-24T16:06:16","modified_gmt":"2023-02-24T15:06:16","slug":"atencio-matricula-curs-2022-2023","status":"publish","type":"post","link":"https:\/\/agora.xtec.cat\/ceip-molidevent\/21-22\/atencio-matricula-curs-2022-2023\/","title":{"rendered":"ATENCI\u00d3! Matr\u00edcula curs 2022-2023"},"content":{"rendered":"<p><img loading=\"lazy\" decoding=\"async\" class=\" wp-image-4921 alignleft\" src=\"https:\/\/agora.xtec.cat\/ceip-molidevent\/wp-content\/uploads\/usu1187\/2022\/06\/Matriculacio-2022-23-1.png\" alt=\"\" width=\"738\" height=\"244\" srcset=\"https:\/\/agora.xtec.cat\/ceip-molidevent\/wp-content\/uploads\/usu1187\/2022\/06\/Matriculacio-2022-23-1.png 862w, https:\/\/agora.xtec.cat\/ceip-molidevent\/wp-content\/uploads\/usu1187\/2022\/06\/Matriculacio-2022-23-1-300x99.png 300w, https:\/\/agora.xtec.cat\/ceip-molidevent\/wp-content\/uploads\/usu1187\/2022\/06\/Matriculacio-2022-23-1-768x254.png 768w\" sizes=\"auto, (max-width: 738px) 100vw, 738px\" \/>Benvolgudes fam\u00edlies,<\/p>\n<p>Comen\u00e7a el per\u00edode de matriculaci\u00f3 dels vostres fills\/es.<\/p>\n<p>Del <strong>21 fins al 29 de juny,\u00a0<\/strong>heu de passar pel despatx de l&#8217;administrativa del centre en horari de <strong>9.00 a 14.00 h<\/strong>.<\/p>\n<p>No cal demanar cita pr\u00e8via. Tampoc cal portar cap documentaci\u00f3.<\/p>\n","protected":false},"excerpt":{"rendered":"<p>Benvolgudes fam\u00edlies,<br \/>\nComen\u00e7a el per\u00edode de matriculaci\u00f3 dels vostres fills\/es.<br \/>\nDel 21 fins al 29 de juny,\u00a0heu de passar pel despatx de l&#8217;administrativa del centre en horari de 9.00 a 14.00 h.<br \/>\nNo cal demanar cita pr\u00e8via. Tampoc cal portar cap documentaci\u00f3.<\/p>\n","protected":false},"author":1,"featured_media":0,"comment_status":"closed","ping_status":"closed","sticky":false,"template":"","format":"standard","meta":{"_bbp_topic_count":0,"_bbp_reply_count":0,"_bbp_total_topic_count":0,"_bbp_total_reply_count":0,"_bbp_voice_count":0,"_bbp_anonymous_reply_count":0,"_bbp_topic_count_hidden":0,"_bbp_reply_count_hidden":0,"_bbp_forum_subforum_count":0,"footnotes":""},"categories":[137],"tags":[],"class_list":["post-4917","post","type-post","status-publish","format-standard","hentry","category-21-22"],"post_mailing_queue_ids":[],"_links":{"self":[{"href":"https:\/\/agora.xtec.cat\/ceip-molidevent\/wp-json\/wp\/v2\/posts\/4917","targetHints":{"allow":["GET"]}}],"collection":[{"href":"https:\/\/agora.xtec.cat\/ceip-molidevent\/wp-json\/wp\/v2\/posts"}],"about":[{"href":"https:\/\/agora.xtec.cat\/ceip-molidevent\/wp-json\/wp\/v2\/types\/post"}],"author":[{"embeddable":true,"href":"https:\/\/agora.xtec.cat\/ceip-molidevent\/wp-json\/wp\/v2\/users\/1"}],"replies":[{"embeddable":true,"href":"https:\/\/agora.xtec.cat\/ceip-molidevent\/wp-json\/wp\/v2\/comments?post=4917"}],"version-history":[{"count":3,"href":"https:\/\/agora.xtec.cat\/ceip-molidevent\/wp-json\/wp\/v2\/posts\/4917\/revisions"}],"predecessor-version":[{"id":4925,"href":"https:\/\/agora.xtec.cat\/ceip-molidevent\/wp-json\/wp\/v2\/posts\/4917\/revisions\/4925"}],"wp:attachment":[{"href":"https:\/\/agora.xtec.cat\/ceip-molidevent\/wp-json\/wp\/v2\/media?parent=4917"}],"wp:term":[{"taxonomy":"category","embeddable":true,"href":"https:\/\/agora.xtec.cat\/ceip-molidevent\/wp-json\/wp\/v2\/categories?post=4917"},{"taxonomy":"post_tag","embeddable":true,"href":"https:\/\/agora.xtec.cat\/ceip-molidevent\/wp-json\/wp\/v2\/tags?post=4917"}],"curies":[{"name":"wp","href":"https:\/\/api.w.org\/{rel}","templated":true}]}}