{"id":4563,"date":"2021-11-19T15:40:26","date_gmt":"2021-11-19T14:40:26","guid":{"rendered":"https:\/\/agora.xtec.cat\/ceip-molidevent\/?p=4563"},"modified":"2021-11-19T15:40:56","modified_gmt":"2021-11-19T14:40:56","slug":"lhort-del-moli","status":"publish","type":"post","link":"https:\/\/agora.xtec.cat\/ceip-molidevent\/general\/lhort-del-moli\/","title":{"rendered":"L\u2019HORT DEL MOL\u00cd"},"content":{"rendered":"<p>Aquest curs a l\u2019escola l\u2019alumnat de 3r ha repr\u00e8s l\u2019activitat de l\u2019hort escolar.<\/p>\n<p>Amb l\u2019ajut i guiatge de la Violeta de l\u2019Associaci\u00f3 Mediambiental la S\u00ednia i les tutores, l\u2019hort escolar ens ofereix una gran oportunitat educativa per treballar compet\u00e8ncies b\u00e0siques de manera transversal.<\/p>\n<p>En aquest espai exterior de contacte amb la natura, els alumnes a trav\u00e9s de la seva acci\u00f3 assoleixen aprenentatges lligats amb l\u2019educaci\u00f3 ambiental.<\/p>\n<p>A partir del treball de l\u2019hort tamb\u00e9 s\u2019afavoreix la conviv\u00e8ncia, la cohesi\u00f3 de grup, el treball en equip, la cooperaci\u00f3 i el di\u00e0leg, aix\u00ed com l\u2019esperit cr\u00edtic i el raonament hipot\u00e8tic-deductiu. L\u2019hort ens ofereix la possibilitat de plantejar-nos preguntes, formular hip\u00f2tesis i experimentar.<\/p>\n<p>De moment s\u2019han plantat les hortalisses de tardor i d\u2019hivern: bleda vermella, bleda verda, col llombarda, enciam meravella, cal\u00e7ots, col-i-flors, espinacs, p\u00e8sols, faves, alls, pastanagues i cebes. Cada hortalissa ha estat etiquetada amb un r\u00e8tol del seu nom en les tres lleng\u00fces que es treballen a l\u2019escola: catal\u00e0, castell\u00e0 i angl\u00e8s.<\/p>\n<p>A m\u00e9s a m\u00e9s de plantar, fem altres feines de manteniment de l\u2019hort com: regar, treure males herbes, treure cargols i llimacs i alliberar-los en un altre espai\u2026<\/p>\n\r\n\t<div class=\"slideshow_container slideshow_container_style-light\" style=\"height: 400px; \" data-slideshow-id=\"4565\" data-style-name=\"style-light\" data-style-version=\"2.3.1\" >\r\n\r\n\t\t\t\t\t<div class=\"slideshow_loading_icon\"><\/div>\r\n\t\t\r\n\t\t<div class=\"slideshow_content\" style=\"display: none;\">\r\n\r\n\t\t\t<div class=\"slideshow_view\">\r\n\t\t\t\t<div class=\"slideshow_slide slideshow_slide_image\">\r\n\t\t\t\t\t\t\t\t\t\t\t<img src=\"https:\/\/agora.xtec.cat\/ceip-molidevent\/wp-content\/uploads\/usu1187\/2021\/11\/1.jpg\" alt=\"1\" width=\"2048\" height=\"1536\" \/>\r\n\t\t\t\t\t\t\t\t\t\t<div class=\"slideshow_description_box slideshow_transparent\">\r\n\t\t\t\t\t\t<div class=\"slideshow_title\">1<\/div>\t\t\t\t\t\t\t\t\t\t\t<\/div>\r\n\t\t\t\t<\/div>\r\n\r\n\t\t\t\t\t\t<div style=\"clear: both;\"><\/div><\/div><div class=\"slideshow_view\">\r\n\t\t\t\t<div class=\"slideshow_slide slideshow_slide_image\">\r\n\t\t\t\t\t\t\t\t\t\t\t<img src=\"https:\/\/agora.xtec.cat\/ceip-molidevent\/wp-content\/uploads\/usu1187\/2021\/11\/2.jpg\" alt=\"2\" width=\"1536\" height=\"2048\" \/>\r\n\t\t\t\t\t\t\t\t\t\t<div class=\"slideshow_description_box slideshow_transparent\">\r\n\t\t\t\t\t\t<div class=\"slideshow_title\">2<\/div>\t\t\t\t\t\t\t\t\t\t\t<\/div>\r\n\t\t\t\t<\/div>\r\n\r\n\t\t\t\t\t\t<div style=\"clear: both;\"><\/div><\/div><div class=\"slideshow_view\">\r\n\t\t\t\t<div class=\"slideshow_slide slideshow_slide_image\">\r\n\t\t\t\t\t\t\t\t\t\t\t<img src=\"https:\/\/agora.xtec.cat\/ceip-molidevent\/wp-content\/uploads\/usu1187\/2021\/11\/3.jpg\" alt=\"3\" width=\"1536\" height=\"2048\" \/>\r\n\t\t\t\t\t\t\t\t\t\t<div class=\"slideshow_description_box slideshow_transparent\">\r\n\t\t\t\t\t\t<div class=\"slideshow_title\">3<\/div>\t\t\t\t\t\t\t\t\t\t\t<\/div>\r\n\t\t\t\t<\/div>\r\n\r\n\t\t\t\t\t\t<div style=\"clear: both;\"><\/div><\/div><div class=\"slideshow_view\">\r\n\t\t\t\t<div class=\"slideshow_slide slideshow_slide_image\">\r\n\t\t\t\t\t\t\t\t\t\t\t<img src=\"https:\/\/agora.xtec.cat\/ceip-molidevent\/wp-content\/uploads\/usu1187\/2021\/11\/4-e1637332637485.jpg\" alt=\"4\" width=\"2048\" height=\"1536\" \/>\r\n\t\t\t\t\t\t\t\t\t\t<div class=\"slideshow_description_box slideshow_transparent\">\r\n\t\t\t\t\t\t<div class=\"slideshow_title\">4<\/div>\t\t\t\t\t\t\t\t\t\t\t<\/div>\r\n\t\t\t\t<\/div>\r\n\r\n\t\t\t\t\t\t<div style=\"clear: both;\"><\/div><\/div><div class=\"slideshow_view\">\r\n\t\t\t\t<div class=\"slideshow_slide slideshow_slide_image\">\r\n\t\t\t\t\t\t\t\t\t\t\t<img src=\"https:\/\/agora.xtec.cat\/ceip-molidevent\/wp-content\/uploads\/usu1187\/2021\/11\/5-e1637332646377.jpg\" alt=\"5\" width=\"2048\" height=\"1536\" \/>\r\n\t\t\t\t\t\t\t\t\t\t<div class=\"slideshow_description_box slideshow_transparent\">\r\n\t\t\t\t\t\t<div class=\"slideshow_title\">5<\/div>\t\t\t\t\t\t\t\t\t\t\t<\/div>\r\n\t\t\t\t<\/div>\r\n\r\n\t\t\t\t\t\t<div style=\"clear: both;\"><\/div><\/div><div class=\"slideshow_view\">\r\n\t\t\t\t<div class=\"slideshow_slide slideshow_slide_image\">\r\n\t\t\t\t\t\t\t\t\t\t\t<img src=\"https:\/\/agora.xtec.cat\/ceip-molidevent\/wp-content\/uploads\/usu1187\/2021\/11\/6.jpg\" alt=\"6\" width=\"2048\" height=\"1536\" \/>\r\n\t\t\t\t\t\t\t\t\t\t<div class=\"slideshow_description_box slideshow_transparent\">\r\n\t\t\t\t\t\t<div class=\"slideshow_title\">6<\/div>\t\t\t\t\t\t\t\t\t\t\t<\/div>\r\n\t\t\t\t<\/div>\r\n\r\n\t\t\t\t\t\t<div style=\"clear: both;\"><\/div><\/div><div class=\"slideshow_view\">\r\n\t\t\t\t<div class=\"slideshow_slide slideshow_slide_image\">\r\n\t\t\t\t\t\t\t\t\t\t\t<img src=\"https:\/\/agora.xtec.cat\/ceip-molidevent\/wp-content\/uploads\/usu1187\/2021\/11\/7.jpg\" alt=\"7\" width=\"1536\" height=\"2048\" \/>\r\n\t\t\t\t\t\t\t\t\t\t<div class=\"slideshow_description_box slideshow_transparent\">\r\n\t\t\t\t\t\t<div class=\"slideshow_title\">7<\/div>\t\t\t\t\t\t\t\t\t\t\t<\/div>\r\n\t\t\t\t<\/div>\r\n\r\n\t\t\t\t\t\t<div style=\"clear: both;\"><\/div><\/div>\r\n\t\t<\/div>\r\n\r\n\t\t<div class=\"slideshow_controlPanel slideshow_transparent\" style=\"display: none;\"><ul><li class=\"slideshow_togglePlay\" data-play-text=\"Visualitza\" data-pause-text=\"Pausa\"><\/li><\/ul><\/div>\r\n\r\n\t\t<div class=\"slideshow_button slideshow_previous slideshow_transparent\" role=\"button\" data-previous-text=\"Anterior\" style=\"display: none;\"><\/div>\r\n\t\t<div class=\"slideshow_button slideshow_next slideshow_transparent\" role=\"button\" data-next-text=\"Seg\u00fcent\" style=\"display: none;\"><\/div>\r\n\r\n\t\t<div class=\"slideshow_pagination\" style=\"display: none;\" data-go-to-text=\"V\u00e9s a la diapositiva\"><div class=\"slideshow_pagination_center\"><\/div><\/div>\r\n\r\n\t\t<!-- WordPress Slideshow Version 2.3.1 -->\r\n\r\n\t\t\t<\/div>\r\n\r\n\n","protected":false},"excerpt":{"rendered":"<p>Aquest curs a l\u2019escola l\u2019alumnat de 3r ha repr\u00e8s l\u2019activitat de l\u2019hort escolar.<br \/>\nAmb l\u2019ajut i guiatge de la Violeta de l\u2019Associaci\u00f3 Mediambiental la S\u00ednia i les tutores, l\u2019hort escolar ens ofereix una gran oportunitat educativa per treballar compet\u00e8ncies b\u00e0siques de manera transversal.<br \/>\nEn aquest espai exterior&hellip;  <a href=\"https:\/\/agora.xtec.cat\/ceip-molidevent\/general\/lhort-del-moli\/\" title=\"Read L\u2019HORT DEL MOL\u00cd\">Llegeix m\u00e9s\u00bb<\/a><\/p>\n","protected":false},"author":1,"featured_media":4566,"comment_status":"closed","ping_status":"closed","sticky":false,"template":"","format":"standard","meta":{"_bbp_topic_count":0,"_bbp_reply_count":0,"_bbp_total_topic_count":0,"_bbp_total_reply_count":0,"_bbp_voice_count":0,"_bbp_anonymous_reply_count":0,"_bbp_topic_count_hidden":0,"_bbp_reply_count_hidden":0,"_bbp_forum_subforum_count":0,"footnotes":""},"categories":[137,1,4,5,78],"tags":[],"class_list":["post-4563","post","type-post","status-publish","format-standard","has-post-thumbnail","hentry","category-21-22","category-general","category-portada","category-primaria","category-cicle-mitja"],"post_mailing_queue_ids":[],"_links":{"self":[{"href":"https:\/\/agora.xtec.cat\/ceip-molidevent\/wp-json\/wp\/v2\/posts\/4563","targetHints":{"allow":["GET"]}}],"collection":[{"href":"https:\/\/agora.xtec.cat\/ceip-molidevent\/wp-json\/wp\/v2\/posts"}],"about":[{"href":"https:\/\/agora.xtec.cat\/ceip-molidevent\/wp-json\/wp\/v2\/types\/post"}],"author":[{"embeddable":true,"href":"https:\/\/agora.xtec.cat\/ceip-molidevent\/wp-json\/wp\/v2\/users\/1"}],"replies":[{"embeddable":true,"href":"https:\/\/agora.xtec.cat\/ceip-molidevent\/wp-json\/wp\/v2\/comments?post=4563"}],"version-history":[{"count":2,"href":"https:\/\/agora.xtec.cat\/ceip-molidevent\/wp-json\/wp\/v2\/posts\/4563\/revisions"}],"predecessor-version":[{"id":4573,"href":"https:\/\/agora.xtec.cat\/ceip-molidevent\/wp-json\/wp\/v2\/posts\/4563\/revisions\/4573"}],"wp:featuredmedia":[{"embeddable":true,"href":"https:\/\/agora.xtec.cat\/ceip-molidevent\/wp-json\/wp\/v2\/media\/4566"}],"wp:attachment":[{"href":"https:\/\/agora.xtec.cat\/ceip-molidevent\/wp-json\/wp\/v2\/media?parent=4563"}],"wp:term":[{"taxonomy":"category","embeddable":true,"href":"https:\/\/agora.xtec.cat\/ceip-molidevent\/wp-json\/wp\/v2\/categories?post=4563"},{"taxonomy":"post_tag","embeddable":true,"href":"https:\/\/agora.xtec.cat\/ceip-molidevent\/wp-json\/wp\/v2\/tags?post=4563"}],"curies":[{"name":"wp","href":"https:\/\/api.w.org\/{rel}","templated":true}]}}