{"id":4388,"date":"2023-10-24T15:01:23","date_gmt":"2023-10-24T13:01:23","guid":{"rendered":"https:\/\/agora.xtec.cat\/ceip-molidevent\/?p=4388"},"modified":"2023-10-24T16:16:50","modified_gmt":"2023-10-24T14:16:50","slug":"consell-escolar-participacio-de-les-families","status":"publish","type":"post","link":"https:\/\/agora.xtec.cat\/ceip-molidevent\/general\/consell-escolar-participacio-de-les-families\/","title":{"rendered":"Consell Escolar: participaci\u00f3 de les fam\u00edlies"},"content":{"rendered":"<p><strong><em><span style=\"color: #ff6600;\">El dia 30 d&#8217;octubre s\u2019inicia el proc\u00e9s d\u2019eleccions als Consell Escolars.<\/span><\/em><\/strong><\/p>\n<p><span style=\"color: #0000ff;\"><strong>El Consell Escolar<\/strong> <\/span>del centre \u00e9s l&#8217;<span style=\"color: #0000ff;\"><strong>\u00f2rgan col\u00b7legiat de participaci\u00f3<\/strong><\/span>\u00a0de la comunitat escolar en el govern del centre. En el consell escolar hi ha representats tots els col\u00b7lectius que intervenen en la comunitat educativa: director o directora, professorat, personal d&#8217;administraci\u00f3 i serveis, etc.<\/p>\n<p><span style=\"color: #0000ff;\"><strong>En els centres p\u00fablics<\/strong><\/span>, la funci\u00f3 principal del Consell Escolar \u00e9s participar en la presa de decisions en relaci\u00f3 amb aquells temes importants per al funcionament i l&#8217;organitzaci\u00f3 del centre: el projecte educatiu, la programaci\u00f3 general, la gesti\u00f3 econ\u00f2mica, etc.<\/p>\n<p><span style=\"color: #0000ff;\"><strong>El Consell Escolar de l\u2019Escola Mol\u00ed de Vent<\/strong> <\/span>est\u00e0 format pels seg\u00fcents membres:<\/p>\n<ul>\n<li>La directora<\/li>\n<li>La Cap d\u2019Estudis<\/li>\n<li>1 representant de l\u2019Ajuntament<\/li>\n<li>6 representants del sector mestres<\/li>\n<li>6 representants del sector pares ( 5 + 1 de l\u2019AFA)<\/li>\n<li>1 representant del sector PAS<\/li>\n<\/ul>\n<p><span style=\"color: #0000ff;\"><strong>En aquestes eleccions cal renovar<\/strong>:<\/span><\/p>\n<ul>\n<li>3 representants del sector mestres<\/li>\n<li>3 representants del sector pares<\/li>\n<\/ul>\n<table class=\" aligncenter\" style=\"border-collapse: collapse; width: 51.4866%; height: 544px;\">\n<tbody>\n<tr style=\"height: 32px;\">\n<td style=\"width: 28.4327%; background-color: #f7f5f5; height: 32px;\"><strong>FIGUERAS BRIONES, M\u00aa Teresa<\/strong><\/td>\n<td style=\"width: 33.0825%; background-color: #f7f5f5; height: 32px;\"><strong>Directora<\/strong><\/td>\n<\/tr>\n<tr style=\"height: 32px;\">\n<td style=\"width: 28.4327%; background-color: #f7f5f5; height: 32px;\"><strong>SEBASTI\u00c0 JORNET, M\u00aa \u00c0ngels<\/strong><\/td>\n<td style=\"width: 33.0825%; background-color: #f7f5f5; height: 32px;\"><strong>Cap d&#8217;estudis<\/strong><\/td>\n<\/tr>\n<tr style=\"height: 32px;\">\n<td style=\"width: 28.4327%; background-color: #f7f5f5; height: 32px;\"><strong>VISA ARMORA, Rosa<\/strong><\/td>\n<td style=\"width: 33.0825%; background-color: #f7f5f5; height: 32px;\"><strong>Secret\u00e0ria<\/strong><\/td>\n<\/tr>\n<tr style=\"height: 32px;\">\n<td style=\"width: 28.4327%; background-color: #f7f5f5; height: 32px;\"><strong>GARCIA GONZ\u00c1LEZ, Jos\u00e9<\/strong><\/td>\n<td style=\"width: 33.0825%; background-color: #f7f5f5; height: 32px;\"><strong>Regidor o representant de l&#8217;Ajuntament<\/strong><\/td>\n<\/tr>\n<tr style=\"height: 32px;\">\n<td style=\"width: 28.4327%; height: 32px; background-color: #858087;\"><strong>MOLINA EXP\u00d3SITO, Imma<\/strong><\/td>\n<td style=\"width: 33.0825%; height: 32px; background-color: #858087;\"><strong>Representant sector docents<\/strong><\/td>\n<\/tr>\n<tr style=\"height: 32px;\">\n<td style=\"width: 28.4327%; height: 32px; background-color: #858087;\"><strong>HUGUET FIT\u00c9, Janet<\/strong><\/td>\n<td style=\"width: 33.0825%; height: 32px; background-color: #858087;\"><strong>Representant sector docents<\/strong><\/td>\n<\/tr>\n<tr style=\"height: 32px;\">\n<td style=\"width: 28.4327%; height: 32px; background-color: #858087;\"><strong>GIRALT MIQUEL, Maria<\/strong><\/td>\n<td style=\"width: 33.0825%; height: 32px; background-color: #858087;\"><strong>Representant sector docents<\/strong><\/td>\n<\/tr>\n<tr style=\"height: 32px;\">\n<td style=\"width: 28.4327%; background-color: #f7f5f5; height: 32px;\"><strong>MONZ\u00d3 MART\u00cdNEZ, Jose<\/strong><\/td>\n<td style=\"width: 33.0825%; background-color: #f7f5f5; height: 32px;\"><strong>Representant sector docents<\/strong><\/td>\n<\/tr>\n<tr style=\"height: 32px;\">\n<td style=\"width: 28.4327%; background-color: #f7f5f5; height: 32px;\"><strong>CARDONA BLASCO, \u00c0ngela<\/strong><\/td>\n<td style=\"width: 33.0825%; background-color: #f7f5f5; height: 32px;\"><strong>Representant sector docents<\/strong><\/td>\n<\/tr>\n<tr style=\"height: 32px;\">\n<td style=\"width: 28.4327%; background-color: #f7f5f5; height: 32px;\"><strong>CALERO PAPS, \u00c0ngels<\/strong><\/td>\n<td style=\"width: 33.0825%; background-color: #f7f5f5; height: 32px;\"><strong>Representant sector docents<\/strong><\/td>\n<\/tr>\n<tr style=\"height: 32px;\">\n<td style=\"width: 28.4327%; height: 32px; background-color: #858087;\"><strong>CA\u00d1ELLAS BOQUERA, Noem\u00ed<\/strong><\/td>\n<td style=\"width: 33.0825%; height: 32px; background-color: #858087;\"><strong>Representant sector pares\/mares<\/strong><\/td>\n<\/tr>\n<tr style=\"height: 32px;\">\n<td style=\"width: 28.4327%; height: 32px; background-color: #858087;\"><strong>GUIMER\u00c0 MART\u00cdNEZ, M\u00aa Rosa<\/strong><\/td>\n<td style=\"width: 33.0825%; height: 32px; background-color: #858087; text-align: left;\"><strong>Representant sector pares\/mares<\/strong><\/td>\n<\/tr>\n<tr style=\"height: 32px;\">\n<td style=\"width: 28.4327%; height: 32px; background-color: #858087;\"><strong>CABANILLAS ROCA, Fanny<\/strong><\/td>\n<td style=\"width: 33.0825%; height: 32px; background-color: #858087;\"><strong>Representant sector pares\/mares<\/strong><\/td>\n<\/tr>\n<tr style=\"height: 32px;\">\n<td style=\"width: 28.4327%; background-color: #f7f5f5; height: 32px;\"><strong>SERVERA CARO, Patr\u00edcia<\/strong><\/td>\n<td style=\"width: 33.0825%; background-color: #f7f5f5; height: 32px;\"><strong>Representant sector pares\/mares<\/strong><\/td>\n<\/tr>\n<tr style=\"height: 32px;\">\n<td style=\"width: 28.4327%; background-color: #f7f5f5; height: 32px;\"><strong>ROCA MALLOFR\u00c9, Gisela<\/strong><\/td>\n<td style=\"width: 33.0825%; background-color: #f7f5f5; height: 32px;\"><strong>Representant sector pares\/mares<\/strong><\/td>\n<\/tr>\n<tr style=\"height: 32px;\">\n<td style=\"width: 28.4327%; background-color: #f7f5f5; height: 32px;\"><strong>FONT G\u00d3MEZ, Helena<\/strong><\/td>\n<td style=\"width: 33.0825%; background-color: #f7f5f5; height: 32px;\"><strong>Representant sector pares\/mares (AFA)<\/strong><\/td>\n<\/tr>\n<tr style=\"height: 32px;\">\n<td style=\"width: 28.4327%; background-color: #f7f5f5; height: 32px;\"><strong>HERN\u00c1NDEZ CURTO, Raquel<\/strong><\/td>\n<td style=\"width: 33.0825%; background-color: #f7f5f5; height: 32px;\"><strong>Representant sector PAS<\/strong><\/td>\n<\/tr>\n<\/tbody>\n<\/table>\n<p>&nbsp;<\/p>\n<p><span style=\"color: #0000ff;\"><strong>Les fam\u00edlies hi podeu participar<\/strong><\/span> de dues maneres:<\/p>\n<ul style=\"list-style-type: square;\">\n<li><span style=\"color: #0000ff;\"><strong>Presentant candidatura<\/strong><\/span>\u00a0per formar-ne part<a href=\"https:\/\/educacio.gencat.cat\/ca\/arees-actuacio\/centres-serveis-educatius\/centres\/consells-escolars-centres\/\" target=\"_blank\" rel=\"noopener\"><img loading=\"lazy\" decoding=\"async\" class=\"wp-image-4392 alignright\" src=\"https:\/\/agora.xtec.cat\/ceip-molidevent\/wp-content\/uploads\/usu1187\/2021\/10\/targeta-300x149.jpg\" alt=\"\" width=\"366\" height=\"182\" srcset=\"https:\/\/agora.xtec.cat\/ceip-molidevent\/wp-content\/uploads\/usu1187\/2021\/10\/targeta-300x149.jpg 300w, https:\/\/agora.xtec.cat\/ceip-molidevent\/wp-content\/uploads\/usu1187\/2021\/10\/targeta-1024x507.jpg 1024w, https:\/\/agora.xtec.cat\/ceip-molidevent\/wp-content\/uploads\/usu1187\/2021\/10\/targeta-768x380.jpg 768w, https:\/\/agora.xtec.cat\/ceip-molidevent\/wp-content\/uploads\/usu1187\/2021\/10\/targeta.jpg 1262w\" sizes=\"auto, (max-width: 366px) 100vw, 366px\" \/><\/a><\/li>\n<\/ul>\n<p>Si esteu interessats en formar part del Consell Escolar podeu presentar candidatura.<\/p>\n<p>Si \u00e9s aix\u00ed, haureu d\u2019entregar a direcci\u00f3 el <span style=\"color: #ff0000;\"><a style=\"color: #ff0000;\" href=\"https:\/\/documents.espai.educacio.gencat.cat\/FormularisModels\/EleccionsConsellEscolar\/A634.pdf\" target=\"_blank\" rel=\"noopener\"><strong>document<\/strong><\/a><\/span> de presentaci\u00f3 de candidatures abans del dia 3\/11.<\/p>\n<ul style=\"list-style-type: square;\">\n<li><span style=\"color: #0000ff;\"><strong>Votant<\/strong>.<\/span><\/li>\n<\/ul>\n<p>Les votacions del sector pares seran:<\/p>\n<p>Dia: \u00a021 de novembre<\/p>\n<p>Hora: 16.00 a 18.00<\/p>\n<p><em>Haureu de portar el DNI per a identificar-vos. \u00c9s important que abans hagueu comprovat que formeu part del cens ( podreu consultar-lo al taulell que hi ha al Hall de l\u2019escola a partir del dia 27\/10).<\/em><\/p>\n<p>&nbsp;<\/p>\n","protected":false},"excerpt":{"rendered":"<p>El dia 30 d&#8217;octubre s\u2019inicia el proc\u00e9s d\u2019eleccions als Consell Escolars.<br \/>\nEl Consell Escolar del centre \u00e9s l&#8217;\u00f2rgan col\u00b7legiat de participaci\u00f3\u00a0de la comunitat escolar en el govern del centre. En el consell escolar hi ha representats tots els col\u00b7lectius que intervenen en la comunitat educativa: director&hellip;  <a href=\"https:\/\/agora.xtec.cat\/ceip-molidevent\/general\/consell-escolar-participacio-de-les-families\/\" title=\"Read Consell Escolar: participaci\u00f3 de les fam\u00edlies\">Llegeix m\u00e9s\u00bb<\/a><\/p>\n","protected":false},"author":1,"featured_media":0,"comment_status":"closed","ping_status":"closed","sticky":false,"template":"","format":"standard","meta":{"_bbp_topic_count":0,"_bbp_reply_count":0,"_bbp_total_topic_count":0,"_bbp_total_reply_count":0,"_bbp_voice_count":0,"_bbp_anonymous_reply_count":0,"_bbp_topic_count_hidden":0,"_bbp_reply_count_hidden":0,"_bbp_forum_subforum_count":0,"footnotes":""},"categories":[214,215,1],"tags":[],"class_list":["post-4388","post","type-post","status-publish","format-standard","hentry","category-23-24","category-consell-escolar","category-general"],"post_mailing_queue_ids":[],"_links":{"self":[{"href":"https:\/\/agora.xtec.cat\/ceip-molidevent\/wp-json\/wp\/v2\/posts\/4388","targetHints":{"allow":["GET"]}}],"collection":[{"href":"https:\/\/agora.xtec.cat\/ceip-molidevent\/wp-json\/wp\/v2\/posts"}],"about":[{"href":"https:\/\/agora.xtec.cat\/ceip-molidevent\/wp-json\/wp\/v2\/types\/post"}],"author":[{"embeddable":true,"href":"https:\/\/agora.xtec.cat\/ceip-molidevent\/wp-json\/wp\/v2\/users\/1"}],"replies":[{"embeddable":true,"href":"https:\/\/agora.xtec.cat\/ceip-molidevent\/wp-json\/wp\/v2\/comments?post=4388"}],"version-history":[{"count":6,"href":"https:\/\/agora.xtec.cat\/ceip-molidevent\/wp-json\/wp\/v2\/posts\/4388\/revisions"}],"predecessor-version":[{"id":5507,"href":"https:\/\/agora.xtec.cat\/ceip-molidevent\/wp-json\/wp\/v2\/posts\/4388\/revisions\/5507"}],"wp:attachment":[{"href":"https:\/\/agora.xtec.cat\/ceip-molidevent\/wp-json\/wp\/v2\/media?parent=4388"}],"wp:term":[{"taxonomy":"category","embeddable":true,"href":"https:\/\/agora.xtec.cat\/ceip-molidevent\/wp-json\/wp\/v2\/categories?post=4388"},{"taxonomy":"post_tag","embeddable":true,"href":"https:\/\/agora.xtec.cat\/ceip-molidevent\/wp-json\/wp\/v2\/tags?post=4388"}],"curies":[{"name":"wp","href":"https:\/\/api.w.org\/{rel}","templated":true}]}}