{"id":4381,"date":"2023-10-24T15:00:57","date_gmt":"2023-10-24T13:00:57","guid":{"rendered":"https:\/\/agora.xtec.cat\/ceip-molidevent\/?p=4381"},"modified":"2023-10-24T15:56:13","modified_gmt":"2023-10-24T13:56:13","slug":"el-consell-escolar","status":"publish","type":"post","link":"https:\/\/agora.xtec.cat\/ceip-molidevent\/general\/el-consell-escolar\/","title":{"rendered":"El Consell Escolar"},"content":{"rendered":"<h2><span style=\"color: #0000ff;\"><strong>EL CONSELL ESCOLAR<img loading=\"lazy\" decoding=\"async\" class=\"alignright wp-image-4382\" src=\"https:\/\/agora.xtec.cat\/ceip-molidevent\/wp-content\/uploads\/usu1187\/2021\/10\/mans.jpg\" alt=\"\" width=\"183\" height=\"166\" \/><\/strong><\/span><\/h2>\n<p><strong><em><span style=\"color: #0000ff;\">Qu\u00e8 \u00e9s?<\/span><\/em> <\/strong>El Consell Escolar del centre \u00e9s l\u2019\u00f2rgan col\u2022legiat de participaci\u00f3 de la comunitat escolar en el govern del centre.<\/p>\n<p><em><span style=\"color: #0000ff;\"><strong>Qui el forma?<\/strong><\/span><\/em> El formen els representants de tota la comunitat educativa, \u00e9s a dir, direcci\u00f3, professors, fam\u00edlies, personal d\u2019administraci\u00f3 i serveis, representant de l\u2019administraci\u00f3 local i altres persones que el mateix consell consideri necess\u00e0ries.<\/p>\n<p><strong><em><span style=\"color: #0000ff;\">Quina \u00e9s la funci\u00f3 del Consell Escolar als centres p\u00fablics?<\/span><\/em><\/strong> La funci\u00f3 principal del Consell Escolar \u00e9s participar en la presa de decisions en relaci\u00f3 amb aquells temes importants per al funcionament i l\u2019organitzaci\u00f3 del centre: el projecte educatiu, la programaci\u00f3 general, la gesti\u00f3 econ\u00f2mica, etc.<\/p>\n<p><span style=\"color: #0000ff;\"><em><strong>Cada quan es convoquen eleccions?<\/strong> <\/em><\/span>Els representants del Consell Escolar s\u00f3n escollits per un per\u00edode de quatre anys, per\u00f2 cada dos anys es convoquen eleccions per renovar la meitat dels seus membres.<br \/>\nLes eleccions per a la renovaci\u00f3 del Consell Escolar les convoca el director del centre p\u00fablic.<br \/>\nLes vacants del Consell Escolar s\u2019ocupen segons els resultats de les eleccions.<\/p>\n<p>Si un membre deixa el Consell, passar\u00e0 a ocupar el seu lloc la seg\u00fcent candidatura m\u00e9s votada en les darreres eleccions. Si no hi ha m\u00e9s candidats per cobrir la pla\u00e7a, queda vacant fins a la propera renovaci\u00f3 del Consell Escolar.<\/p>\n<p><strong><em><span style=\"color: #0000ff;\">Com podeu participar en les eleccions del Consell Escolar?<\/span><\/em><\/strong> En les eleccions, les fam\u00edlies hi podeu participar de dues maneres diferents:<br \/>\n1. Presentant-vos com a candidats per representar els pares i mares al Consell Escolar.<br \/>\n2. Participant el dia que el centre convoqui les eleccions votant els candidats que considereu m\u00e9s representatius.<\/p>\n<p><span style=\"color: #0000ff;\"><em><strong>Per qu\u00e8 \u00e9s important que les fam\u00edlies participeu en el Consell Escolar?<\/strong><\/em><\/span><br \/>\nEls professionals dels centres i les fam\u00edlies compartim un objectiu: l\u2019\u00e8xit educatiu dels fills. Les decisions que es prenen al Consell Escolar s\u00f3n decisives per al funcionament i la millora del centre i, per tant, tamb\u00e9 per a l\u2019\u00e8xit educatiu de tots els alumnes. \u00c9s per aquest motiu que la participaci\u00f3 i implicaci\u00f3 dels pares en les eleccions al Consell Escolar \u00e9s tan important.<\/p>\n<p><em><span style=\"color: #0000ff;\"><strong>Qu\u00e8 vol dir ser representant dels pares i mares al Consell Escolar?<\/strong><\/span><\/em><br \/>\nEls Consells Escolars de centre permeten la participaci\u00f3 de les fam\u00edlies en el govern dels centres.<br \/>\nLes mares i pares representants al consell opinen, aproven, avaluen i elaboren propostes per a la millora del funcionament del centre educatiu.<\/p>\n<p>Com a membres del Consell, en representaci\u00f3 de totes les fam\u00edlies, tamb\u00e9 donen veu a les seves peticions, preocupacions i iniciatives.<\/p>\n","protected":false},"excerpt":{"rendered":"<p>EL CONSELL ESCOLAR<br \/>\nQu\u00e8 \u00e9s? El Consell Escolar del centre \u00e9s l\u2019\u00f2rgan col\u2022legiat de participaci\u00f3 de la comunitat escolar en el govern del centre.<br \/>\nQui el forma? El formen els representants de tota la comunitat educativa, \u00e9s a dir, direcci\u00f3, professors, fam\u00edlies, personal d\u2019administraci\u00f3 i serveis, representant&hellip;  <a href=\"https:\/\/agora.xtec.cat\/ceip-molidevent\/general\/el-consell-escolar\/\" title=\"Read El Consell Escolar\">Llegeix m\u00e9s\u00bb<\/a><\/p>\n","protected":false},"author":1,"featured_media":0,"comment_status":"closed","ping_status":"closed","sticky":false,"template":"","format":"standard","meta":{"_bbp_topic_count":0,"_bbp_reply_count":0,"_bbp_total_topic_count":0,"_bbp_total_reply_count":0,"_bbp_voice_count":0,"_bbp_anonymous_reply_count":0,"_bbp_topic_count_hidden":0,"_bbp_reply_count_hidden":0,"_bbp_forum_subforum_count":0,"footnotes":""},"categories":[214,215,1],"tags":[],"class_list":["post-4381","post","type-post","status-publish","format-standard","hentry","category-23-24","category-consell-escolar","category-general"],"post_mailing_queue_ids":[],"_links":{"self":[{"href":"https:\/\/agora.xtec.cat\/ceip-molidevent\/wp-json\/wp\/v2\/posts\/4381","targetHints":{"allow":["GET"]}}],"collection":[{"href":"https:\/\/agora.xtec.cat\/ceip-molidevent\/wp-json\/wp\/v2\/posts"}],"about":[{"href":"https:\/\/agora.xtec.cat\/ceip-molidevent\/wp-json\/wp\/v2\/types\/post"}],"author":[{"embeddable":true,"href":"https:\/\/agora.xtec.cat\/ceip-molidevent\/wp-json\/wp\/v2\/users\/1"}],"replies":[{"embeddable":true,"href":"https:\/\/agora.xtec.cat\/ceip-molidevent\/wp-json\/wp\/v2\/comments?post=4381"}],"version-history":[{"count":1,"href":"https:\/\/agora.xtec.cat\/ceip-molidevent\/wp-json\/wp\/v2\/posts\/4381\/revisions"}],"predecessor-version":[{"id":4383,"href":"https:\/\/agora.xtec.cat\/ceip-molidevent\/wp-json\/wp\/v2\/posts\/4381\/revisions\/4383"}],"wp:attachment":[{"href":"https:\/\/agora.xtec.cat\/ceip-molidevent\/wp-json\/wp\/v2\/media?parent=4381"}],"wp:term":[{"taxonomy":"category","embeddable":true,"href":"https:\/\/agora.xtec.cat\/ceip-molidevent\/wp-json\/wp\/v2\/categories?post=4381"},{"taxonomy":"post_tag","embeddable":true,"href":"https:\/\/agora.xtec.cat\/ceip-molidevent\/wp-json\/wp\/v2\/tags?post=4381"}],"curies":[{"name":"wp","href":"https:\/\/api.w.org\/{rel}","templated":true}]}}