{"id":4300,"date":"2021-09-03T13:24:29","date_gmt":"2021-09-03T11:24:29","guid":{"rendered":"https:\/\/agora.xtec.cat\/ceip-molidevent\/?p=4300"},"modified":"2021-10-22T15:30:06","modified_gmt":"2021-10-22T13:30:06","slug":"encetem-el-curs-21-22-al-moli","status":"publish","type":"post","link":"https:\/\/agora.xtec.cat\/ceip-molidevent\/portada\/encetem-el-curs-21-22-al-moli\/","title":{"rendered":"ENCETEM EL CURS 21-22 AL MOL\u00cd"},"content":{"rendered":"<p><img loading=\"lazy\" decoding=\"async\" class=\"aligncenter wp-image-4301\" src=\"https:\/\/agora.xtec.cat\/ceip-molidevent\/wp-content\/uploads\/usu1187\/2021\/09\/foto-300x223.jpg\" alt=\"\" width=\"658\" height=\"489\" srcset=\"https:\/\/agora.xtec.cat\/ceip-molidevent\/wp-content\/uploads\/usu1187\/2021\/09\/foto-300x223.jpg 300w, https:\/\/agora.xtec.cat\/ceip-molidevent\/wp-content\/uploads\/usu1187\/2021\/09\/foto-1024x763.jpg 1024w, https:\/\/agora.xtec.cat\/ceip-molidevent\/wp-content\/uploads\/usu1187\/2021\/09\/foto-768x572.jpg 768w, https:\/\/agora.xtec.cat\/ceip-molidevent\/wp-content\/uploads\/usu1187\/2021\/09\/foto-200x150.jpg 200w, https:\/\/agora.xtec.cat\/ceip-molidevent\/wp-content\/uploads\/usu1187\/2021\/09\/foto.jpg 1230w\" sizes=\"auto, (max-width: 658px) 100vw, 658px\" \/><\/p>\n<p>&nbsp;<\/p>\n<p>El Mol\u00ed Team, com diu l\u2019enginy\u00f3s Joan Tur\u00fa, que sempre ens regala imatges i missatges tan encertats, ha comen\u00e7at amb un somriure. Aquesta rialla\u00a0 \u00e9s sin\u00f2nim de qu\u00e8 les vacances han perm\u00e8s descansar, gaudir dels \u00e9ssers estimats, visitar nous paratges, llegir, aparcar el rellotge&#8230; i tamb\u00e9 que han servit per carregar-se d\u2019il\u00b7lusi\u00f3 per encarar plegats el nou curs.<\/p>\n<p>El \u00a0primers dies de retrobament s\u2019acabaran de condicionar els espais, definir els horaris, preparar els materials&#8230; i tot el que faci falta perqu\u00e8 la rebuda de l\u2019alumnat sigui el punt d\u2019inici d\u2019un viatge ben c\u00e0lid en el que tots els nens i les nenes se sentin acompanyats, siguin feli\u00e7os, desenvolupin les seves potencialitats, aprenguin i siguin cada cop m\u00e9s aut\u00f2noms.<\/p>\n<p>Novament encetem el curs amb l\u2019escenari canviant de la Covid i de les actuacions i adaptacions que implica en el dia a dia.\u00a0 L\u2019experi\u00e8ncia del curs anterior de ben segur ens servir\u00e0 per conviure-hi d\u2019una manera m\u00e9s tranquil\u00b7la i normalitzada.<\/p>\n<p>El Pla d\u2019Organitzaci\u00f3 per al curs 2021-22 de l\u2019Escola Mol\u00ed de Vent, concreta les mesures que s\u2019hauran d\u2019adoptar. S\u2019anir\u00e0 actualitzant segons l\u2019evoluci\u00f3 de la pand\u00e8mia i de les instruccions que es vagin rebent.<\/p>\n<p>Com sempre, comptem amb la col\u00b7laboraci\u00f3 de totes les fam\u00edlies perqu\u00e8 aquest projecte compartit, que \u00e9s l\u2019educaci\u00f3 de tots els nens i nenes, sigui un \u00e8xit.<\/p>\n<p>SOM-HI!<\/p>\n<p>&nbsp;<\/p>\n","protected":false},"excerpt":{"rendered":"<p>&nbsp;<br \/>\nEl Mol\u00ed Team, com diu l\u2019enginy\u00f3s Joan Tur\u00fa, que sempre ens regala imatges i missatges tan encertats, ha comen\u00e7at amb un somriure. Aquesta rialla\u00a0 \u00e9s sin\u00f2nim de qu\u00e8 les vacances han perm\u00e8s descansar, gaudir dels \u00e9ssers estimats, visitar nous paratges, llegir, aparcar el rellotge&#8230; i&hellip;  <a href=\"https:\/\/agora.xtec.cat\/ceip-molidevent\/portada\/encetem-el-curs-21-22-al-moli\/\" title=\"Read ENCETEM EL CURS 21-22 AL MOL\u00cd\">Llegeix m\u00e9s\u00bb<\/a><\/p>\n","protected":false},"author":1,"featured_media":0,"comment_status":"closed","ping_status":"closed","sticky":false,"template":"","format":"standard","meta":{"_bbp_topic_count":0,"_bbp_reply_count":0,"_bbp_total_topic_count":0,"_bbp_total_reply_count":0,"_bbp_voice_count":0,"_bbp_anonymous_reply_count":0,"_bbp_topic_count_hidden":0,"_bbp_reply_count_hidden":0,"_bbp_forum_subforum_count":0,"footnotes":""},"categories":[137,4],"tags":[],"class_list":["post-4300","post","type-post","status-publish","format-standard","hentry","category-21-22","category-portada"],"post_mailing_queue_ids":[],"_links":{"self":[{"href":"https:\/\/agora.xtec.cat\/ceip-molidevent\/wp-json\/wp\/v2\/posts\/4300","targetHints":{"allow":["GET"]}}],"collection":[{"href":"https:\/\/agora.xtec.cat\/ceip-molidevent\/wp-json\/wp\/v2\/posts"}],"about":[{"href":"https:\/\/agora.xtec.cat\/ceip-molidevent\/wp-json\/wp\/v2\/types\/post"}],"author":[{"embeddable":true,"href":"https:\/\/agora.xtec.cat\/ceip-molidevent\/wp-json\/wp\/v2\/users\/1"}],"replies":[{"embeddable":true,"href":"https:\/\/agora.xtec.cat\/ceip-molidevent\/wp-json\/wp\/v2\/comments?post=4300"}],"version-history":[{"count":2,"href":"https:\/\/agora.xtec.cat\/ceip-molidevent\/wp-json\/wp\/v2\/posts\/4300\/revisions"}],"predecessor-version":[{"id":4303,"href":"https:\/\/agora.xtec.cat\/ceip-molidevent\/wp-json\/wp\/v2\/posts\/4300\/revisions\/4303"}],"wp:attachment":[{"href":"https:\/\/agora.xtec.cat\/ceip-molidevent\/wp-json\/wp\/v2\/media?parent=4300"}],"wp:term":[{"taxonomy":"category","embeddable":true,"href":"https:\/\/agora.xtec.cat\/ceip-molidevent\/wp-json\/wp\/v2\/categories?post=4300"},{"taxonomy":"post_tag","embeddable":true,"href":"https:\/\/agora.xtec.cat\/ceip-molidevent\/wp-json\/wp\/v2\/tags?post=4300"}],"curies":[{"name":"wp","href":"https:\/\/api.w.org\/{rel}","templated":true}]}}