{"id":4130,"date":"2021-04-29T15:52:22","date_gmt":"2021-04-29T13:52:22","guid":{"rendered":"http:\/\/agora.xtec.cat\/ceip-molidevent\/?p=4130"},"modified":"2021-10-15T16:07:39","modified_gmt":"2021-10-15T14:07:39","slug":"4t-i-la-fundacio-pere-badia","status":"publish","type":"post","link":"https:\/\/agora.xtec.cat\/ceip-molidevent\/general\/4t-i-la-fundacio-pere-badia\/","title":{"rendered":"4t I la Fundaci\u00f3 Pere Badia"},"content":{"rendered":"<p>Per alegrar la diada de Sant Jordi dels nostres estimats avis i \u00e0vies de la Fundaci\u00f3 Pere Badia, els hi vam preparar un ball de cordes amb m\u00fasica medieval de fons. De regal els vam obsequiar amb unes bosses de tela estampades per tots nosaltres.<\/p>\n<p>Aqu\u00ed us deixem el v\u00eddeo per tal que pugueu gaudir-ne tant com ells .<\/p>\n<p>LES I ELS ALUMNES DE 4t DE CICLE MITJ\u00c0.<\/p>\n<p><iframe loading=\"lazy\" src=\"https:\/\/www.youtube.com\/embed\/8A4rlHnpz-0\" width=\"750\" height=\"450\" frameborder=\"0\"><span data-mce-type=\"bookmark\" style=\"display: inline-block; width: 0px; overflow: hidden; line-height: 0;\" class=\"mce_SELRES_start\">\ufeff<\/span><\/iframe><\/p>\n<p>&nbsp;<\/p>\n","protected":false},"excerpt":{"rendered":"<p>Per alegrar la diada de Sant Jordi dels nostres estimats avis i \u00e0vies de la Fundaci\u00f3 Pere Badia, els hi vam preparar un ball de cordes amb m\u00fasica medieval de fons. De regal els vam obsequiar amb unes bosses de tela estampades per tots nosaltres.<br \/>\nAqu\u00ed&hellip;  <a href=\"https:\/\/agora.xtec.cat\/ceip-molidevent\/general\/4t-i-la-fundacio-pere-badia\/\" title=\"Read 4t I la Fundaci\u00f3 Pere Badia\">Llegeix m\u00e9s\u00bb<\/a><\/p>\n","protected":false},"author":1,"featured_media":0,"comment_status":"closed","ping_status":"closed","sticky":false,"template":"","format":"standard","meta":{"_bbp_topic_count":0,"_bbp_reply_count":0,"_bbp_total_topic_count":0,"_bbp_total_reply_count":0,"_bbp_voice_count":0,"_bbp_anonymous_reply_count":0,"_bbp_topic_count_hidden":0,"_bbp_reply_count_hidden":0,"_bbp_forum_subforum_count":0,"footnotes":""},"categories":[125,13,99,1,5,64,78],"tags":[],"class_list":["post-4130","post","type-post","status-publish","format-standard","hentry","category-20-21","category-4t","category-festes","category-general","category-primaria","category-sant-jordi","category-cicle-mitja"],"post_mailing_queue_ids":[],"_links":{"self":[{"href":"https:\/\/agora.xtec.cat\/ceip-molidevent\/wp-json\/wp\/v2\/posts\/4130","targetHints":{"allow":["GET"]}}],"collection":[{"href":"https:\/\/agora.xtec.cat\/ceip-molidevent\/wp-json\/wp\/v2\/posts"}],"about":[{"href":"https:\/\/agora.xtec.cat\/ceip-molidevent\/wp-json\/wp\/v2\/types\/post"}],"author":[{"embeddable":true,"href":"https:\/\/agora.xtec.cat\/ceip-molidevent\/wp-json\/wp\/v2\/users\/1"}],"replies":[{"embeddable":true,"href":"https:\/\/agora.xtec.cat\/ceip-molidevent\/wp-json\/wp\/v2\/comments?post=4130"}],"version-history":[{"count":1,"href":"https:\/\/agora.xtec.cat\/ceip-molidevent\/wp-json\/wp\/v2\/posts\/4130\/revisions"}],"predecessor-version":[{"id":4131,"href":"https:\/\/agora.xtec.cat\/ceip-molidevent\/wp-json\/wp\/v2\/posts\/4130\/revisions\/4131"}],"wp:attachment":[{"href":"https:\/\/agora.xtec.cat\/ceip-molidevent\/wp-json\/wp\/v2\/media?parent=4130"}],"wp:term":[{"taxonomy":"category","embeddable":true,"href":"https:\/\/agora.xtec.cat\/ceip-molidevent\/wp-json\/wp\/v2\/categories?post=4130"},{"taxonomy":"post_tag","embeddable":true,"href":"https:\/\/agora.xtec.cat\/ceip-molidevent\/wp-json\/wp\/v2\/tags?post=4130"}],"curies":[{"name":"wp","href":"https:\/\/api.w.org\/{rel}","templated":true}]}}