{"id":409,"date":"2015-04-29T14:27:21","date_gmt":"2015-04-29T13:27:21","guid":{"rendered":"http:\/\/agora.xtec.cat\/ceip-molidevent\/?p=409"},"modified":"2015-10-15T07:53:07","modified_gmt":"2015-10-15T06:53:07","slug":"recomanacions-de-llibres-de-cicle-inicial-per-aquest-sant-jordi","status":"publish","type":"post","link":"https:\/\/agora.xtec.cat\/ceip-molidevent\/general\/recomanacions-de-llibres-de-cicle-inicial-per-aquest-sant-jordi\/","title":{"rendered":"Recomanacions de llibres de cicle inicial per aquest Sant Jordi"},"content":{"rendered":"<p><img loading=\"lazy\" decoding=\"async\" class=\"alignleft wp-image-410\" src=\"http:\/\/agora.xtec.cat\/ceip-molidevent\/wp-content\/uploads\/usu1187\/2015\/04\/1-240x300.jpg\" alt=\"1\" width=\"200\" height=\"250\" srcset=\"https:\/\/agora.xtec.cat\/ceip-molidevent\/wp-content\/uploads\/usu1187\/2015\/04\/1-240x300.jpg 240w, https:\/\/agora.xtec.cat\/ceip-molidevent\/wp-content\/uploads\/usu1187\/2015\/04\/1.jpg 389w\" sizes=\"auto, (max-width: 200px) 100vw, 200px\" \/><\/p>\n<p><strong>\u00a0<strong>\u201cUna cat\u00e0strofe afortunada\u201d<\/strong>.<\/strong> Adela Turin i Nella Bosnia. Ed Kalandraka<\/p>\n<p><strong>\u00a0Sinopsi<\/strong>: La cat\u00e0strofe ho posa tot potes enlaire: la fam\u00edlia Ratoner es queda sense llar i \u00a0canvien \u00a0completament les seves vides. Per\u00f2 la senyora Ratoner en trobar\u00e0 la soluci\u00f3 i \u00a0passaran de tenir \u00a0una \u00a0vida ben mon\u00f2tona a viure aventures i nous rols dins la fam\u00edlia.<\/p>\n<p>&nbsp;<\/p>\n<p>&nbsp;<\/p>\n<p>&nbsp;<\/p>\n<hr \/>\n<p><a href=\"http:\/\/agora.xtec.cat\/ceip-molidevent\/wp-content\/uploads\/usu1187\/2015\/04\/2.jpg\"><img loading=\"lazy\" decoding=\"async\" class=\"alignright wp-image-411\" src=\"http:\/\/agora.xtec.cat\/ceip-molidevent\/wp-content\/uploads\/usu1187\/2015\/04\/2.jpg\" alt=\"cocina portada.fh11\" width=\"200\" height=\"262\" \/><\/a><\/p>\n<p><strong>\u00a0\u201cA la cuina de nit\u201d.<\/strong> Maurice Sendak.\u00a0 Ed. Kalandraka<\/p>\n<p><strong>\u00a0Sinopsi:<\/strong>\u00a0 Es tracta d\u2019un relat on\u00edric, un text rimat que transmet diversi\u00f3 i energia, protagonitzat per un \u00a0nen \u00a0i tres pastissers.<\/p>\n<p>&nbsp;<\/p>\n<p>&nbsp;<\/p>\n<p>&nbsp;<\/p>\n<p>&nbsp;<\/p>\n<hr \/>\n<p><strong>\u201cEl meu avi i jo\u201d.<\/strong> N\u00faria Parera. Ed. Joventut<\/p>\n<p><a href=\"http:\/\/agora.xtec.cat\/ceip-molidevent\/wp-content\/uploads\/usu1187\/2015\/04\/3.jpg\"><img loading=\"lazy\" decoding=\"async\" class=\"alignleft wp-image-413\" src=\"http:\/\/agora.xtec.cat\/ceip-molidevent\/wp-content\/uploads\/usu1187\/2015\/04\/3-150x150.jpg\" alt=\"3\" width=\"200\" height=\"169\" srcset=\"https:\/\/agora.xtec.cat\/ceip-molidevent\/wp-content\/uploads\/usu1187\/2015\/04\/3-300x254.jpg 300w, https:\/\/agora.xtec.cat\/ceip-molidevent\/wp-content\/uploads\/usu1187\/2015\/04\/3.jpg 531w\" sizes=\"auto, (max-width: 200px) 100vw, 200px\" \/><\/a><\/p>\n<p style=\"text-align: justify;\">\u00a0<strong>Sinopsi<\/strong>: Amb el meu avi Sim\u00f3 jugo cada dia a amagar petons.\u00a0Encara \u00a0que hagi d&#8217;anar a l&#8217;hospital, encara que no hi sigui, el meu avi Sim\u00f3 i jo \u00a0seguim jugant\u2026&#8221;<\/p>\n<p style=\"text-align: justify;\">Un bonic \u00e0lbum art\u00edstic, amb paraules senzilles, que relaten la relaci\u00f3 entre una n\u00e9ta i el seu avi. Mitjan\u00e7ant el joc d&#8217;amagar petons, descobrim que l&#8217;avi pateix oblits, i un dia li diuen a la nena que l&#8217;avi no tornar\u00e0 perqu\u00e8 s&#8217;ha oblidat de respirar\u2026<\/p>\n<p style=\"text-align: justify;\">El seu dol ser\u00e0 m\u00e9s suportable gr\u00e0cies a la interacci\u00f3 amb la seva mare, i al pet\u00f3 que el seu avi li va deixar perqu\u00e8 el record\u00e9s quan no hi fos&#8230;<\/p>\n<hr \/>\n<p><strong><a href=\"http:\/\/agora.xtec.cat\/ceip-molidevent\/wp-content\/uploads\/usu1187\/2015\/04\/4.jpg\"><img loading=\"lazy\" decoding=\"async\" class=\"alignright wp-image-414\" src=\"http:\/\/agora.xtec.cat\/ceip-molidevent\/wp-content\/uploads\/usu1187\/2015\/04\/4-150x150.jpg\" alt=\"4\" width=\"200\" height=\"249\" srcset=\"https:\/\/agora.xtec.cat\/ceip-molidevent\/wp-content\/uploads\/usu1187\/2015\/04\/4-241x300.jpg 241w, https:\/\/agora.xtec.cat\/ceip-molidevent\/wp-content\/uploads\/usu1187\/2015\/04\/4.jpg 362w\" sizes=\"auto, (max-width: 200px) 100vw, 200px\" \/><\/a><\/strong><\/p>\n<p><strong>\u201cJo tamb\u00e9 vaig ser dins la panxa de la mama?\u201d.<\/strong> Dagma Geisler. Ed. Joventud<\/p>\n<p><strong>Sinopsi<\/strong>: La Lili, una amiga de la mama, ha vingut de visita. T\u00e9 una panxa ben rodona i for\u00e7a grossa. \u2014Hi ha un beb\u00e8 que est\u00e0 creixent a dins! \u2014diu la mama. \u2014Jo tamb\u00e9 vaig ser dins la teva panxa? \u2014pregunto.<br \/>\n\u2014\u00c9s clar! \u2014diu la mama. \u2014I la teva panxa era tan grossa com la de la Lili? La mama riu. \u2014Jo crec que la meva panxa era fins i tot un xic m\u00e9s grossa que la seva. Tu eres un beb\u00e8 molt gran quan vas n\u00e9ixer&#8230;<br \/>\nQu\u00e8 pot ser m\u00e9s fascinant que saber d\u2019on v\u00e9ns? Aquest llibre ofereix l\u2019ocasi\u00f3 de parlar sobre un tema molt important als nens que volen saber realment quin ha estat el seu cam\u00ed.<\/p>\n<hr \/>\n<p>&nbsp;<\/p>\n<p><strong><a href=\"http:\/\/agora.xtec.cat\/ceip-molidevent\/wp-content\/uploads\/usu1187\/2015\/04\/5.jpg\"><img loading=\"lazy\" decoding=\"async\" class=\"alignleft wp-image-415\" src=\"http:\/\/agora.xtec.cat\/ceip-molidevent\/wp-content\/uploads\/usu1187\/2015\/04\/5-150x150.jpg\" alt=\"5\" width=\"200\" height=\"269\" srcset=\"https:\/\/agora.xtec.cat\/ceip-molidevent\/wp-content\/uploads\/usu1187\/2015\/04\/5-222x300.jpg 222w, https:\/\/agora.xtec.cat\/ceip-molidevent\/wp-content\/uploads\/usu1187\/2015\/04\/5.jpg 334w\" sizes=\"auto, (max-width: 200px) 100vw, 200px\" \/><\/a>\u00a0\u201cEl so dels colors\u201d<\/strong> Barb Rosenstock i Mary Grandpr\u00e9<\/p>\n<p style=\"text-align: justify;\"><strong>\u00a0Sinopsi<\/strong>: Vasya es passava el dia educant-se per ser un nen rus com \u00a0cal&#8230;, fins el dia en qu\u00e8 la \u00a0seva tia li va regalar una petita caixa de fusta, \u00a0plena de pintures. Vasya va barrejar el vermell \u00a0amb el groc, despr\u00e9s el \u00a0vermell amb el blau. A mesura que canviaven els colors, sentia una \u00a0m\u00fasica&#8230; Vasya sentia cantar els colors!<br \/>\n\u00abVaig veure tots els colors dins del meu cap, eren davant dels meus ulls; l\u00ednies salvatges, com \u00a0embogides, que s&#8217;esbossaven davant meu.\u00bb<\/p>\n<hr \/>\n<p><strong><a href=\"http:\/\/agora.xtec.cat\/ceip-molidevent\/wp-content\/uploads\/usu1187\/2015\/04\/6.jpg\"><img loading=\"lazy\" decoding=\"async\" class=\"alignright wp-image-416\" src=\"http:\/\/agora.xtec.cat\/ceip-molidevent\/wp-content\/uploads\/usu1187\/2015\/04\/6-150x150.jpg\" alt=\"6\" width=\"200\" height=\"223\" srcset=\"https:\/\/agora.xtec.cat\/ceip-molidevent\/wp-content\/uploads\/usu1187\/2015\/04\/6-268x300.jpg 268w, https:\/\/agora.xtec.cat\/ceip-molidevent\/wp-content\/uploads\/usu1187\/2015\/04\/6.jpg 403w\" sizes=\"auto, (max-width: 200px) 100vw, 200px\" \/><\/a><\/strong><strong>\u201cL\u2019endrapasomnis<\/strong>\u201d Michael Ende. Ed. Joventut<\/p>\n<p style=\"text-align: left;\"><strong>Sinopsi<\/strong>: Tenir por als malsons ja \u00e9s terrible per a tots els nens; \u00a0 \u00a0 \u00a0 doncs imagina per a una princeseta que es diu Dormissona i que viu \u00a0 \u00a0 \u00a0al Pa\u00eds de la Bona Son, on els seus habitants creuen que dormir b\u00e9 \u00e9s \u00a0la cosa m\u00e9s important de totes les coses que es fan i es desfan. El rei del Pa\u00eds de la Bona Son decideix viatjar pel m\u00f3n en la recerca d&#8217;un remei contra els malsons de la seva filla.<\/p>\n<hr \/>\n<p style=\"text-align: justify;\"><strong><a href=\"http:\/\/agora.xtec.cat\/ceip-molidevent\/wp-content\/uploads\/usu1187\/2015\/04\/8.jpg\"><img loading=\"lazy\" decoding=\"async\" class=\"alignleft wp-image-417\" src=\"http:\/\/agora.xtec.cat\/ceip-molidevent\/wp-content\/uploads\/usu1187\/2015\/04\/8-150x150.jpg\" alt=\"8\" width=\"200\" height=\"205\" srcset=\"https:\/\/agora.xtec.cat\/ceip-molidevent\/wp-content\/uploads\/usu1187\/2015\/04\/8-292x300.jpg 292w, https:\/\/agora.xtec.cat\/ceip-molidevent\/wp-content\/uploads\/usu1187\/2015\/04\/8.jpg 438w\" sizes=\"auto, (max-width: 200px) 100vw, 200px\" \/><\/a>\u00a0\u201cPetit \u00f3s i els sis ratolins blancs\u201d<\/strong> .Chris Wormell. Ed. Joventut<\/p>\n<p style=\"text-align: justify;\"><strong>\u00a0Sinopsi<\/strong>: Un petit \u00f3s surt a passejar i es troba sis ratolins blancs aterrits \u00a0en el m\u00e9s profund d\u2019un \u00a0bosc fer\u00e9stec. S\u2019han perdut, es fa fosc&#8230; i els sis \u00a0ratolins estan segurs que alg\u00fa se\u2019ls cruspir\u00e0! \u00a0Per\u00f2 no cal patir, perqu\u00e8 el \u00a0petit \u00f3s \u00e9s aqu\u00ed per ajudar-los. Tanmateix, les seves idees seran prou \u00a0enginyoses com per salvar-los de les criatures que s\u2019amaguen en la foscor?<br \/>\nVet aqu\u00ed una meravellosa hist\u00f2ria que enalteix la valentia i la rapidesa mental.<\/p>\n<hr \/>\n<p><a href=\"http:\/\/agora.xtec.cat\/ceip-molidevent\/wp-content\/uploads\/usu1187\/2015\/04\/9.jpg\"><img loading=\"lazy\" decoding=\"async\" class=\"alignright wp-image-418\" src=\"http:\/\/agora.xtec.cat\/ceip-molidevent\/wp-content\/uploads\/usu1187\/2015\/04\/9-150x150.jpg\" alt=\"9\" width=\"200\" height=\"252\" srcset=\"https:\/\/agora.xtec.cat\/ceip-molidevent\/wp-content\/uploads\/usu1187\/2015\/04\/9-238x300.jpg 238w, https:\/\/agora.xtec.cat\/ceip-molidevent\/wp-content\/uploads\/usu1187\/2015\/04\/9.jpg 357w\" sizes=\"auto, (max-width: 200px) 100vw, 200px\" \/><\/a><strong>\u201cBenvingut a la fam\u00edlia\u201d.<\/strong> Mary Hoffaman i Ros Asquith. Ed. Joventut<\/p>\n<p style=\"text-align: justify;\"><strong>Sinopsi<\/strong>: Aquest llibre il\u00b7lustrat explora les diferents maneres en qu\u00e8 un beb\u00e8 o un nen pot arribar a una fam\u00edlia: part natural, l\u2019adopci\u00f3, la fam\u00edlia d\u2019acollida, aix\u00ed com els diferents tipus de fam\u00edlia; monoparentals, pares del mateix sexe, etc. Es tracta d\u2019un llibre informatiu \u00fanic, amb un missatge important i positiu: cada fam\u00edlia \u00e9s diferent i cada fam\u00edlia es igualment v\u00e0lida i especial, tant \u00e9s com o quan arriben els nens a la fam\u00edlia, l\u2019essencial \u00e9s que s\u2019hi sentin feli\u00e7os!<\/p>\n<hr \/>\n<p style=\"text-align: justify;\"><a href=\"http:\/\/agora.xtec.cat\/ceip-molidevent\/wp-content\/uploads\/usu1187\/2015\/04\/10.jpg\"><img loading=\"lazy\" decoding=\"async\" class=\"alignleft wp-image-419\" src=\"http:\/\/agora.xtec.cat\/ceip-molidevent\/wp-content\/uploads\/usu1187\/2015\/04\/10-150x150.jpg\" alt=\"10\" width=\"200\" height=\"215\" srcset=\"https:\/\/agora.xtec.cat\/ceip-molidevent\/wp-content\/uploads\/usu1187\/2015\/04\/10-279x300.jpg 279w, https:\/\/agora.xtec.cat\/ceip-molidevent\/wp-content\/uploads\/usu1187\/2015\/04\/10.jpg 419w\" sizes=\"auto, (max-width: 200px) 100vw, 200px\" \/><\/a>\u00a0<strong>\u201cR\u00ednxols d\u2019\u00d3s\u201d.<\/strong> St\u00e9phane Servant i L\u2562\u00e6titia Le Saux. Ed. Joventut.<\/p>\n<p style=\"text-align: justify;\"><strong>\u00a0Sinopsi<\/strong>: Aquesta nit \u00e9s el gran carnestoltes del bosc i tots preparen les \u00a0seves disfresses: La \u00a0Mama \u00d3s \u00a0acaba de cosir la seva disfressa de \u00a0Ventafocs, el Papa \u00d3s es veu fant\u00e0stic vestit de \u00a0Llop Ferotge. \u00abI tu, \u00a0Osset?\u00bb \u00abJo, em disfresso de R\u00ednxols d&#8217;\u00d3s!\u00bb<br \/>\nAl Papa \u00d3s no li agrada gens la idea que el seu fill vagi amb una faldilla i cuetes rosses i l&#8217;intenta \u00a0persuadir que canvi\u00ef de disfressa, per\u00f2 l&#8217;Osset es mant\u00e9 ferm\u2026.<br \/>\nUn \u00e0lbum en clau d&#8217;humor contra les convencions socials i els g\u00e8neres establerts.<\/p>\n<hr \/>\n<p><a href=\"http:\/\/agora.xtec.cat\/ceip-molidevent\/wp-content\/uploads\/usu1187\/2015\/04\/11.jpg\"><img loading=\"lazy\" decoding=\"async\" class=\"alignright wp-image-420\" src=\"http:\/\/agora.xtec.cat\/ceip-molidevent\/wp-content\/uploads\/usu1187\/2015\/04\/11-150x150.jpg\" alt=\"11\" width=\"200\" height=\"249\" srcset=\"https:\/\/agora.xtec.cat\/ceip-molidevent\/wp-content\/uploads\/usu1187\/2015\/04\/11-241x300.jpg 241w, https:\/\/agora.xtec.cat\/ceip-molidevent\/wp-content\/uploads\/usu1187\/2015\/04\/11.jpg 300w\" sizes=\"auto, (max-width: 200px) 100vw, 200px\" \/><\/a><strong>\u201cEl rei de la casa\u201d.<\/strong> Gabriel Galm\u00e9s. Ed. Blackie Books<\/p>\n<p><strong>Sinopsi:<\/strong> La vida d&#8217;un gat no sempre \u00e9s f\u00e0cil. Un dia ets el rei de la casa i de cop i volta, tot canvia&#8230; El llibre m\u00e9s divertit i trapella de l&#8217;any! El magn\u00edfic retorn de l&#8217;autora que ja va revolucionar la canalla amb el seu llibre&#8221;S\u00f3c un artista&#8221;. Una hist\u00f2ria per no parar de riure sobre un&#8221;pr\u00edncep destronat&#8221;amb un gat com a protagonista. Un dels llibres amb m\u00e9s \u00e8xit de la darrera fira de Bolonya.<\/p>\n","protected":false},"excerpt":{"rendered":"<p>\u00a0\u201cUna cat\u00e0strofe afortunada\u201d. Adela Turin i Nella Bosnia. Ed Kalandraka<br \/>\n\u00a0Sinopsi: La cat\u00e0strofe ho posa tot potes enlaire: la fam\u00edlia Ratoner es queda sense llar i \u00a0canvien \u00a0completament les seves vides. Per\u00f2 la senyora Ratoner en trobar\u00e0 la soluci\u00f3 i \u00a0passaran de tenir \u00a0una \u00a0vida ben&hellip;  <a href=\"https:\/\/agora.xtec.cat\/ceip-molidevent\/general\/recomanacions-de-llibres-de-cicle-inicial-per-aquest-sant-jordi\/\" title=\"Read Recomanacions de llibres de cicle inicial per aquest Sant Jordi\">Llegeix m\u00e9s\u00bb<\/a><\/p>\n","protected":false},"author":1,"featured_media":410,"comment_status":"open","ping_status":"open","sticky":false,"template":"","format":"standard","meta":{"_bbp_topic_count":0,"_bbp_reply_count":0,"_bbp_total_topic_count":0,"_bbp_total_reply_count":0,"_bbp_voice_count":0,"_bbp_anonymous_reply_count":0,"_bbp_topic_count_hidden":0,"_bbp_reply_count_hidden":0,"_bbp_forum_subforum_count":0,"footnotes":""},"categories":[10,11,24,45,1,5,61],"tags":[37,27],"class_list":["post-409","post","type-post","status-publish","format-standard","has-post-thumbnail","hentry","category-1r","category-2n","category-biblioteca","category-curs-2014-15","category-general","category-primaria","category-cicle-inicial","tag-biblioteca-2","tag-sant-jordi"],"post_mailing_queue_ids":[],"_links":{"self":[{"href":"https:\/\/agora.xtec.cat\/ceip-molidevent\/wp-json\/wp\/v2\/posts\/409","targetHints":{"allow":["GET"]}}],"collection":[{"href":"https:\/\/agora.xtec.cat\/ceip-molidevent\/wp-json\/wp\/v2\/posts"}],"about":[{"href":"https:\/\/agora.xtec.cat\/ceip-molidevent\/wp-json\/wp\/v2\/types\/post"}],"author":[{"embeddable":true,"href":"https:\/\/agora.xtec.cat\/ceip-molidevent\/wp-json\/wp\/v2\/users\/1"}],"replies":[{"embeddable":true,"href":"https:\/\/agora.xtec.cat\/ceip-molidevent\/wp-json\/wp\/v2\/comments?post=409"}],"version-history":[{"count":4,"href":"https:\/\/agora.xtec.cat\/ceip-molidevent\/wp-json\/wp\/v2\/posts\/409\/revisions"}],"predecessor-version":[{"id":433,"href":"https:\/\/agora.xtec.cat\/ceip-molidevent\/wp-json\/wp\/v2\/posts\/409\/revisions\/433"}],"wp:featuredmedia":[{"embeddable":true,"href":"https:\/\/agora.xtec.cat\/ceip-molidevent\/wp-json\/wp\/v2\/media\/410"}],"wp:attachment":[{"href":"https:\/\/agora.xtec.cat\/ceip-molidevent\/wp-json\/wp\/v2\/media?parent=409"}],"wp:term":[{"taxonomy":"category","embeddable":true,"href":"https:\/\/agora.xtec.cat\/ceip-molidevent\/wp-json\/wp\/v2\/categories?post=409"},{"taxonomy":"post_tag","embeddable":true,"href":"https:\/\/agora.xtec.cat\/ceip-molidevent\/wp-json\/wp\/v2\/tags?post=409"}],"curies":[{"name":"wp","href":"https:\/\/api.w.org\/{rel}","templated":true}]}}