{"id":4004,"date":"2021-03-18T15:55:55","date_gmt":"2021-03-18T14:55:55","guid":{"rendered":"http:\/\/agora.xtec.cat\/ceip-molidevent\/?p=4004"},"modified":"2021-10-15T16:07:56","modified_gmt":"2021-10-15T14:07:56","slug":"6e-la-musica-que-magrada","status":"publish","type":"post","link":"https:\/\/agora.xtec.cat\/ceip-molidevent\/general\/6e-la-musica-que-magrada\/","title":{"rendered":"6\u00e8: la m\u00fasica que m&#8217;agrada"},"content":{"rendered":"<p>Els i les alumnes de 6\u00e8 han aprofitat aquest trimestre per explicar als seus companys i companyes quin \u00e9s el seu cantant o grup de m\u00fasica preferit.<\/p>\n<p>Cadasc\u00fa va fer una presentaci\u00f3 de l&#8217;artista triat, explicant la seva vida, la seva carrera com artista, els seus discos i can\u00e7ons, premis&#8230;<\/p>\n<p>Tamb\u00e9 van triar la can\u00e7\u00f3 que m\u00e9s els agradava i van escriure la lletra deixant espais en blanc. Aix\u00ed, la tasca que van haver de fer la resta de companys va ser escoltar la can\u00e7\u00f3 i escriure les paraules que faltaven.<\/p>\n<p>Finalment establirem un debat sobre la lletra de la can\u00e7\u00f3, si era o no era adient per la nostra edat, si era o no respectuosa amb tothom, etc.<\/p>\n<div class=\"h5p-iframe-wrapper\"><iframe id=\"h5p-iframe-18\" class=\"h5p-iframe\" data-content-id=\"18\" style=\"height:1px\" src=\"about:blank\" frameBorder=\"0\" scrolling=\"no\" title=\"La m\u00fasica que m&#039;agrada\"><\/iframe><\/div>\n","protected":false},"excerpt":{"rendered":"<p>Els i les alumnes de 6\u00e8 han aprofitat aquest trimestre per explicar als seus companys i companyes quin \u00e9s el seu cantant o grup de m\u00fasica preferit.<br \/>\nCadasc\u00fa va fer una presentaci\u00f3 de l&#8217;artista triat, explicant la seva vida, la seva carrera com artista, els seus&hellip;  <a href=\"https:\/\/agora.xtec.cat\/ceip-molidevent\/general\/6e-la-musica-que-magrada\/\" title=\"Read 6\u00e8: la m\u00fasica que m&#8217;agrada\">Llegeix m\u00e9s\u00bb<\/a><\/p>\n","protected":false},"author":1,"featured_media":0,"comment_status":"closed","ping_status":"closed","sticky":false,"template":"","format":"standard","meta":{"_bbp_topic_count":0,"_bbp_reply_count":0,"_bbp_total_topic_count":0,"_bbp_total_reply_count":0,"_bbp_voice_count":0,"_bbp_anonymous_reply_count":0,"_bbp_topic_count_hidden":0,"_bbp_reply_count_hidden":0,"_bbp_forum_subforum_count":0,"footnotes":""},"categories":[125,15,1,68,5,26],"tags":[],"class_list":["post-4004","post","type-post","status-publish","format-standard","hentry","category-20-21","category-6e","category-general","category-musica","category-primaria","category-cicle-superior"],"post_mailing_queue_ids":[],"_links":{"self":[{"href":"https:\/\/agora.xtec.cat\/ceip-molidevent\/wp-json\/wp\/v2\/posts\/4004","targetHints":{"allow":["GET"]}}],"collection":[{"href":"https:\/\/agora.xtec.cat\/ceip-molidevent\/wp-json\/wp\/v2\/posts"}],"about":[{"href":"https:\/\/agora.xtec.cat\/ceip-molidevent\/wp-json\/wp\/v2\/types\/post"}],"author":[{"embeddable":true,"href":"https:\/\/agora.xtec.cat\/ceip-molidevent\/wp-json\/wp\/v2\/users\/1"}],"replies":[{"embeddable":true,"href":"https:\/\/agora.xtec.cat\/ceip-molidevent\/wp-json\/wp\/v2\/comments?post=4004"}],"version-history":[{"count":3,"href":"https:\/\/agora.xtec.cat\/ceip-molidevent\/wp-json\/wp\/v2\/posts\/4004\/revisions"}],"predecessor-version":[{"id":4007,"href":"https:\/\/agora.xtec.cat\/ceip-molidevent\/wp-json\/wp\/v2\/posts\/4004\/revisions\/4007"}],"wp:attachment":[{"href":"https:\/\/agora.xtec.cat\/ceip-molidevent\/wp-json\/wp\/v2\/media?parent=4004"}],"wp:term":[{"taxonomy":"category","embeddable":true,"href":"https:\/\/agora.xtec.cat\/ceip-molidevent\/wp-json\/wp\/v2\/categories?post=4004"},{"taxonomy":"post_tag","embeddable":true,"href":"https:\/\/agora.xtec.cat\/ceip-molidevent\/wp-json\/wp\/v2\/tags?post=4004"}],"curies":[{"name":"wp","href":"https:\/\/api.w.org\/{rel}","templated":true}]}}