{"id":3839,"date":"2021-02-19T15:39:59","date_gmt":"2021-02-19T14:39:59","guid":{"rendered":"http:\/\/agora.xtec.cat\/ceip-molidevent\/?p=3839"},"modified":"2021-10-15T16:10:05","modified_gmt":"2021-10-15T14:10:05","slug":"cicle-inicial-carnaval-i-la-residencia-pere-badia","status":"publish","type":"post","link":"https:\/\/agora.xtec.cat\/ceip-molidevent\/general\/cicle-inicial-carnaval-i-la-residencia-pere-badia\/","title":{"rendered":"Cicle Inicial, Carnaval i la Resid\u00e8ncia Pere Badia"},"content":{"rendered":"<p><span style=\"font-weight: 400;\">Els alumnes de 2n hem volgut fer m\u00e9s feli\u00e7os els residents de la Fundaci\u00f3 Pere Badia fent-los arribar uns desitjos molt especials.<\/span><\/p>\n<p><span style=\"font-weight: 400;\">Tots aquests s\u2019han recollit en aquest v\u00eddeo, juntament amb un ball country que els animar\u00e0 d\u2019all\u00f2 m\u00e9s!<\/span><\/p>\n<p><span style=\"font-weight: 400;\">Esperem que els encanti i rebin tot el nostre afecte i estima.<\/span><\/p>\n<p><span style=\"font-weight: 400;\">ELS I LES ALUMNES DE 2n. DE CICLE INICIAL.<\/span><\/p>\n<div class=\"h5p-iframe-wrapper\"><iframe id=\"h5p-iframe-12\" class=\"h5p-iframe\" data-content-id=\"12\" style=\"height:1px\" src=\"about:blank\" frameBorder=\"0\" scrolling=\"no\" title=\"Resid\u00e8ncia carnaval 2021\"><\/iframe><\/div>\n<p><a href=\"https:\/\/agora.xtec.cat\/ceip-molidevent\/wp-content\/uploads\/usu1187\/2021\/02\/imatgeavisquadre.jpg\"><img loading=\"lazy\" decoding=\"async\" class=\"aligncenter size-full wp-image-3843\" src=\"https:\/\/agora.xtec.cat\/ceip-molidevent\/wp-content\/uploads\/usu1187\/2021\/02\/imatgeavisquadre.jpg\" alt=\"\" width=\"557\" height=\"767\" srcset=\"https:\/\/agora.xtec.cat\/ceip-molidevent\/wp-content\/uploads\/usu1187\/2021\/02\/imatgeavisquadre.jpg 557w, https:\/\/agora.xtec.cat\/ceip-molidevent\/wp-content\/uploads\/usu1187\/2021\/02\/imatgeavisquadre-218x300.jpg 218w\" sizes=\"auto, (max-width: 557px) 100vw, 557px\" \/><\/a><\/p>\n<p>&nbsp;<\/p>\n","protected":false},"excerpt":{"rendered":"<p>Els alumnes de 2n hem volgut fer m\u00e9s feli\u00e7os els residents de la Fundaci\u00f3 Pere Badia fent-los arribar uns desitjos molt especials.<br \/>\nTots aquests s\u2019han recollit en aquest v\u00eddeo, juntament amb un ball country que els animar\u00e0 d\u2019all\u00f2 m\u00e9s!<br \/>\nEsperem que els encanti i rebin tot el&hellip;  <a href=\"https:\/\/agora.xtec.cat\/ceip-molidevent\/general\/cicle-inicial-carnaval-i-la-residencia-pere-badia\/\" title=\"Read Cicle Inicial, Carnaval i la Resid\u00e8ncia Pere Badia\">Llegeix m\u00e9s\u00bb<\/a><\/p>\n","protected":false},"author":1,"featured_media":0,"comment_status":"closed","ping_status":"closed","sticky":false,"template":"","format":"standard","meta":{"_bbp_topic_count":0,"_bbp_reply_count":0,"_bbp_total_topic_count":0,"_bbp_total_reply_count":0,"_bbp_voice_count":0,"_bbp_anonymous_reply_count":0,"_bbp_topic_count_hidden":0,"_bbp_reply_count_hidden":0,"_bbp_forum_subforum_count":0,"footnotes":""},"categories":[10,125,11,99,1,5,61],"tags":[],"class_list":["post-3839","post","type-post","status-publish","format-standard","hentry","category-1r","category-20-21","category-2n","category-festes","category-general","category-primaria","category-cicle-inicial"],"post_mailing_queue_ids":[],"_links":{"self":[{"href":"https:\/\/agora.xtec.cat\/ceip-molidevent\/wp-json\/wp\/v2\/posts\/3839","targetHints":{"allow":["GET"]}}],"collection":[{"href":"https:\/\/agora.xtec.cat\/ceip-molidevent\/wp-json\/wp\/v2\/posts"}],"about":[{"href":"https:\/\/agora.xtec.cat\/ceip-molidevent\/wp-json\/wp\/v2\/types\/post"}],"author":[{"embeddable":true,"href":"https:\/\/agora.xtec.cat\/ceip-molidevent\/wp-json\/wp\/v2\/users\/1"}],"replies":[{"embeddable":true,"href":"https:\/\/agora.xtec.cat\/ceip-molidevent\/wp-json\/wp\/v2\/comments?post=3839"}],"version-history":[{"count":3,"href":"https:\/\/agora.xtec.cat\/ceip-molidevent\/wp-json\/wp\/v2\/posts\/3839\/revisions"}],"predecessor-version":[{"id":3844,"href":"https:\/\/agora.xtec.cat\/ceip-molidevent\/wp-json\/wp\/v2\/posts\/3839\/revisions\/3844"}],"wp:attachment":[{"href":"https:\/\/agora.xtec.cat\/ceip-molidevent\/wp-json\/wp\/v2\/media?parent=3839"}],"wp:term":[{"taxonomy":"category","embeddable":true,"href":"https:\/\/agora.xtec.cat\/ceip-molidevent\/wp-json\/wp\/v2\/categories?post=3839"},{"taxonomy":"post_tag","embeddable":true,"href":"https:\/\/agora.xtec.cat\/ceip-molidevent\/wp-json\/wp\/v2\/tags?post=3839"}],"curies":[{"name":"wp","href":"https:\/\/api.w.org\/{rel}","templated":true}]}}