{"id":3790,"date":"2021-01-29T15:20:56","date_gmt":"2021-01-29T14:20:56","guid":{"rendered":"http:\/\/agora.xtec.cat\/ceip-molidevent\/?p=3790"},"modified":"2021-10-15T16:11:10","modified_gmt":"2021-10-15T14:11:10","slug":"el-moli-commemora-el-dia-escolar-de-la-no-violencia-i-la-pau","status":"publish","type":"post","link":"https:\/\/agora.xtec.cat\/ceip-molidevent\/general\/el-moli-commemora-el-dia-escolar-de-la-no-violencia-i-la-pau\/","title":{"rendered":"EL MOL\u00cd COMMEMORA EL DIA ESCOLAR DE LA NO-VIOL\u00c8NCIA I LA PAU"},"content":{"rendered":"<p>El 30 de gener \u00e9s el Dia Escolar de la No-viol\u00e8ncia i la Pau. A molts centres educatius es realitzen activitats que volen sensibilitzar els infants donant a con\u00e8ixer persones i grups que lluiten per la pau i la just\u00edcia al m\u00f3n, es desenvolupen din\u00e0miques i estrat\u00e8gies per aprendre a resoldre els conflictes de manera positiva i es reivindica, en definitiva, una educaci\u00f3 per la pau, la toler\u00e0ncia, la solidaritat i el respecte als drets humans.<\/p>\n<p>Aquest curs al Mol\u00ed ens hem sumat a la commemoraci\u00f3 d\u2019aquesta diada amb accions diverses a cada nivell i\/o cicle.<\/p>\n<p>A trav\u00e9s de contes, hist\u00f2ries, curts, can\u00e7ons i altres recursos s\u2019han anat treballant diferents continguts.<\/p>\n<p>L\u2019alumnat d\u2019Educaci\u00f3 Infantil\u00a0 ha realitzat un mural col\u00b7lectiu on tots els nens i les nenes han aixecat les mans per la PAU.<\/p>\n<p>A Cicle Inicial, els infants, a Educaci\u00f3 F\u00edsica, han escrit amb el seu cos la paraula PAU.<\/p>\n<p>Cicle Mitj\u00e0 ha reflexionat sobre frases c\u00e8lebres de diversos autors i despr\u00e9s alguns alumnes han escrit la seva.<\/p>\n\n\t\t<style type=\"text\/css\">\n\t\t\t#gallery-1 {\n\t\t\t\tmargin: auto;\n\t\t\t}\n\t\t\t#gallery-1 .gallery-item {\n\t\t\t\tfloat: left;\n\t\t\t\tmargin-top: 10px;\n\t\t\t\ttext-align: center;\n\t\t\t\twidth: 33%;\n\t\t\t}\n\t\t\t#gallery-1 img {\n\t\t\t\tborder: 2px solid #cfcfcf;\n\t\t\t}\n\t\t\t#gallery-1 .gallery-caption {\n\t\t\t\tmargin-left: 0;\n\t\t\t}\n\t\t\t\/* see gallery_shortcode() in wp-includes\/media.php *\/\n\t\t<\/style>\n\t\t<div id='gallery-1' class='gallery galleryid-3790 gallery-columns-3 gallery-size-medium'><dl class='gallery-item'>\n\t\t\t<dt class='gallery-icon landscape'>\n\t\t\t\t<a href='https:\/\/agora.xtec.cat\/ceip-molidevent\/general\/el-moli-commemora-el-dia-escolar-de-la-no-violencia-i-la-pau\/attachment\/1-mural-educacio-infantil\/'><img loading=\"lazy\" decoding=\"async\" width=\"300\" height=\"188\" src=\"https:\/\/agora.xtec.cat\/ceip-molidevent\/wp-content\/uploads\/usu1187\/2021\/01\/1.-MURAL-EDUCACI\u00d3-INFANTIL-300x188.jpg\" class=\"attachment-medium size-medium\" alt=\"\" srcset=\"https:\/\/agora.xtec.cat\/ceip-molidevent\/wp-content\/uploads\/usu1187\/2021\/01\/1.-MURAL-EDUCACI\u00d3-INFANTIL-300x188.jpg 300w, https:\/\/agora.xtec.cat\/ceip-molidevent\/wp-content\/uploads\/usu1187\/2021\/01\/1.-MURAL-EDUCACI\u00d3-INFANTIL-768x482.jpg 768w, https:\/\/agora.xtec.cat\/ceip-molidevent\/wp-content\/uploads\/usu1187\/2021\/01\/1.-MURAL-EDUCACI\u00d3-INFANTIL.jpg 959w\" sizes=\"auto, (max-width: 300px) 100vw, 300px\" \/><\/a>\n\t\t\t<\/dt><\/dl><dl class='gallery-item'>\n\t\t\t<dt class='gallery-icon landscape'>\n\t\t\t\t<a href='https:\/\/agora.xtec.cat\/ceip-molidevent\/general\/el-moli-commemora-el-dia-escolar-de-la-no-violencia-i-la-pau\/attachment\/2-cicle-inicial\/'><img loading=\"lazy\" decoding=\"async\" width=\"300\" height=\"168\" src=\"https:\/\/agora.xtec.cat\/ceip-molidevent\/wp-content\/uploads\/usu1187\/2021\/01\/2.-CICLE-INICIAL-300x168.jpg\" class=\"attachment-medium size-medium\" alt=\"\" srcset=\"https:\/\/agora.xtec.cat\/ceip-molidevent\/wp-content\/uploads\/usu1187\/2021\/01\/2.-CICLE-INICIAL-300x168.jpg 300w, https:\/\/agora.xtec.cat\/ceip-molidevent\/wp-content\/uploads\/usu1187\/2021\/01\/2.-CICLE-INICIAL-768x431.jpg 768w, https:\/\/agora.xtec.cat\/ceip-molidevent\/wp-content\/uploads\/usu1187\/2021\/01\/2.-CICLE-INICIAL.jpg 1024w\" sizes=\"auto, (max-width: 300px) 100vw, 300px\" \/><\/a>\n\t\t\t<\/dt><\/dl><dl class='gallery-item'>\n\t\t\t<dt class='gallery-icon landscape'>\n\t\t\t\t<a href='https:\/\/agora.xtec.cat\/ceip-molidevent\/general\/el-moli-commemora-el-dia-escolar-de-la-no-violencia-i-la-pau\/attachment\/3-cicle-mitja\/'><img loading=\"lazy\" decoding=\"async\" width=\"300\" height=\"259\" src=\"https:\/\/agora.xtec.cat\/ceip-molidevent\/wp-content\/uploads\/usu1187\/2021\/01\/3.-CICLE-MITJ\u00c0-300x259.jpg\" class=\"attachment-medium size-medium\" alt=\"\" srcset=\"https:\/\/agora.xtec.cat\/ceip-molidevent\/wp-content\/uploads\/usu1187\/2021\/01\/3.-CICLE-MITJ\u00c0-300x259.jpg 300w, https:\/\/agora.xtec.cat\/ceip-molidevent\/wp-content\/uploads\/usu1187\/2021\/01\/3.-CICLE-MITJ\u00c0.jpg 640w\" sizes=\"auto, (max-width: 300px) 100vw, 300px\" \/><\/a>\n\t\t\t<\/dt><\/dl><br style=\"clear: both\" \/><dl class='gallery-item'>\n\t\t\t<dt class='gallery-icon portrait'>\n\t\t\t\t<a href='https:\/\/agora.xtec.cat\/ceip-molidevent\/general\/el-moli-commemora-el-dia-escolar-de-la-no-violencia-i-la-pau\/attachment\/4-cicle-superior\/'><img loading=\"lazy\" decoding=\"async\" width=\"285\" height=\"300\" src=\"https:\/\/agora.xtec.cat\/ceip-molidevent\/wp-content\/uploads\/usu1187\/2021\/01\/4.-CICLE-SUPERIOR-285x300.jpg\" class=\"attachment-medium size-medium\" alt=\"\" srcset=\"https:\/\/agora.xtec.cat\/ceip-molidevent\/wp-content\/uploads\/usu1187\/2021\/01\/4.-CICLE-SUPERIOR-285x300.jpg 285w, https:\/\/agora.xtec.cat\/ceip-molidevent\/wp-content\/uploads\/usu1187\/2021\/01\/4.-CICLE-SUPERIOR-768x807.jpg 768w, https:\/\/agora.xtec.cat\/ceip-molidevent\/wp-content\/uploads\/usu1187\/2021\/01\/4.-CICLE-SUPERIOR.jpg 859w\" sizes=\"auto, (max-width: 285px) 100vw, 285px\" \/><\/a>\n\t\t\t<\/dt><\/dl><dl class='gallery-item'>\n\t\t\t<dt class='gallery-icon landscape'>\n\t\t\t\t<a href='https:\/\/agora.xtec.cat\/ceip-molidevent\/general\/el-moli-commemora-el-dia-escolar-de-la-no-violencia-i-la-pau\/attachment\/5-mural-primaria\/'><img loading=\"lazy\" decoding=\"async\" width=\"300\" height=\"214\" src=\"https:\/\/agora.xtec.cat\/ceip-molidevent\/wp-content\/uploads\/usu1187\/2021\/01\/5.-MURAL-PRIM\u00c0RIA-300x214.jpg\" class=\"attachment-medium size-medium\" alt=\"\" srcset=\"https:\/\/agora.xtec.cat\/ceip-molidevent\/wp-content\/uploads\/usu1187\/2021\/01\/5.-MURAL-PRIM\u00c0RIA-300x214.jpg 300w, https:\/\/agora.xtec.cat\/ceip-molidevent\/wp-content\/uploads\/usu1187\/2021\/01\/5.-MURAL-PRIM\u00c0RIA.jpg 640w\" sizes=\"auto, (max-width: 300px) 100vw, 300px\" \/><\/a>\n\t\t\t<\/dt><\/dl><dl class='gallery-item'>\n\t\t\t<dt class='gallery-icon landscape'>\n\t\t\t\t<a href='https:\/\/agora.xtec.cat\/ceip-molidevent\/general\/el-moli-commemora-el-dia-escolar-de-la-no-violencia-i-la-pau\/attachment\/6-leim\/'><img loading=\"lazy\" decoding=\"async\" width=\"300\" height=\"225\" src=\"https:\/\/agora.xtec.cat\/ceip-molidevent\/wp-content\/uploads\/usu1187\/2021\/01\/6.-LEIM-300x225.jpg\" class=\"attachment-medium size-medium\" alt=\"\" srcset=\"https:\/\/agora.xtec.cat\/ceip-molidevent\/wp-content\/uploads\/usu1187\/2021\/01\/6.-LEIM-300x225.jpg 300w, https:\/\/agora.xtec.cat\/ceip-molidevent\/wp-content\/uploads\/usu1187\/2021\/01\/6.-LEIM-200x150.jpg 200w, https:\/\/agora.xtec.cat\/ceip-molidevent\/wp-content\/uploads\/usu1187\/2021\/01\/6.-LEIM.jpg 640w\" sizes=\"auto, (max-width: 300px) 100vw, 300px\" \/><\/a>\n\t\t\t<\/dt><\/dl><br style=\"clear: both\" \/>\n\t\t<\/div>\n\n<p>La colla de Cicle Superior ha jugat al Passa-paraula de la conviv\u00e8ncia, recurs del Programa d\u2019Innnovaci\u00f3 Aquiproubullying del Departament.<\/p>\n<p>El mural\u00a0 de Prim\u00e0ria, que ja penja al porxo de l\u2019edifici principal, \u00a0amb el nom de tots els nens en estil \u201cgrafitti\u201d i la frase de la mare Teresa de Calcuta \u201cLA PAU COMEN\u00c7A AMB UN SOMRIURE\u201d, vol simbolitzar la import\u00e0ncia de la implicaci\u00f3 de tots i d\u2019una bona actitud per aconseguir una millor conviv\u00e8ncia.<\/p>\n<p>Volem agrair la col\u00b7laboraci\u00f3 de l\u2019Isaac G\u00f3mez Leim, reconegut artista de d\u2019Altafulla,\u00a0 que el dilluns a la tarda va il\u00b7lustrar l\u2019alumnat de 5\u00e8 en l\u2019art visual del grafitti i la seva t\u00e8cnica.<\/p>\n","protected":false},"excerpt":{"rendered":"<p>El 30 de gener \u00e9s el Dia Escolar de la No-viol\u00e8ncia i la Pau. A molts centres educatius es realitzen activitats que volen sensibilitzar els infants donant a con\u00e8ixer persones i grups que lluiten per la pau i la just\u00edcia al m\u00f3n, es desenvolupen din\u00e0miques&hellip;  <a href=\"https:\/\/agora.xtec.cat\/ceip-molidevent\/general\/el-moli-commemora-el-dia-escolar-de-la-no-violencia-i-la-pau\/\" title=\"Read EL MOL\u00cd COMMEMORA EL DIA ESCOLAR DE LA NO-VIOL\u00c8NCIA I LA PAU\">Llegeix m\u00e9s\u00bb<\/a><\/p>\n","protected":false},"author":1,"featured_media":0,"comment_status":"closed","ping_status":"closed","sticky":false,"template":"","format":"standard","meta":{"_bbp_topic_count":0,"_bbp_reply_count":0,"_bbp_total_topic_count":0,"_bbp_total_reply_count":0,"_bbp_voice_count":0,"_bbp_anonymous_reply_count":0,"_bbp_topic_count_hidden":0,"_bbp_reply_count_hidden":0,"_bbp_forum_subforum_count":0,"footnotes":""},"categories":[125,1,2,5],"tags":[],"class_list":["post-3790","post","type-post","status-publish","format-standard","hentry","category-20-21","category-general","category-infantil","category-primaria"],"post_mailing_queue_ids":[],"_links":{"self":[{"href":"https:\/\/agora.xtec.cat\/ceip-molidevent\/wp-json\/wp\/v2\/posts\/3790","targetHints":{"allow":["GET"]}}],"collection":[{"href":"https:\/\/agora.xtec.cat\/ceip-molidevent\/wp-json\/wp\/v2\/posts"}],"about":[{"href":"https:\/\/agora.xtec.cat\/ceip-molidevent\/wp-json\/wp\/v2\/types\/post"}],"author":[{"embeddable":true,"href":"https:\/\/agora.xtec.cat\/ceip-molidevent\/wp-json\/wp\/v2\/users\/1"}],"replies":[{"embeddable":true,"href":"https:\/\/agora.xtec.cat\/ceip-molidevent\/wp-json\/wp\/v2\/comments?post=3790"}],"version-history":[{"count":1,"href":"https:\/\/agora.xtec.cat\/ceip-molidevent\/wp-json\/wp\/v2\/posts\/3790\/revisions"}],"predecessor-version":[{"id":3797,"href":"https:\/\/agora.xtec.cat\/ceip-molidevent\/wp-json\/wp\/v2\/posts\/3790\/revisions\/3797"}],"wp:attachment":[{"href":"https:\/\/agora.xtec.cat\/ceip-molidevent\/wp-json\/wp\/v2\/media?parent=3790"}],"wp:term":[{"taxonomy":"category","embeddable":true,"href":"https:\/\/agora.xtec.cat\/ceip-molidevent\/wp-json\/wp\/v2\/categories?post=3790"},{"taxonomy":"post_tag","embeddable":true,"href":"https:\/\/agora.xtec.cat\/ceip-molidevent\/wp-json\/wp\/v2\/tags?post=3790"}],"curies":[{"name":"wp","href":"https:\/\/api.w.org\/{rel}","templated":true}]}}