{"id":3777,"date":"2021-01-15T15:41:32","date_gmt":"2021-01-15T14:41:32","guid":{"rendered":"http:\/\/agora.xtec.cat\/ceip-molidevent\/?p=3777"},"modified":"2021-10-15T16:11:29","modified_gmt":"2021-10-15T14:11:29","slug":"projecte-arbres-de-paper","status":"publish","type":"post","link":"https:\/\/agora.xtec.cat\/ceip-molidevent\/general\/projecte-arbres-de-paper\/","title":{"rendered":"PROJECTE ARBRES DE PAPER"},"content":{"rendered":"<p>La recollida selectiva del paper i cartr\u00f3 t\u00e9 com a objectiu final possibilitar-ne el reciclatge i aix\u00ed estalviar energia i mat\u00e8ries primeres respecte si el paper s&#8217;hagu\u00e9s fet partint de pasta verge a partir dels troncs dels arbres.<\/p>\n<p>Al Mol\u00ed tots els dijous fem la recollida del paper i cartr\u00f3 i el pesem per tal de saber quant arbres \u201csalvem\u201d amb aquesta acci\u00f3.<\/p>\n<p>Aquest primer trimestre hem salvat 4 arbres.<\/p>\n<p>SOSTENIBILITAT: Per un m\u00f3n millor.<\/p>\n<p><a href=\"https:\/\/agora.xtec.cat\/ceip-molidevent\/wp-content\/uploads\/usu1187\/2021\/01\/GRAELLA-1r-TRIMESTRE-4_page-0001.jpg\"><img loading=\"lazy\" decoding=\"async\" class=\" wp-image-3778 alignleft\" src=\"https:\/\/agora.xtec.cat\/ceip-molidevent\/wp-content\/uploads\/usu1187\/2021\/01\/GRAELLA-1r-TRIMESTRE-4_page-0001.jpg\" alt=\"\" width=\"768\" height=\"543\" srcset=\"https:\/\/agora.xtec.cat\/ceip-molidevent\/wp-content\/uploads\/usu1187\/2021\/01\/GRAELLA-1r-TRIMESTRE-4_page-0001.jpg 640w, https:\/\/agora.xtec.cat\/ceip-molidevent\/wp-content\/uploads\/usu1187\/2021\/01\/GRAELLA-1r-TRIMESTRE-4_page-0001-300x212.jpg 300w\" sizes=\"auto, (max-width: 768px) 100vw, 768px\" \/><\/a><\/p>\n","protected":false},"excerpt":{"rendered":"<p>La recollida selectiva del paper i cartr\u00f3 t\u00e9 com a objectiu final possibilitar-ne el reciclatge i aix\u00ed estalviar energia i mat\u00e8ries primeres respecte si el paper s&#8217;hagu\u00e9s fet partint de pasta verge a partir dels troncs dels arbres.<br \/>\nAl Mol\u00ed tots els dijous fem la recollida&hellip;  <a href=\"https:\/\/agora.xtec.cat\/ceip-molidevent\/general\/projecte-arbres-de-paper\/\" title=\"Read PROJECTE ARBRES DE PAPER\">Llegeix m\u00e9s\u00bb<\/a><\/p>\n","protected":false},"author":1,"featured_media":0,"comment_status":"closed","ping_status":"closed","sticky":false,"template":"","format":"standard","meta":{"_bbp_topic_count":0,"_bbp_reply_count":0,"_bbp_total_topic_count":0,"_bbp_total_reply_count":0,"_bbp_voice_count":0,"_bbp_anonymous_reply_count":0,"_bbp_topic_count_hidden":0,"_bbp_reply_count_hidden":0,"_bbp_forum_subforum_count":0,"footnotes":""},"categories":[125,1,2,5],"tags":[],"class_list":["post-3777","post","type-post","status-publish","format-standard","hentry","category-20-21","category-general","category-infantil","category-primaria"],"post_mailing_queue_ids":[],"_links":{"self":[{"href":"https:\/\/agora.xtec.cat\/ceip-molidevent\/wp-json\/wp\/v2\/posts\/3777","targetHints":{"allow":["GET"]}}],"collection":[{"href":"https:\/\/agora.xtec.cat\/ceip-molidevent\/wp-json\/wp\/v2\/posts"}],"about":[{"href":"https:\/\/agora.xtec.cat\/ceip-molidevent\/wp-json\/wp\/v2\/types\/post"}],"author":[{"embeddable":true,"href":"https:\/\/agora.xtec.cat\/ceip-molidevent\/wp-json\/wp\/v2\/users\/1"}],"replies":[{"embeddable":true,"href":"https:\/\/agora.xtec.cat\/ceip-molidevent\/wp-json\/wp\/v2\/comments?post=3777"}],"version-history":[{"count":1,"href":"https:\/\/agora.xtec.cat\/ceip-molidevent\/wp-json\/wp\/v2\/posts\/3777\/revisions"}],"predecessor-version":[{"id":3779,"href":"https:\/\/agora.xtec.cat\/ceip-molidevent\/wp-json\/wp\/v2\/posts\/3777\/revisions\/3779"}],"wp:attachment":[{"href":"https:\/\/agora.xtec.cat\/ceip-molidevent\/wp-json\/wp\/v2\/media?parent=3777"}],"wp:term":[{"taxonomy":"category","embeddable":true,"href":"https:\/\/agora.xtec.cat\/ceip-molidevent\/wp-json\/wp\/v2\/categories?post=3777"},{"taxonomy":"post_tag","embeddable":true,"href":"https:\/\/agora.xtec.cat\/ceip-molidevent\/wp-json\/wp\/v2\/tags?post=3777"}],"curies":[{"name":"wp","href":"https:\/\/api.w.org\/{rel}","templated":true}]}}