{"id":3763,"date":"2021-01-15T15:27:38","date_gmt":"2021-01-15T14:27:38","guid":{"rendered":"http:\/\/agora.xtec.cat\/ceip-molidevent\/?p=3763"},"modified":"2021-10-15T16:12:00","modified_gmt":"2021-10-15T14:12:00","slug":"tolls-glacats-al-pati-deducacio-infantil","status":"publish","type":"post","link":"https:\/\/agora.xtec.cat\/ceip-molidevent\/general\/tolls-glacats-al-pati-deducacio-infantil\/","title":{"rendered":"TOLLS GLA\u00c7ATS AL PATI D\u2019EDUCACI\u00d3 INFANTIL"},"content":{"rendered":"<p>Per qu\u00e8 l\u2019aigua d\u2019alguns tolls est\u00e0 gla\u00e7ada? Per qu\u00e8 es desf\u00e0 el gel? On ha anat a parar l\u2019aigua que hi havia al toll? Observant i manipulant l\u2019alumnat d\u2019Educaci\u00f3 Infantil obre les portes del saber.<\/p>\n<p>A Educaci\u00f3 Infantil, l\u2019activitat i la interacci\u00f3 amb els iguals \u00e9s un requisit indispensable per al desenvolupament i l\u2019aprenentatge. Els infants d\u2019aquesta edat aprenen i construeixen saber sobre el seu entorn amb un proc\u00e9s que requereix observaci\u00f3, manipulaci\u00f3, experimentaci\u00f3 i reflexi\u00f3.<\/p>\n<p>Les mestres d&#8217;Educaci\u00f3 Infantil aprofiten aquelles situacions que de vegades es generen de manera espont\u00e0nia per acompanyar-los en la descoberta i generar coneixement.<\/p>\n<p>La pluja i la baixada de la temperatura d\u2019aquesta primera setmana del 2n trimestre han perm\u00e8s que els nens es formulessin preguntes i poguessin experimentar sobre els canvis f\u00edsics de l\u2019aigua observant els tolls gla\u00e7ats que hi havia al pati.<\/p>\n\n\t\t<style type=\"text\/css\">\n\t\t\t#gallery-1 {\n\t\t\t\tmargin: auto;\n\t\t\t}\n\t\t\t#gallery-1 .gallery-item {\n\t\t\t\tfloat: left;\n\t\t\t\tmargin-top: 10px;\n\t\t\t\ttext-align: center;\n\t\t\t\twidth: 33%;\n\t\t\t}\n\t\t\t#gallery-1 img {\n\t\t\t\tborder: 2px solid #cfcfcf;\n\t\t\t}\n\t\t\t#gallery-1 .gallery-caption {\n\t\t\t\tmargin-left: 0;\n\t\t\t}\n\t\t\t\/* see gallery_shortcode() in wp-includes\/media.php *\/\n\t\t<\/style>\n\t\t<div id='gallery-1' class='gallery galleryid-3763 gallery-columns-3 gallery-size-medium'><dl class='gallery-item'>\n\t\t\t<dt class='gallery-icon landscape'>\n\t\t\t\t<a href='https:\/\/agora.xtec.cat\/ceip-molidevent\/general\/tolls-glacats-al-pati-deducacio-infantil\/attachment\/78f4d32a-cc6a-4c36-ae0b-e5c7b1ad7960\/'><img loading=\"lazy\" decoding=\"async\" width=\"300\" height=\"225\" src=\"https:\/\/agora.xtec.cat\/ceip-molidevent\/wp-content\/uploads\/usu1187\/2021\/01\/78f4d32a-cc6a-4c36-ae0b-e5c7b1ad7960-300x225.jpg\" class=\"attachment-medium size-medium\" alt=\"\" srcset=\"https:\/\/agora.xtec.cat\/ceip-molidevent\/wp-content\/uploads\/usu1187\/2021\/01\/78f4d32a-cc6a-4c36-ae0b-e5c7b1ad7960-300x225.jpg 300w, https:\/\/agora.xtec.cat\/ceip-molidevent\/wp-content\/uploads\/usu1187\/2021\/01\/78f4d32a-cc6a-4c36-ae0b-e5c7b1ad7960-200x150.jpg 200w, https:\/\/agora.xtec.cat\/ceip-molidevent\/wp-content\/uploads\/usu1187\/2021\/01\/78f4d32a-cc6a-4c36-ae0b-e5c7b1ad7960.jpg 640w\" sizes=\"auto, (max-width: 300px) 100vw, 300px\" \/><\/a>\n\t\t\t<\/dt><\/dl><dl class='gallery-item'>\n\t\t\t<dt class='gallery-icon portrait'>\n\t\t\t\t<a href='https:\/\/agora.xtec.cat\/ceip-molidevent\/general\/tolls-glacats-al-pati-deducacio-infantil\/attachment\/81b0f1c3-479b-497c-9716-c6180ccc30f8\/'><img loading=\"lazy\" decoding=\"async\" width=\"225\" height=\"300\" src=\"https:\/\/agora.xtec.cat\/ceip-molidevent\/wp-content\/uploads\/usu1187\/2021\/01\/81b0f1c3-479b-497c-9716-c6180ccc30f8-225x300.jpg\" class=\"attachment-medium size-medium\" alt=\"\" srcset=\"https:\/\/agora.xtec.cat\/ceip-molidevent\/wp-content\/uploads\/usu1187\/2021\/01\/81b0f1c3-479b-497c-9716-c6180ccc30f8-225x300.jpg 225w, https:\/\/agora.xtec.cat\/ceip-molidevent\/wp-content\/uploads\/usu1187\/2021\/01\/81b0f1c3-479b-497c-9716-c6180ccc30f8.jpg 480w\" sizes=\"auto, (max-width: 225px) 100vw, 225px\" \/><\/a>\n\t\t\t<\/dt><\/dl><dl class='gallery-item'>\n\t\t\t<dt class='gallery-icon landscape'>\n\t\t\t\t<a href='https:\/\/agora.xtec.cat\/ceip-molidevent\/general\/tolls-glacats-al-pati-deducacio-infantil\/attachment\/bb6fbe8d-1257-4baa-b4a3-6b52942297f1\/'><img loading=\"lazy\" decoding=\"async\" width=\"300\" height=\"253\" src=\"https:\/\/agora.xtec.cat\/ceip-molidevent\/wp-content\/uploads\/usu1187\/2021\/01\/bb6fbe8d-1257-4baa-b4a3-6b52942297f1-300x253.jpg\" class=\"attachment-medium size-medium\" alt=\"\" srcset=\"https:\/\/agora.xtec.cat\/ceip-molidevent\/wp-content\/uploads\/usu1187\/2021\/01\/bb6fbe8d-1257-4baa-b4a3-6b52942297f1-300x253.jpg 300w, https:\/\/agora.xtec.cat\/ceip-molidevent\/wp-content\/uploads\/usu1187\/2021\/01\/bb6fbe8d-1257-4baa-b4a3-6b52942297f1-768x647.jpg 768w, https:\/\/agora.xtec.cat\/ceip-molidevent\/wp-content\/uploads\/usu1187\/2021\/01\/bb6fbe8d-1257-4baa-b4a3-6b52942297f1-1024x863.jpg 1024w, https:\/\/agora.xtec.cat\/ceip-molidevent\/wp-content\/uploads\/usu1187\/2021\/01\/bb6fbe8d-1257-4baa-b4a3-6b52942297f1.jpg 1600w\" sizes=\"auto, (max-width: 300px) 100vw, 300px\" \/><\/a>\n\t\t\t<\/dt><\/dl><br style=\"clear: both\" \/><dl class='gallery-item'>\n\t\t\t<dt class='gallery-icon landscape'>\n\t\t\t\t<a href='https:\/\/agora.xtec.cat\/ceip-molidevent\/general\/tolls-glacats-al-pati-deducacio-infantil\/attachment\/c279d313-2b45-46dc-9d10-0305aa4ac64a\/'><img loading=\"lazy\" decoding=\"async\" width=\"300\" height=\"224\" src=\"https:\/\/agora.xtec.cat\/ceip-molidevent\/wp-content\/uploads\/usu1187\/2021\/01\/c279d313-2b45-46dc-9d10-0305aa4ac64a-300x224.jpg\" class=\"attachment-medium size-medium\" alt=\"\" srcset=\"https:\/\/agora.xtec.cat\/ceip-molidevent\/wp-content\/uploads\/usu1187\/2021\/01\/c279d313-2b45-46dc-9d10-0305aa4ac64a-300x224.jpg 300w, https:\/\/agora.xtec.cat\/ceip-molidevent\/wp-content\/uploads\/usu1187\/2021\/01\/c279d313-2b45-46dc-9d10-0305aa4ac64a-768x574.jpg 768w, https:\/\/agora.xtec.cat\/ceip-molidevent\/wp-content\/uploads\/usu1187\/2021\/01\/c279d313-2b45-46dc-9d10-0305aa4ac64a-1024x765.jpg 1024w, https:\/\/agora.xtec.cat\/ceip-molidevent\/wp-content\/uploads\/usu1187\/2021\/01\/c279d313-2b45-46dc-9d10-0305aa4ac64a-200x150.jpg 200w, https:\/\/agora.xtec.cat\/ceip-molidevent\/wp-content\/uploads\/usu1187\/2021\/01\/c279d313-2b45-46dc-9d10-0305aa4ac64a.jpg 1600w\" sizes=\"auto, (max-width: 300px) 100vw, 300px\" \/><\/a>\n\t\t\t<\/dt><\/dl><dl class='gallery-item'>\n\t\t\t<dt class='gallery-icon landscape'>\n\t\t\t\t<a href='https:\/\/agora.xtec.cat\/ceip-molidevent\/general\/tolls-glacats-al-pati-deducacio-infantil\/attachment\/48e040af-f53d-49e7-805e-79a15e303c60\/'><img loading=\"lazy\" decoding=\"async\" width=\"300\" height=\"224\" src=\"https:\/\/agora.xtec.cat\/ceip-molidevent\/wp-content\/uploads\/usu1187\/2021\/01\/48e040af-f53d-49e7-805e-79a15e303c60-300x224.jpg\" class=\"attachment-medium size-medium\" alt=\"\" srcset=\"https:\/\/agora.xtec.cat\/ceip-molidevent\/wp-content\/uploads\/usu1187\/2021\/01\/48e040af-f53d-49e7-805e-79a15e303c60-300x224.jpg 300w, https:\/\/agora.xtec.cat\/ceip-molidevent\/wp-content\/uploads\/usu1187\/2021\/01\/48e040af-f53d-49e7-805e-79a15e303c60-768x574.jpg 768w, https:\/\/agora.xtec.cat\/ceip-molidevent\/wp-content\/uploads\/usu1187\/2021\/01\/48e040af-f53d-49e7-805e-79a15e303c60-1024x765.jpg 1024w, https:\/\/agora.xtec.cat\/ceip-molidevent\/wp-content\/uploads\/usu1187\/2021\/01\/48e040af-f53d-49e7-805e-79a15e303c60-200x150.jpg 200w, https:\/\/agora.xtec.cat\/ceip-molidevent\/wp-content\/uploads\/usu1187\/2021\/01\/48e040af-f53d-49e7-805e-79a15e303c60.jpg 1600w\" sizes=\"auto, (max-width: 300px) 100vw, 300px\" \/><\/a>\n\t\t\t<\/dt><\/dl>\n\t\t\t<br style='clear: both' \/>\n\t\t<\/div>\n\n","protected":false},"excerpt":{"rendered":"<p>Per qu\u00e8 l\u2019aigua d\u2019alguns tolls est\u00e0 gla\u00e7ada? Per qu\u00e8 es desf\u00e0 el gel? On ha anat a parar l\u2019aigua que hi havia al toll? Observant i manipulant l\u2019alumnat d\u2019Educaci\u00f3 Infantil obre les portes del saber.<br \/>\nA Educaci\u00f3 Infantil, l\u2019activitat i la interacci\u00f3 amb els iguals \u00e9s&hellip;  <a href=\"https:\/\/agora.xtec.cat\/ceip-molidevent\/general\/tolls-glacats-al-pati-deducacio-infantil\/\" title=\"Read TOLLS GLA\u00c7ATS AL PATI D\u2019EDUCACI\u00d3 INFANTIL\">Llegeix m\u00e9s\u00bb<\/a><\/p>\n","protected":false},"author":1,"featured_media":0,"comment_status":"closed","ping_status":"closed","sticky":false,"template":"","format":"standard","meta":{"_bbp_topic_count":0,"_bbp_reply_count":0,"_bbp_total_topic_count":0,"_bbp_total_reply_count":0,"_bbp_voice_count":0,"_bbp_anonymous_reply_count":0,"_bbp_topic_count_hidden":0,"_bbp_reply_count_hidden":0,"_bbp_forum_subforum_count":0,"footnotes":""},"categories":[125,1,2],"tags":[],"class_list":["post-3763","post","type-post","status-publish","format-standard","hentry","category-20-21","category-general","category-infantil"],"post_mailing_queue_ids":[],"_links":{"self":[{"href":"https:\/\/agora.xtec.cat\/ceip-molidevent\/wp-json\/wp\/v2\/posts\/3763","targetHints":{"allow":["GET"]}}],"collection":[{"href":"https:\/\/agora.xtec.cat\/ceip-molidevent\/wp-json\/wp\/v2\/posts"}],"about":[{"href":"https:\/\/agora.xtec.cat\/ceip-molidevent\/wp-json\/wp\/v2\/types\/post"}],"author":[{"embeddable":true,"href":"https:\/\/agora.xtec.cat\/ceip-molidevent\/wp-json\/wp\/v2\/users\/1"}],"replies":[{"embeddable":true,"href":"https:\/\/agora.xtec.cat\/ceip-molidevent\/wp-json\/wp\/v2\/comments?post=3763"}],"version-history":[{"count":1,"href":"https:\/\/agora.xtec.cat\/ceip-molidevent\/wp-json\/wp\/v2\/posts\/3763\/revisions"}],"predecessor-version":[{"id":3769,"href":"https:\/\/agora.xtec.cat\/ceip-molidevent\/wp-json\/wp\/v2\/posts\/3763\/revisions\/3769"}],"wp:attachment":[{"href":"https:\/\/agora.xtec.cat\/ceip-molidevent\/wp-json\/wp\/v2\/media?parent=3763"}],"wp:term":[{"taxonomy":"category","embeddable":true,"href":"https:\/\/agora.xtec.cat\/ceip-molidevent\/wp-json\/wp\/v2\/categories?post=3763"},{"taxonomy":"post_tag","embeddable":true,"href":"https:\/\/agora.xtec.cat\/ceip-molidevent\/wp-json\/wp\/v2\/tags?post=3763"}],"curies":[{"name":"wp","href":"https:\/\/api.w.org\/{rel}","templated":true}]}}